{"id":3416,"date":"2014-02-10T21:53:00","date_gmt":"2014-02-10T21:53:00","guid":{"rendered":"https:\/\/www.bfv.cloud\/ajedrezeuropa\/index.php\/2014\/02\/10\/todo-pendiente-de-la-jornada-final-en-el-escolar-de-toledo\/"},"modified":"2025-11-20T11:00:55","modified_gmt":"2025-11-20T11:00:55","slug":"todo-pendiente-de-la-jornada-final-en-el-escolar-de-toledo","status":"publish","type":"post","link":"https:\/\/www.bfv.cloud\/ajedrezeuropa\/todo-pendiente-de-la-jornada-final-en-el-escolar-de-toledo\/","title":{"rendered":"TODO PENDIENTE DE LA JORNADA FINAL EN EL ESCOLAR DE TOLEDO"},"content":{"rendered":"<div class=\"separator\" style=\"clear: both;text-align: center\">\n<a href=\"https:\/\/www.bfv.cloud\/ajedrezeuropa\/wp-content\/uploads\/2014\/02\/escolartoledo2014002.jpg\" style=\"margin-left: 1em;margin-right: 1em\"><img fetchpriority=\"high\" decoding=\"async\" border=\"0\" src=\"https:\/\/www.bfv.cloud\/ajedrezeuropa\/wp-content\/uploads\/2014\/02\/escolartoledo2014002.jpg\" height=\"160\" width=\"640\" \/><\/a><\/div>\n<p><b><span style=\"font-size: 12pt\"><span style=\"font-family: Helvetica Neue, Arial, Helvetica, sans-serif\"><br \/><\/span><\/span><\/b><br \/>\n<b><span style=\"font-size: 12pt\"><span style=\"font-family: Helvetica Neue, Arial, Helvetica, sans-serif\">A falta de la \u00faltima jornada en la fase provincial de<br \/>\nToledo del CRDEE, todo est\u00e1 por decidir en las distintas categor\u00edas en juego.<br \/>\nEl pr\u00f3ximo s\u00e1bado, el federado sub-18 y el escolar cadete, tambi\u00e9n valedero<br \/>\npara el federado sub-16, disputar\u00e1n su \u00faltima ronda con muchas posibilidades<br \/>\nabiertas en funci\u00f3n de los resultados que se produzcan y del sorteo de los<br \/>\ndistintos desempates.<\/span><\/span><\/b><\/p>\n<h3>\n<span style=\"font-family: Helvetica Neue, Arial, Helvetica, sans-serif\"><u>Campeonato del Deporte en Edad Escolar de Toledo<br \/>\n(infantil)<\/u><\/span>&nbsp;<\/h3>\n<table cellpadding=\"0\" cellspacing=\"0\" class=\"tr-caption-container\" style=\"float: right;margin-left: 1em;text-align: right\">\n<tbody>\n<tr>\n<td style=\"text-align: center\"><a href=\"https:\/\/www.bfv.cloud\/ajedrezeuropa\/wp-content\/uploads\/2014\/02\/escolartoledo2014006.jpg\" style=\"clear: right;margin-bottom: 1em;margin-left: auto;margin-right: auto\"><img decoding=\"async\" border=\"0\" src=\"https:\/\/www.bfv.cloud\/ajedrezeuropa\/wp-content\/uploads\/2014\/02\/escolartoledo2014006.jpg\" height=\"233\" width=\"400\" \/><\/a><\/td>\n<\/tr>\n<tr>\n<td class=\"tr-caption\" style=\"text-align: center\">Diego frente a H\u00e9ctor<\/td>\n<\/tr>\n<\/tbody>\n<\/table>\n<div class=\"MsoBodyText2\">\n<span style=\"font-family: Helvetica Neue, Arial, Helvetica, sans-serif\"><b>El escolar infantil est\u00e1 con las 2 rondas finales por<br \/>\njugar, habiendo dejado el siguiente emparejamiento para la 7\u00aa, dejando indicado<br \/>\nentre par\u00e9ntesis los puntos obtenidos por cada uno de nuestros jugadores: <\/b><\/span><\/div>\n<div align=\"center\" class=\"MsoBodyText2\" style=\"text-align: center\">\n<span style=\"font-family: Helvetica Neue, Arial, Helvetica, sans-serif\"><b>Mesa 2: Mario Pe\u00f1a<br \/>\n\u2013 <span style=\"color: blue\">Irene Sim\u00f3n (5)<\/span><\/b><\/span><\/div>\n<div align=\"center\" class=\"MsoBodyText2\" style=\"text-align: center\">\n<span style=\"font-family: Helvetica Neue, Arial, Helvetica, sans-serif\"><b>Mesa 7: <span style=\"color: blue\">Iv\u00e1n Valencia (4)<\/span> \u2013 Marisa Caparros<\/b><\/span><\/div>\n<div align=\"center\" class=\"MsoBodyText2\" style=\"text-align: center\">\n<span style=\"font-family: Helvetica Neue, Arial, Helvetica, sans-serif\"><b>Mesa 15: <span style=\"color: blue\">Mar\u00eda Oliver (3 \u00bd)<\/span> \u2013 Alvaro Moreno<\/b><\/span><\/div>\n<div align=\"center\" class=\"MsoBodyText2\" style=\"text-align: center\">\n<span style=\"font-family: Helvetica Neue, Arial, Helvetica, sans-serif\"><b>Mesa 16: Santiago<br \/>\nBenito \u2013 <span style=\"color: blue\">Diego Carrero (3)<\/span><\/b><\/span><\/div>\n<div align=\"center\" class=\"MsoBodyText2\" style=\"text-align: center\">\n<span style=\"font-family: Helvetica Neue, Arial, Helvetica, sans-serif\"><b>Mesa 21: Adri\u00e1n<br \/>\nRodr\u00edguez \u2013 <span style=\"color: blue\">Oscar Roncero (3)<\/span><\/b><\/span><\/div>\n<div align=\"center\" class=\"MsoBodyText2\" style=\"text-align: center\">\n<span style=\"font-family: Helvetica Neue, Arial, Helvetica, sans-serif\"><b>Mesa 29: <span style=\"color: blue\">\u00c1lvaro Alberca (2)<\/span> \u2013 Ra\u00fal Valverde<\/b><\/span><\/div>\n<div align=\"center\" class=\"MsoBodyText2\" style=\"text-align: center\">\n<span style=\"font-family: Helvetica Neue, Arial, Helvetica, sans-serif\"><b>Mesa 35: <span style=\"color: blue\">Juan Francisco Mar\u00edn (1 \u00bd ) <\/span>\u2013 Enrique Terr\u00f3n<\/b><\/span><\/div>\n<div align=\"center\" class=\"MsoBodyText2\" style=\"text-align: center\">\n<span style=\"font-family: Helvetica Neue, Arial, Helvetica, sans-serif\"><b>Mesa 36 : <span style=\"color: blue\">H\u00e9ctor Nieves (1 \u00bd )<\/span> \u2013 Andr\u00e9s S\u00e1nchez<\/b><\/span><\/div>\n<table cellpadding=\"0\" cellspacing=\"0\" class=\"tr-caption-container\" style=\"float: left;margin-right: 1em;text-align: left\">\n<tbody>\n<tr>\n<td style=\"text-align: center\"><a href=\"https:\/\/www.bfv.cloud\/ajedrezeuropa\/wp-content\/uploads\/2014\/02\/escolartoledo2014009.jpg\" style=\"clear: left;margin-bottom: 1em;margin-left: auto;margin-right: auto\"><img decoding=\"async\" border=\"0\" src=\"https:\/\/www.bfv.cloud\/ajedrezeuropa\/wp-content\/uploads\/2014\/02\/escolartoledo2014009.jpg\" height=\"252\" width=\"400\" \/><\/a><\/td>\n<\/tr>\n<tr>\n<td class=\"tr-caption\" style=\"text-align: center\">\u00c1lvaro con negras en una de sus partidas<\/td>\n<\/tr>\n<\/tbody>\n<\/table>\n<div class=\"MsoBodyText2\">\n<span style=\"font-family: Helvetica Neue, Arial, Helvetica, sans-serif\"><b>Como todos los a\u00f1os en Toledo, de la clasificaci\u00f3n final<br \/>\ntambi\u00e9n saldr\u00e1n los campeones y campeonas de las categor\u00edas por edades desde<br \/>\nsub-10 a sub-18, en funci\u00f3n de los jugadores que hayan abonado las correspondientes<br \/>\nlicencias federativas.<\/b><\/span><\/div>\n<h3>\n<span style=\"font-family: Helvetica Neue, Arial, Helvetica, sans-serif\"><u><br \/><\/u><\/span><\/h3>\n<h3>\n<span style=\"font-family: Helvetica Neue, Arial, Helvetica, sans-serif\"><u><br \/><\/u><\/span><\/h3>\n<h3>\n<span style=\"font-family: Helvetica Neue, Arial, Helvetica, sans-serif\"><u><br \/><\/u><\/span><\/h3>\n<h3>\n<span style=\"font-family: Helvetica Neue, Arial, Helvetica, sans-serif\"><u>Campeonato del Deporte en Edad Escolar de Toledo<br \/>\n(cadete)<\/u><\/span><b style=\"text-align: justify;text-indent: 35.4pt\"><span>&nbsp;<\/span><\/b><\/h3>\n<div class=\"MsoBodyTextIndent\" style=\"text-indent: 0cm\">\n<span style=\"font-family: Helvetica Neue, Arial, Helvetica, sans-serif\"><b>Con la 6\u00aa ronda pendiente,<br \/>\ncasi nada hay decidido en ninguna de las categor\u00edas. La lucha por las 6 plazas,<br \/>\n3 chicos y 3 chicas, que dan acceso a la fase regional del escolar est\u00e1 muy<br \/>\nabierta y es cosa de una decena de jugadores todav\u00eda. Por otra parte, el t\u00edtulo<br \/>\nde campe\u00f3n masculino y femenino del sub-16 permanece abierto, centr\u00e1ndose la<br \/>\npugna en 3 chicos y 4 chicas que, a buen seguro, pelear\u00e1n sus opciones hasta el<br \/>\n\u00faltimo movimiento. El enfrentamiento de nuestra jugadoras para la ronda<br \/>\ndefinitiva es:<\/b><\/span><\/div>\n<div style=\"text-align: center\">\n<b><span style=\"font-family: Helvetica Neue, Arial, Helvetica, sans-serif\">Mesa 4: <span style=\"color: blue\">Silvia Toribio (3)<\/span> \u2013 Andr\u00e9s Mart\u00edn<\/span><\/b><\/div>\n<div style=\"text-align: center\">\n<b><b><span style=\"font-family: Helvetica Neue, Arial, Helvetica, sans-serif\">Mesa 7: Diego Caparros \u2013 <span style=\"color: blue\">Alba P\u00edriz (2)<\/span><\/span><\/b>&nbsp;<\/b><\/div>\n<p><b><br \/>\n<\/b><\/p>\n<h3>\n<span style=\"font-size: 16pt\"><span style=\"font-family: Helvetica Neue, Arial, Helvetica, sans-serif\"><u>Campeonato Provincial de Toledo Sub-18<\/u><\/span><\/span><span style=\"font-family: Helvetica Neue, Arial, Helvetica, sans-serif\"><u>&nbsp;<\/u><\/span><\/h3>\n<div class=\"MsoBodyText2\">\n<span style=\"font-family: Helvetica Neue, Arial, Helvetica, sans-serif\"><b>Incluso el sub-18, con tan s\u00f3lo 8 jugadores, va a contar<br \/>\ncon emoci\u00f3n en todas sus partidas. Para la 5\u00aa y definitiva ronda los<br \/>\nemparejamientos han quedado as\u00ed:<\/b><\/span><\/div>\n<div align=\"center\" class=\"MsoBodyText2\" style=\"text-align: center\">\n<span style=\"font-family: Helvetica Neue, Arial, Helvetica, sans-serif\"><b>Mesa 1: Jaime<br \/>\nL\u00f3pez \u2013 <span style=\"color: blue\">Jes\u00fas M\u00aa Bricio (2)<\/span><\/b><\/span><\/div>\n<div align=\"center\" class=\"MsoBodyText2\" style=\"text-align: center\">\n<span style=\"font-family: Helvetica Neue, Arial, Helvetica, sans-serif\"><b>Mesa 2: <span style=\"color: blue\">Isaac Lozano (3)<\/span> \u2013 Natalia Rivera<\/b><\/span><u><span style=\"font-size: 18pt\"><\/span><\/u><\/div>\n","protected":false},"excerpt":{"rendered":"<p>A falta de la \u00faltima jornada en la fase provincial de Toledo del CRDEE, todo est\u00e1 por decidir en las distintas categor\u00edas en juego. El pr\u00f3ximo s\u00e1bado, el federado sub-18 y el escolar cadete, tambi\u00e9n valedero para el federado sub-16, disputar\u00e1n su \u00faltima ronda con muchas posibilidades abiertas en funci\u00f3n de los resultados que se [&hellip;]<\/p>\n","protected":false},"author":1,"featured_media":3417,"comment_status":"open","ping_status":"closed","sticky":false,"template":"","format":"standard","meta":{"footnotes":""},"categories":[1],"tags":[],"class_list":["post-3416","post","type-post","status-publish","format-standard","has-post-thumbnail","hentry","category-noticias"],"_links":{"self":[{"href":"https:\/\/www.bfv.cloud\/ajedrezeuropa\/wp-json\/wp\/v2\/posts\/3416","targetHints":{"allow":["GET"]}}],"collection":[{"href":"https:\/\/www.bfv.cloud\/ajedrezeuropa\/wp-json\/wp\/v2\/posts"}],"about":[{"href":"https:\/\/www.bfv.cloud\/ajedrezeuropa\/wp-json\/wp\/v2\/types\/post"}],"author":[{"embeddable":true,"href":"https:\/\/www.bfv.cloud\/ajedrezeuropa\/wp-json\/wp\/v2\/users\/1"}],"replies":[{"embeddable":true,"href":"https:\/\/www.bfv.cloud\/ajedrezeuropa\/wp-json\/wp\/v2\/comments?post=3416"}],"version-history":[{"count":1,"href":"https:\/\/www.bfv.cloud\/ajedrezeuropa\/wp-json\/wp\/v2\/posts\/3416\/revisions"}],"predecessor-version":[{"id":3420,"href":"https:\/\/www.bfv.cloud\/ajedrezeuropa\/wp-json\/wp\/v2\/posts\/3416\/revisions\/3420"}],"wp:featuredmedia":[{"embeddable":true,"href":"https:\/\/www.bfv.cloud\/ajedrezeuropa\/wp-json\/wp\/v2\/media\/3417"}],"wp:attachment":[{"href":"https:\/\/www.bfv.cloud\/ajedrezeuropa\/wp-json\/wp\/v2\/media?parent=3416"}],"wp:term":[{"taxonomy":"category","embeddable":true,"href":"https:\/\/www.bfv.cloud\/ajedrezeuropa\/wp-json\/wp\/v2\/categories?post=3416"},{"taxonomy":"post_tag","embeddable":true,"href":"https:\/\/www.bfv.cloud\/ajedrezeuropa\/wp-json\/wp\/v2\/tags?post=3416"}],"curies":[{"name":"wp","href":"https:\/\/api.w.org\/{rel}","templated":true}]}}