{"id":3421,"date":"2017-03-23T14:43:00","date_gmt":"2017-03-23T14:43:00","guid":{"rendered":"https:\/\/www.bfv.cloud\/ajedrezeuropa\/index.php\/2017\/03\/23\/preparada-nuestra-participacion-en-el-regional-por-edades\/"},"modified":"2025-11-20T11:00:56","modified_gmt":"2025-11-20T11:00:56","slug":"preparada-nuestra-participacion-en-el-regional-por-edades","status":"publish","type":"post","link":"https:\/\/www.bfv.cloud\/ajedrezeuropa\/preparada-nuestra-participacion-en-el-regional-por-edades\/","title":{"rendered":"PREPARADA NUESTRA PARTICIPACI\u00d3N EN EL REGIONAL POR EDADES"},"content":{"rendered":"<div class=\"separator\" style=\"clear: both;text-align: center\">\n<a href=\"https:\/\/www.bfv.cloud\/ajedrezeuropa\/wp-content\/uploads\/2017\/03\/CartelRegionalCategorias2017.png\" style=\"clear: right;float: right;margin-bottom: 1em;margin-left: 1em\"><img fetchpriority=\"high\" decoding=\"async\" border=\"0\" height=\"640\" src=\"https:\/\/blogger.googleusercontent.com\/img\/b\/R29vZ2xl\/AVvXsEh0gTBmQwyt7DC9Bu0CHMW3nUXMuiYw5UY30SdE-01SC1CSHWcAHjmZcTYCsS_fB6gvXafVlOpvtEQ5EE4nL3dQMlhWbOXnrVK9hCe2P0EFGnhi8NBji_ldXiIQrrlSAw9tKXXoBcyn-hk\/s640\/Cartel+Regional+Categorias+2017.png\" width=\"448\" \/><\/a><\/div>\n<p><span style=\"color: #20124d;font-family: Verdana, sans-serif;font-size: large\">Del 7 al 10 de abril el hotel Guadiana de Ciudad Real acoger\u00e1 el Campeonato de Castilla-La Mancha por Edades. Ser\u00e1n <b>19<\/b> los ajedrecistas de nuestras escuelas de <b>Alc\u00e1zar <\/b>y<b> Villafranca<\/b> que participar\u00e1n en esta nueva edici\u00f3n. Desde el sub-18 al sub-10, 13 chicos y 6 chicas agrupados en el <i><b>proyecto<\/b> <b>Nuestro Ajedrez en Europa<\/b><\/i>, medir\u00e1n sus fuerzas con los jugadores m\u00e1s destacados de la regi\u00f3n de cada grupo de edad. Cuando todav\u00eda no ha finalizado el provincial por categor\u00edas de Ciudad Real, ya est\u00e1n preparados los 19 participantes de nuestros clubes. Los 10 jugadores de <b>Nuestro Ajedrez por la Igualdad<\/b> son los siguientes: <u>Isabel Marcos-Alberca<\/u>, <u>Enrique Velasco<\/u> y <u>Pablo Vela<\/u> en el sub-16; <u>Mar\u00eda Oliver<\/u>, <u>Clara Vela<\/u> y <u>Roberto Yeghiazaryan<\/u> en el sub-14; <u>Nuria Lozano<\/u>, <u>Marta Vela<\/u>, <u>Alonso L\u00f3pez<\/u> y <u>Gabriel Amador<\/u> en el sub-12. Por su parte, <b>Nuestro Ajedrez en Europa<\/b>, con 9 jugadores, estar\u00e1 representado en todas las categor\u00edas desde el sub-18 al sub-10. En sub-18: <u>Javier Valdepe\u00f1as<\/u> e <u>Irene Sim\u00f3n<\/u>; en sub-16: <u>Roberto L\u00f3pez<\/u> y <u>Julio M\u00e9rida<\/u>; en sub-14: <u>Alfredo Amador<\/u>, <u>Arsenio L\u00f3pez<\/u> y <u>Daniel Climent<\/u>; en sub-12: <u>Carlos P\u00e9rez<\/u>; en sub-10: <u>\u00c1ngel Javier Pozos<\/u>.<\/span><br \/>\n<span style=\"color: #20124d;font-family: Verdana, sans-serif;font-size: large\">Los entrenadores y preparadores que los acompa\u00f1ar\u00e1n en esta ocasi\u00f3n son los monitores nacionales FEDA:&nbsp;<i><u>Luismi Monreal<\/u><\/i> y <i><u>Silvia Toribio<\/u><\/i>.<\/span><\/p>\n<div style=\"text-align: center\">\n<span style=\"color: #20124d;font-family: Verdana, sans-serif;font-size: large\">\u00a1\u00a1Buen torneo para todos!!<\/span><\/div>\n<div style=\"text-align: center\">\n<span style=\"color: #20124d;font-family: Verdana, sans-serif;font-size: large\"><br \/><\/span><\/div>\n<div style=\"text-align: left\">\n<span style=\"color: #20124d;font-family: Verdana, sans-serif\">Se pueden seguir las inscripciones y los distintos torneos en los siguientes enlaces de INFO64:<\/span><\/div>\n<div style=\"text-align: center\">\n<span style=\"font-family: Verdana, sans-serif\"><a href=\"https:\/\/info64.org\/autonomico-sub10-castilla-la-mancha\"><span style=\"color: #660000\">CATEGOR\u00cdA SUB-10<\/span><\/a><\/span><\/div>\n<div style=\"text-align: center\">\n<\/div>\n<div style=\"text-align: center\">\n<span style=\"font-family: Verdana, sans-serif\"><a href=\"https:\/\/info64.org\/autonomico-sub12-castilla-la-mancha\"><span style=\"color: #783f04\">CATEGOR\u00cdA SUB-12<\/span><\/a><\/span><\/div>\n<div style=\"text-align: center\">\n<span style=\"font-family: Verdana, sans-serif\"><br \/><\/span><\/div>\n<div style=\"text-align: center\">\n<span style=\"color: #7f6000;font-family: Verdana, sans-serif\"><a href=\"https:\/\/info64.org\/autonomico-sub14-castilla-la-mancha\">CATEGOR\u00cdA SUB-14<\/a><\/span><\/div>\n<div style=\"text-align: center\">\n<\/div>\n<div style=\"text-align: center\">\n<span style=\"font-family: Verdana, sans-serif\"><a href=\"https:\/\/info64.org\/autonomico-sub16-castilla-la-mancha\"><span style=\"color: #274e13\">CATEGOR\u00cdA SUB-16<\/span><\/a><\/span><\/div>\n<div style=\"text-align: center\">\n<span style=\"font-family: Verdana, sans-serif\"><br \/><\/span><\/div>\n<div style=\"text-align: center\">\n<span style=\"font-family: Verdana, sans-serif\"><a href=\"https:\/\/info64.org\/autonomico-sub18-castilla-la-mancha\"><span style=\"color: #4c1130\">CATEGOR\u00cdA SUB-18<\/span><\/a><\/span><\/div>\n<div style=\"text-align: center\">\n<\/div>\n","protected":false},"excerpt":{"rendered":"<p>Del 7 al 10 de abril el hotel Guadiana de Ciudad Real acoger\u00e1 el Campeonato de Castilla-La Mancha por Edades. Ser\u00e1n 19 los ajedrecistas de nuestras escuelas de Alc\u00e1zar y Villafranca que participar\u00e1n en esta nueva edici\u00f3n. Desde el sub-18 al sub-10, 13 chicos y 6 chicas agrupados en el proyecto Nuestro Ajedrez en Europa, [&hellip;]<\/p>\n","protected":false},"author":1,"featured_media":3422,"comment_status":"open","ping_status":"closed","sticky":false,"template":"","format":"standard","meta":{"footnotes":""},"categories":[1],"tags":[],"class_list":["post-3421","post","type-post","status-publish","format-standard","has-post-thumbnail","hentry","category-noticias"],"_links":{"self":[{"href":"https:\/\/www.bfv.cloud\/ajedrezeuropa\/wp-json\/wp\/v2\/posts\/3421","targetHints":{"allow":["GET"]}}],"collection":[{"href":"https:\/\/www.bfv.cloud\/ajedrezeuropa\/wp-json\/wp\/v2\/posts"}],"about":[{"href":"https:\/\/www.bfv.cloud\/ajedrezeuropa\/wp-json\/wp\/v2\/types\/post"}],"author":[{"embeddable":true,"href":"https:\/\/www.bfv.cloud\/ajedrezeuropa\/wp-json\/wp\/v2\/users\/1"}],"replies":[{"embeddable":true,"href":"https:\/\/www.bfv.cloud\/ajedrezeuropa\/wp-json\/wp\/v2\/comments?post=3421"}],"version-history":[{"count":1,"href":"https:\/\/www.bfv.cloud\/ajedrezeuropa\/wp-json\/wp\/v2\/posts\/3421\/revisions"}],"predecessor-version":[{"id":3423,"href":"https:\/\/www.bfv.cloud\/ajedrezeuropa\/wp-json\/wp\/v2\/posts\/3421\/revisions\/3423"}],"wp:featuredmedia":[{"embeddable":true,"href":"https:\/\/www.bfv.cloud\/ajedrezeuropa\/wp-json\/wp\/v2\/media\/3422"}],"wp:attachment":[{"href":"https:\/\/www.bfv.cloud\/ajedrezeuropa\/wp-json\/wp\/v2\/media?parent=3421"}],"wp:term":[{"taxonomy":"category","embeddable":true,"href":"https:\/\/www.bfv.cloud\/ajedrezeuropa\/wp-json\/wp\/v2\/categories?post=3421"},{"taxonomy":"post_tag","embeddable":true,"href":"https:\/\/www.bfv.cloud\/ajedrezeuropa\/wp-json\/wp\/v2\/tags?post=3421"}],"curies":[{"name":"wp","href":"https:\/\/api.w.org\/{rel}","templated":true}]}}