{"id":3424,"date":"2011-03-18T22:57:00","date_gmt":"2011-03-18T22:57:00","guid":{"rendered":"https:\/\/www.bfv.cloud\/ajedrezeuropa\/index.php\/2011\/03\/18\/excelente-actuacion-de-nuestro-equipo-en-el-regional-absoluto\/"},"modified":"2025-11-20T11:00:58","modified_gmt":"2025-11-20T11:00:58","slug":"excelente-actuacion-de-nuestro-equipo-en-el-regional-absoluto","status":"publish","type":"post","link":"https:\/\/www.bfv.cloud\/ajedrezeuropa\/excelente-actuacion-de-nuestro-equipo-en-el-regional-absoluto\/","title":{"rendered":"EXCELENTE ACTUACI\u00d3N DE NUESTRO EQUIPO EN EL REGIONAL ABSOLUTO"},"content":{"rendered":"<div class=\"separator\" style=\"clear: both;text-align: center\"><a href=\"https:\/\/www.bfv.cloud\/ajedrezeuropa\/wp-content\/uploads\/2011\/03\/viewerCAOXXFPX.png\" style=\"margin-left: 1em;margin-right: 1em\"><img fetchpriority=\"high\" decoding=\"async\" border=\"0\" height=\"300\" src=\"https:\/\/blogger.googleusercontent.com\/img\/b\/R29vZ2xl\/AVvXsEgWaNHC-vFcvL9DbFb7Ixxp2sZyva0p5ZEapGYYjSQmSXAyqMELbKA2_xjRNKJeEbbfkaZyQ8zAD9A3T4rBwTaVwmneD_wUf7u3tAD3p4l2dyv_9E4XzwDTlB0UU0Q4NtTQIlmihay-KMY\/s400\/viewerCAOXXFPX.png\" width=\"400\" \/><\/a><\/div>\n<div class=\"separator\" style=\"clear: both;text-align: center\"><strong><span style=\", Arial, Helvetica, sans-serif\">Llegada la mitad del Campeonato Regional por Equipos Absoluto, \u00abNuestro Ajedrez en Europa\u00bb, ocupa la 4\u00aa posici\u00f3n con 7,5 puntos s\u00f3lo por detras de Almagro (1\u00ba con 9 puntos), Tarazona (2\u00ba con 8,5 puntos) y Talavera (3\u00ba con 8 puntos). La magn\u00edfica progresi\u00f3n de nuestros chicos les ha hecho escalar desde el 11\u00ba lugar del ranking inicial hasta esta 4\u00aa plaza, gracias a las victorias sobre los 2&nbsp;clubes de Guadalajara presentes en esta final&nbsp;y al empate con el de Almansa. En concreto, estos son los resultados:<\/span><\/strong><\/div>\n<div class=\"separator\" style=\"clear: both;text-align: center\">\n<\/div>\n<div class=\"separator\" style=\"clear: both;text-align: center\"><strong><span style=\"font-family: Arial\">Ronda 1.-&nbsp;<span style=\"color: lime\">NUESTRO AJEDREZ EN EUROPA<\/span> &nbsp;<u><span style=\"color: red\">2 &#8211; 2 <\/span><\/u>ALMANSA<\/span><\/strong><\/div>\n<div class=\"separator\" style=\"clear: both;text-align: center\"><strong><span style=\"font-family: Arial\">Ronda 2.- UNED&nbsp; <span style=\"color: red\"><u>1,5 &#8211; 2,5<\/u><\/span> <span style=\"color: lime\">NUESTRO AJEDREZ EN EUROPA<\/span><\/span><\/strong><\/div>\n<div class=\"separator\" style=\"clear: both;text-align: center\"><strong><span style=\"font-family: Arial\">Ronda 3.- <span style=\"color: lime\">NUESTRO AJEDREZ EN EUROPA<\/span>&nbsp; <span style=\"color: red\"><u>3 &#8211; 1<\/u><\/span> CARO KANN<\/span><\/strong><\/div>\n<div class=\"separator\" style=\"clear: both;text-align: center\">\n<\/div>\n<div class=\"separator\" style=\"clear: both;text-align: center\"><strong><span style=\"font-family: Arial\">Los 6 chicos que forman parte de nuestro equipo tienen la media de edad m\u00e1s joven de todo el campeonato con una notable diferencia. Tras los enfrentamientos con el 5\u00ba, el 3\u00ba y el 10\u00ba del ranking inicial, la 4\u00aa ronda nos ha emparejado con el Club de Tarazona<\/span><\/strong><\/div>\n<div class=\"separator\" style=\"clear: both;text-align: center\"><strong><span style=\"font-family: Arial\">&nbsp;(2\u00ba clasificado y actual campe\u00f3n provincial de Albacete).<\/span><\/strong><\/div>\n<div class=\"separator\" style=\"clear: both;text-align: center\"><strong><span style=\"font-family: Arial\">Desde hace a\u00f1os la planificaci\u00f3n deportiva de nuestro club ha inclu\u00eddo la disputa de esta competici\u00f3n, a pesar de no tener espectativas de victoria, porque hemos considerado la importancia del aprendizaje por encima de todo, m\u00e1s all\u00e1 del falso<\/span><\/strong><\/div>\n<div class=\"separator\" style=\"clear: both;text-align: center\"><strong><span style=\"font-family: Arial\">\u00abfavoritismo aventurado por el elo\u00bb <\/span><\/strong><\/div>\n<div class=\"separator\" style=\"clear: both;text-align: center\"><strong><span style=\"font-family: Arial\">que dir\u00eda un necio.<\/span><\/strong><\/div>\n","protected":false},"excerpt":{"rendered":"<p>Llegada la mitad del Campeonato Regional por Equipos Absoluto, \u00abNuestro Ajedrez en Europa\u00bb, ocupa la 4\u00aa posici\u00f3n con 7,5 puntos s\u00f3lo por detras de Almagro (1\u00ba con 9 puntos), Tarazona (2\u00ba con 8,5 puntos) y Talavera (3\u00ba con 8 puntos). La magn\u00edfica progresi\u00f3n de nuestros chicos les ha hecho escalar desde el 11\u00ba lugar del [&hellip;]<\/p>\n","protected":false},"author":1,"featured_media":3425,"comment_status":"open","ping_status":"closed","sticky":false,"template":"","format":"standard","meta":{"footnotes":""},"categories":[1],"tags":[],"class_list":["post-3424","post","type-post","status-publish","format-standard","has-post-thumbnail","hentry","category-noticias"],"_links":{"self":[{"href":"https:\/\/www.bfv.cloud\/ajedrezeuropa\/wp-json\/wp\/v2\/posts\/3424","targetHints":{"allow":["GET"]}}],"collection":[{"href":"https:\/\/www.bfv.cloud\/ajedrezeuropa\/wp-json\/wp\/v2\/posts"}],"about":[{"href":"https:\/\/www.bfv.cloud\/ajedrezeuropa\/wp-json\/wp\/v2\/types\/post"}],"author":[{"embeddable":true,"href":"https:\/\/www.bfv.cloud\/ajedrezeuropa\/wp-json\/wp\/v2\/users\/1"}],"replies":[{"embeddable":true,"href":"https:\/\/www.bfv.cloud\/ajedrezeuropa\/wp-json\/wp\/v2\/comments?post=3424"}],"version-history":[{"count":1,"href":"https:\/\/www.bfv.cloud\/ajedrezeuropa\/wp-json\/wp\/v2\/posts\/3424\/revisions"}],"predecessor-version":[{"id":3426,"href":"https:\/\/www.bfv.cloud\/ajedrezeuropa\/wp-json\/wp\/v2\/posts\/3424\/revisions\/3426"}],"wp:featuredmedia":[{"embeddable":true,"href":"https:\/\/www.bfv.cloud\/ajedrezeuropa\/wp-json\/wp\/v2\/media\/3425"}],"wp:attachment":[{"href":"https:\/\/www.bfv.cloud\/ajedrezeuropa\/wp-json\/wp\/v2\/media?parent=3424"}],"wp:term":[{"taxonomy":"category","embeddable":true,"href":"https:\/\/www.bfv.cloud\/ajedrezeuropa\/wp-json\/wp\/v2\/categories?post=3424"},{"taxonomy":"post_tag","embeddable":true,"href":"https:\/\/www.bfv.cloud\/ajedrezeuropa\/wp-json\/wp\/v2\/tags?post=3424"}],"curies":[{"name":"wp","href":"https:\/\/api.w.org\/{rel}","templated":true}]}}