{"id":3429,"date":"2014-09-01T22:41:00","date_gmt":"2014-09-01T22:41:00","guid":{"rendered":"https:\/\/www.bfv.cloud\/ajedrezeuropa\/index.php\/2014\/09\/01\/dos-grandes-torneos-para-jovenes-ajedrecistas-abren-la-feria-de-alcazar\/"},"modified":"2025-11-20T11:01:10","modified_gmt":"2025-11-20T11:01:10","slug":"dos-grandes-torneos-para-jovenes-ajedrecistas-abren-la-feria-de-alcazar","status":"publish","type":"post","link":"https:\/\/www.bfv.cloud\/ajedrezeuropa\/dos-grandes-torneos-para-jovenes-ajedrecistas-abren-la-feria-de-alcazar\/","title":{"rendered":"DOS GRANDES TORNEOS PARA J\u00d3VENES AJEDRECISTAS ABREN LA FERIA DE ALC\u00c1ZAR"},"content":{"rendered":"<table align=\"center\" cellpadding=\"0\" cellspacing=\"0\" class=\"tr-caption-container\" style=\"margin-left: auto;margin-right: auto;text-align: center\">\n<tbody>\n<tr>\n<td style=\"text-align: center\"><a href=\"https:\/\/www.bfv.cloud\/ajedrezeuropa\/wp-content\/uploads\/2014\/09\/SAM_1038.jpg\" style=\"margin-left: auto;margin-right: auto\"><img fetchpriority=\"high\" decoding=\"async\" border=\"0\" src=\"https:\/\/www.bfv.cloud\/ajedrezeuropa\/wp-content\/uploads\/2014\/09\/SAM_1038.jpg\" height=\"268\" width=\"640\" \/><\/a><\/td>\n<\/tr>\n<tr>\n<td class=\"tr-caption\" style=\"text-align: center\">Una imagen del torneo sub-16<\/td>\n<\/tr>\n<\/tbody>\n<\/table>\n<h4>\n<span style=\"font-family: Georgia, Times New Roman, serif\">El \u00faltimo d\u00eda de agosto<br \/>\nha servido para celebrar uno de los torneos m\u00e1s esperados para los j\u00f3venes<br \/>\naficionados al ajedrez de Castilla-La Mancha en Alc\u00e1zar de San Juan. La 12\u00aa<br \/>\nedici\u00f3n del torneo de feria ha congregado a m\u00e1s de medio centenar de chicos y<br \/>\nchicas menores de 20 a\u00f1os, representando a los 7 equipos que participaban entre<br \/>\nla competici\u00f3n sub-16 y la sub-20.&nbsp;<\/span><\/h4>\n<h4>\n<span style=\"font-family: Georgia, Times New Roman, serif\"><\/p>\n<table cellpadding=\"0\" cellspacing=\"0\" class=\"tr-caption-container\" style=\"float: right;margin-left: 1em;text-align: right\">\n<tbody>\n<tr>\n<td style=\"text-align: center\"><a href=\"https:\/\/www.bfv.cloud\/ajedrezeuropa\/wp-content\/uploads\/2014\/09\/SAM_1036.jpg\" style=\"clear: right;margin-bottom: 1em;margin-left: auto;margin-right: auto\"><img decoding=\"async\" border=\"0\" src=\"https:\/\/www.bfv.cloud\/ajedrezeuropa\/wp-content\/uploads\/2014\/09\/SAM_1036.jpg\" height=\"193\" width=\"400\" \/><\/a><\/td>\n<\/tr>\n<tr>\n<td class=\"tr-caption\" style=\"text-align: center\">Los participantes del torneo sub-20<\/td>\n<\/tr>\n<\/tbody>\n<\/table>\n<p><\/span><\/h4>\n<h4>\n<span style=\"font-family: Georgia, Times New Roman, serif\">El torneo para la categor\u00eda juvenil reun\u00eda a<br \/>\n13 ajedrecistas de 3 clubes diferentes, resultando ganador el equipo de NUESTRO<br \/>\nAJEDREZ EN EUROPA que integraban: Santiago Talavera Garc\u00eda, que tambi\u00e9n fue<br \/>\ncampe\u00f3n individual, Daniel P\u00edriz Fern\u00e1ndez, Isaac Lozano Osorio y Jorge Sim\u00f3n<br \/>\nEscalona. En segunda posici\u00f3n quedaba TOMELLOSO que acudieron representados<br \/>\npor: Iv\u00e1n Moreno, Clara L\u00f3pez y Jos\u00e9 M\u00aa Quiralte; mientras que la tercera plaza<br \/>\nla ocupaba el equipo de NUESTRO AJEDREZ POR LA IGUALDAD, con Cosimo Leonardo De<br \/>\nGiorgi, Jos\u00e9 \u00c1ngel Vela, Manuel Marcos-Alberca, An\u00edbal Pedraza, Rub\u00e9n Escribano<br \/>\ny Fernando Marcos-Alberca, como jugadores.<\/span><\/h4>\n<table cellpadding=\"0\" cellspacing=\"0\" class=\"tr-caption-container\" style=\"float: left;margin-right: 1em;text-align: left\">\n<tbody>\n<tr>\n<td style=\"text-align: center\"><a href=\"https:\/\/www.bfv.cloud\/ajedrezeuropa\/wp-content\/uploads\/2014\/09\/SAM_1051.jpg\" style=\"clear: left;margin-bottom: 1em;margin-left: auto;margin-right: auto\"><img decoding=\"async\" border=\"0\" src=\"https:\/\/www.bfv.cloud\/ajedrezeuropa\/wp-content\/uploads\/2014\/09\/SAM_1051.jpg\" height=\"185\" width=\"640\" \/><\/a><\/td>\n<\/tr>\n<tr>\n<td class=\"tr-caption\" style=\"text-align: center\">El equipo campe\u00f3n de la categor\u00eda sub-20 recogiendo su trofeo<\/td>\n<\/tr>\n<\/tbody>\n<\/table>\n<h4>\n<span style=\"font-family: Georgia, Times New Roman, serif\">&nbsp;Para esta clasificaci\u00f3n por equipos<br \/>\nse tomaban los 3 mejores resultados individuales despu\u00e9s de jugarse las 5<br \/>\nrondas previstas. Todos estos jugadores forman parte de la reciente historia de<br \/>\nsus clubes, pasando por jugar distintas competiciones nacionales, y sirviendo<br \/>\nde referente para los ni\u00f1os y ni\u00f1as que hacen sus primeros movimientos en la<br \/>\ncompetici\u00f3n.<\/span><\/p>\n<table cellpadding=\"0\" cellspacing=\"0\" class=\"tr-caption-container\" style=\"float: right;text-align: right\">\n<tbody>\n<tr>\n<td style=\"text-align: center\"><a href=\"https:\/\/www.bfv.cloud\/ajedrezeuropa\/wp-content\/uploads\/2014\/09\/SAM_1048.jpg\" style=\"clear: right;margin-bottom: 1em;margin-left: auto;margin-right: auto\"><img loading=\"lazy\" decoding=\"async\" border=\"0\" src=\"https:\/\/www.bfv.cloud\/ajedrezeuropa\/wp-content\/uploads\/2014\/09\/SAM_1048.jpg\" height=\"218\" width=\"400\" \/><\/a><\/td>\n<\/tr>\n<tr>\n<td class=\"tr-caption\" style=\"text-align: center\">4 de los integrantes de Nuestro Ajedrez por la Igualdad sub-20<\/td>\n<\/tr>\n<\/tbody>\n<\/table>\n<p><span style=\"font-family: Georgia, Times New Roman, serif\">Por su parte, el torneo<br \/>\nsub-16 concentraba el mayor n\u00famero de participantes sumando los 4 clubes<br \/>\ncompetidores. Tras las 7 rondas disputadas se alzaba con la victoria el club de<br \/>\nTOMELLOSO, con NUESTRO AJEDREZ EN EUROPA como subcampe\u00f3n, NUESTRO AJEDREZ POR<br \/>\nLA IGUALDAD en 3\u00aa posici\u00f3n y el club de MORA como 4\u00ba clasificado. Este ranking final<br \/>\npor equipos se calculaba tras sumar los 8 mejores resultados de sus<br \/>\ncomponentes, como figura en el siguiente cuadro:<\/span><\/h4>\n<table align=\"center\" cellpadding=\"0\" cellspacing=\"0\" class=\"tr-caption-container\" style=\"margin-left: auto;margin-right: auto;text-align: center\">\n<tbody>\n<tr>\n<td style=\"text-align: center\"><a href=\"https:\/\/www.bfv.cloud\/ajedrezeuropa\/wp-content\/uploads\/2014\/09\/SAM_1054.jpg\" style=\"margin-left: auto;margin-right: auto\"><img loading=\"lazy\" decoding=\"async\" border=\"0\" src=\"https:\/\/www.bfv.cloud\/ajedrezeuropa\/wp-content\/uploads\/2014\/09\/SAM_1054.jpg\" height=\"257\" width=\"640\" \/><\/a><\/td>\n<\/tr>\n<tr>\n<td class=\"tr-caption\" style=\"text-align: center\">El equipo sub-16 de Nuestro Ajedrez por la Igualdad<\/td>\n<\/tr>\n<\/tbody>\n<\/table>\n<h4>\n<br \/><span style=\"font-family: Georgia, Times New Roman, serif\"><\/p>\n<div class=\"separator\" style=\"clear: both;text-align: center\">\n<a href=\"https:\/\/www.bfv.cloud\/ajedrezeuropa\/wp-content\/uploads\/2014\/09\/CLASIFICACIC393NFINALVIITORNEOSUB-16.jpg\" style=\"margin-left: 1em;margin-right: 1em\"><img loading=\"lazy\" decoding=\"async\" border=\"0\" src=\"https:\/\/www.bfv.cloud\/ajedrezeuropa\/wp-content\/uploads\/2014\/09\/CLASIFICACIC393NFINALVIITORNEOSUB-16.jpg\" height=\"540\" width=\"640\" \/><\/a><\/div>\n<p>&nbsp;<\/p>\n<table align=\"center\" cellpadding=\"0\" cellspacing=\"0\" class=\"tr-caption-container\" style=\"margin-left: auto;margin-right: auto;text-align: center\">\n<tbody>\n<tr>\n<td style=\"text-align: center\"><a href=\"https:\/\/www.bfv.cloud\/ajedrezeuropa\/wp-content\/uploads\/2014\/09\/SAM_1056.jpg\" style=\"margin-left: auto;margin-right: auto\"><img loading=\"lazy\" decoding=\"async\" border=\"0\" src=\"https:\/\/www.bfv.cloud\/ajedrezeuropa\/wp-content\/uploads\/2014\/09\/SAM_1056.jpg\" height=\"161\" width=\"640\" \/><\/a><\/td>\n<\/tr>\n<tr>\n<td class=\"tr-caption\" style=\"text-align: center\">Nuestro Ajedrez en Europa sub-16 recibe el trofeo de subcampe\u00f3n<\/td>\n<\/tr>\n<\/tbody>\n<\/table>\n<p>Javier Valdepe\u00f1as, de<br \/>\nNuestro Ajedrez en Europa, lideraba la clasificaci\u00f3n individual consiguiendo el<br \/>\ntotal de puntos posibles: 7.<br \/>La jornada finalizaba<br \/>\ncon el acto de entrega de trofeos a los equipos y de recuerdos para todos los<br \/>\nparticipantes al que asistieron el presidente del IMD, Manuel de la Gu\u00eda, y el<br \/>\nconcejal de deportes, Antonio Montealegre.<\/p>\n<table align=\"center\" cellpadding=\"0\" cellspacing=\"0\" class=\"tr-caption-container\" style=\"float: right;margin-left: 1em;text-align: right\">\n<tbody>\n<tr>\n<td style=\"text-align: center\"><a href=\"https:\/\/www.bfv.cloud\/ajedrezeuropa\/wp-content\/uploads\/2014\/09\/SAM_1059.jpg\" style=\"margin-left: auto;margin-right: auto\"><img loading=\"lazy\" decoding=\"async\" border=\"0\" src=\"https:\/\/www.bfv.cloud\/ajedrezeuropa\/wp-content\/uploads\/2014\/09\/SAM_1059.jpg\" height=\"145\" width=\"400\" \/><\/a><\/td>\n<\/tr>\n<tr>\n<td class=\"tr-caption\" style=\"text-align: center\">El club de Tomelloso vence en el torneo sub-16<\/td>\n<\/tr>\n<\/tbody>\n<\/table>\n<p><\/span><\/h4>\n<div>\n<h4>\n<span style=\"font-family: Georgia, Times New Roman, serif\">Como ya es tradici\u00f3n,<br \/>\nlos premios econ\u00f3micos recibidos por los clubes ligados al proyecto Nuestro<br \/>\nAjedrez en Europa servir\u00e1n para sufragar parte de los gastos de la<br \/>\nparticipaci\u00f3n de los equipos en el Campeonato de Espa\u00f1a sub-16 por Equipos del<br \/>\nmes de diciembre.<\/span><\/h4>\n<\/div>\n<table align=\"center\" cellpadding=\"0\" cellspacing=\"0\" class=\"tr-caption-container\" style=\"margin-left: auto;margin-right: auto;text-align: center\">\n<tbody>\n<tr>\n<td style=\"text-align: center\"><a href=\"https:\/\/www.bfv.cloud\/ajedrezeuropa\/wp-content\/uploads\/2014\/09\/SAM_1053.jpg\" style=\"margin-left: auto;margin-right: auto\"><img loading=\"lazy\" decoding=\"async\" border=\"0\" src=\"https:\/\/www.bfv.cloud\/ajedrezeuropa\/wp-content\/uploads\/2014\/09\/SAM_1053.jpg\" height=\"216\" width=\"640\" \/><\/a><\/td>\n<\/tr>\n<tr>\n<td class=\"tr-caption\" style=\"text-align: center\">Los participantes del joven club de ajedrez de Mora<\/td>\n<\/tr>\n<\/tbody>\n<\/table>\n<div>\n<span style=\"font-family: Georgia, Times New Roman, serif\"><br \/><\/span><\/div>\n","protected":false},"excerpt":{"rendered":"<p>Una imagen del torneo sub-16 El \u00faltimo d\u00eda de agosto ha servido para celebrar uno de los torneos m\u00e1s esperados para los j\u00f3venes aficionados al ajedrez de Castilla-La Mancha en Alc\u00e1zar de San Juan. La 12\u00aa edici\u00f3n del torneo de feria ha congregado a m\u00e1s de medio centenar de chicos y chicas menores de 20 [&hellip;]<\/p>\n","protected":false},"author":1,"featured_media":3430,"comment_status":"open","ping_status":"closed","sticky":false,"template":"","format":"standard","meta":{"footnotes":""},"categories":[1],"tags":[],"class_list":["post-3429","post","type-post","status-publish","format-standard","has-post-thumbnail","hentry","category-noticias"],"_links":{"self":[{"href":"https:\/\/www.bfv.cloud\/ajedrezeuropa\/wp-json\/wp\/v2\/posts\/3429","targetHints":{"allow":["GET"]}}],"collection":[{"href":"https:\/\/www.bfv.cloud\/ajedrezeuropa\/wp-json\/wp\/v2\/posts"}],"about":[{"href":"https:\/\/www.bfv.cloud\/ajedrezeuropa\/wp-json\/wp\/v2\/types\/post"}],"author":[{"embeddable":true,"href":"https:\/\/www.bfv.cloud\/ajedrezeuropa\/wp-json\/wp\/v2\/users\/1"}],"replies":[{"embeddable":true,"href":"https:\/\/www.bfv.cloud\/ajedrezeuropa\/wp-json\/wp\/v2\/comments?post=3429"}],"version-history":[{"count":1,"href":"https:\/\/www.bfv.cloud\/ajedrezeuropa\/wp-json\/wp\/v2\/posts\/3429\/revisions"}],"predecessor-version":[{"id":3439,"href":"https:\/\/www.bfv.cloud\/ajedrezeuropa\/wp-json\/wp\/v2\/posts\/3429\/revisions\/3439"}],"wp:featuredmedia":[{"embeddable":true,"href":"https:\/\/www.bfv.cloud\/ajedrezeuropa\/wp-json\/wp\/v2\/media\/3430"}],"wp:attachment":[{"href":"https:\/\/www.bfv.cloud\/ajedrezeuropa\/wp-json\/wp\/v2\/media?parent=3429"}],"wp:term":[{"taxonomy":"category","embeddable":true,"href":"https:\/\/www.bfv.cloud\/ajedrezeuropa\/wp-json\/wp\/v2\/categories?post=3429"},{"taxonomy":"post_tag","embeddable":true,"href":"https:\/\/www.bfv.cloud\/ajedrezeuropa\/wp-json\/wp\/v2\/tags?post=3429"}],"curies":[{"name":"wp","href":"https:\/\/api.w.org\/{rel}","templated":true}]}}