{"id":344,"date":"2025-01-06T10:21:00","date_gmt":"2025-01-06T10:21:00","guid":{"rendered":"https:\/\/www.bfv.cloud\/ajedrezeuropa\/index.php\/2025\/01\/06\/el-torneo-de-la-igualdad-reune-a-52-aficionados-al-ajedrez-en-villafranca\/"},"modified":"2025-11-20T10:16:28","modified_gmt":"2025-11-20T10:16:28","slug":"el-torneo-de-la-igualdad-reune-a-52-aficionados-al-ajedrez-en-villafranca","status":"publish","type":"post","link":"https:\/\/www.bfv.cloud\/ajedrezeuropa\/el-torneo-de-la-igualdad-reune-a-52-aficionados-al-ajedrez-en-villafranca\/","title":{"rendered":"EL TORNEO DE LA IGUALDAD RE\u00daNE A 52 AFICIONADOS AL AJEDREZ EN VILLAFRANCA"},"content":{"rendered":"<p>&nbsp;<\/p>\n<table align=\"center\" cellpadding=\"0\" cellspacing=\"0\" class=\"tr-caption-container\" style=\"margin-left: auto;margin-right: auto\">\n<tbody>\n<tr>\n<td style=\"text-align: center\"><a href=\"https:\/\/www.bfv.cloud\/ajedrezeuropa\/wp-content\/uploads\/2025\/01\/PREMIADOS20TROFEOS-1.jpg\" style=\"margin-left: auto;margin-right: auto\"><img fetchpriority=\"high\" decoding=\"async\" border=\"0\" data-original-height=\"641\" data-original-width=\"1730\" height=\"238\" src=\"https:\/\/blogger.googleusercontent.com\/img\/b\/R29vZ2xl\/AVvXsEjgjNTwAuj_CrCJUQqY9KZlIhqimEyXD5e1mtk-TCxamy-3cIdFN9-pZNYmq7JLJCLr9CEjjsoOugo6s66aoKBdJK5YfGxq5mlRZQyH9KR_xgYj8UkdCizowMgRe6dcP5lBOEj39rcG3WBaow84PkfT0C1dt9VtdRCyzndVxQtLDr6NS2NC2D0qBsNjTWQ\/w640-h238\/PREMIADOS%20TROFEOS.jpg\" width=\"640\" \/><\/a><\/td>\n<\/tr>\n<tr>\n<td class=\"tr-caption\" style=\"text-align: center\">Imagen de premiados en el torneo<\/td>\n<\/tr>\n<\/tbody>\n<\/table>\n<p><span style=\"font-family: Open Sans;font-size: large\">El s\u00e1bado 4 de enero por la tarde se celebr\u00f3 el XVIII Torneo Ajedrez por la Igualdad en la casa de la cultura de Villafranca de los Caballeros. Un total de 52 ajedrecistas disputaron los dos torneos, dentro de las categor\u00edas sub-12 y absoluta. Los vencedores del absoluto fueron <b>Jaime Vila Castillo<\/b> del CD Nuestro Ajedrez por la Igualdad y <b>Silvia Toribio Camu\u00f1as<\/b> de Nuestro Ajedrez en Europa, mientras que en el sub12 fueron <b>Pablo Pecero Rebato<\/b> del CA Tomelloso y <b>Paula \u00c1vila Cervantes<\/b> de Nuestro Ajedrez en Europa. La participaci\u00f3n femenina fue del 20%, destacando en el torneo sub12 donde super\u00f3 el 27%, con 6 chicas de los 22 participantes. Como es habitual en todas las actividades organizadas por el proyecto, a la entrega de trofeos asistieron el alcalde de Villafranca de los Caballeros, <b>Juli\u00e1n Bola\u00f1os<\/b>, y el concejal de deportes, <b>Antonio Gal\u00e1n<\/b>.<\/span><\/p>\n<table align=\"center\" cellpadding=\"0\" cellspacing=\"0\" class=\"tr-caption-container\" style=\"margin-left: auto;margin-right: auto\">\n<tbody>\n<tr>\n<td style=\"text-align: center\"><a href=\"https:\/\/www.bfv.cloud\/ajedrezeuropa\/wp-content\/uploads\/2025\/01\/VISTA20GENERAL20SALA.jpg\" style=\"margin-left: auto;margin-right: auto\"><img decoding=\"async\" border=\"0\" data-original-height=\"589\" data-original-width=\"1593\" height=\"236\" src=\"https:\/\/blogger.googleusercontent.com\/img\/b\/R29vZ2xl\/AVvXsEh9AxSax0ehos6dL_go2lAQBPhZN3xowZdx7xU257dQx_cqKaAcE5RptxqS5PN0w5iL_0hLA45MHQVKRoNjnawsgVWxEK3BUwgO22NRmEUERaBeuAsNw4SGkOUp1-CBfJNF7RWDExFabHU6YAYqc7MZlMp4QoLmEzuCg7MLqOepQxNcyrD85vmSaX-G_ek\/w640-h236\/VISTA%20GENERAL%20SALA.jpg\" width=\"640\" \/><\/a><\/td>\n<\/tr>\n<tr>\n<td class=\"tr-caption\" style=\"text-align: center\">Vista general de la sala de juego<\/td>\n<\/tr>\n<\/tbody>\n<\/table>\n<p><\/p>\n<table align=\"center\" cellpadding=\"0\" cellspacing=\"0\" class=\"tr-caption-container\" style=\"margin-left: auto;margin-right: auto\">\n<tbody>\n<tr>\n<td style=\"text-align: center\"><a href=\"https:\/\/www.bfv.cloud\/ajedrezeuropa\/wp-content\/uploads\/2025\/01\/TROFEOS20IGUALDAD202025.jpg\" style=\"margin-left: auto;margin-right: auto\"><img decoding=\"async\" border=\"0\" data-original-height=\"923\" data-original-width=\"2048\" height=\"288\" src=\"https:\/\/blogger.googleusercontent.com\/img\/b\/R29vZ2xl\/AVvXsEiU_aeGsMKcJUysftU5aRod0am-edQJTRplBRn2qGm5HXxszdTMiEU5ZIfqDMvqCkG3x_p9qUFguY64qbOj9VQX8qeIx09mzs5FLoMxMHQ5bM-H3e0BBDWynAtcSsnwAfGuEFS1hc8lQ0_1mFWLmWgN2cbyHZEnlxSQoMx1qOoYJWgsJzcIYoXEg_Mza8I\/w640-h288\/TROFEOS%20IGUALDAD%202025.jpg\" width=\"640\" \/><\/a><\/td>\n<\/tr>\n<tr>\n<td class=\"tr-caption\" style=\"text-align: center\">Los trofeos son piezas \u00fanicas elaboradas por la Alfarer\u00eda de los Hermanos Pe\u00f1o<\/td>\n<\/tr>\n<\/tbody>\n<\/table>\n<p><span style=\"font-family: Open Sans;font-size: large\"><br \/><\/span><\/p>\n","protected":false},"excerpt":{"rendered":"<p>&nbsp; Imagen de premiados en el torneo El s\u00e1bado 4 de enero por la tarde se celebr\u00f3 el XVIII Torneo Ajedrez por la Igualdad en la casa de la cultura de Villafranca de los Caballeros. Un total de 52 ajedrecistas disputaron los dos torneos, dentro de las categor\u00edas sub-12 y absoluta. Los vencedores del absoluto [&hellip;]<\/p>\n","protected":false},"author":1,"featured_media":345,"comment_status":"open","ping_status":"closed","sticky":false,"template":"","format":"standard","meta":{"footnotes":""},"categories":[1],"tags":[],"class_list":["post-344","post","type-post","status-publish","format-standard","has-post-thumbnail","hentry","category-noticias"],"_links":{"self":[{"href":"https:\/\/www.bfv.cloud\/ajedrezeuropa\/wp-json\/wp\/v2\/posts\/344","targetHints":{"allow":["GET"]}}],"collection":[{"href":"https:\/\/www.bfv.cloud\/ajedrezeuropa\/wp-json\/wp\/v2\/posts"}],"about":[{"href":"https:\/\/www.bfv.cloud\/ajedrezeuropa\/wp-json\/wp\/v2\/types\/post"}],"author":[{"embeddable":true,"href":"https:\/\/www.bfv.cloud\/ajedrezeuropa\/wp-json\/wp\/v2\/users\/1"}],"replies":[{"embeddable":true,"href":"https:\/\/www.bfv.cloud\/ajedrezeuropa\/wp-json\/wp\/v2\/comments?post=344"}],"version-history":[{"count":1,"href":"https:\/\/www.bfv.cloud\/ajedrezeuropa\/wp-json\/wp\/v2\/posts\/344\/revisions"}],"predecessor-version":[{"id":348,"href":"https:\/\/www.bfv.cloud\/ajedrezeuropa\/wp-json\/wp\/v2\/posts\/344\/revisions\/348"}],"wp:featuredmedia":[{"embeddable":true,"href":"https:\/\/www.bfv.cloud\/ajedrezeuropa\/wp-json\/wp\/v2\/media\/345"}],"wp:attachment":[{"href":"https:\/\/www.bfv.cloud\/ajedrezeuropa\/wp-json\/wp\/v2\/media?parent=344"}],"wp:term":[{"taxonomy":"category","embeddable":true,"href":"https:\/\/www.bfv.cloud\/ajedrezeuropa\/wp-json\/wp\/v2\/categories?post=344"},{"taxonomy":"post_tag","embeddable":true,"href":"https:\/\/www.bfv.cloud\/ajedrezeuropa\/wp-json\/wp\/v2\/tags?post=344"}],"curies":[{"name":"wp","href":"https:\/\/api.w.org\/{rel}","templated":true}]}}