{"id":3440,"date":"2024-12-17T11:48:00","date_gmt":"2024-12-17T11:48:00","guid":{"rendered":"https:\/\/www.bfv.cloud\/ajedrezeuropa\/index.php\/2024\/12\/17\/xviii-torneo-ajedrez-por-la-igualdad\/"},"modified":"2025-11-20T11:01:54","modified_gmt":"2025-11-20T11:01:54","slug":"xviii-torneo-ajedrez-por-la-igualdad","status":"publish","type":"post","link":"https:\/\/www.bfv.cloud\/ajedrezeuropa\/xviii-torneo-ajedrez-por-la-igualdad\/","title":{"rendered":"XVIII TORNEO AJEDREZ POR LA IGUALDAD"},"content":{"rendered":"<\/p>\n<div class=\"separator\" style=\"clear: both;text-align: center\"><a href=\"https:\/\/www.bfv.cloud\/ajedrezeuropa\/wp-content\/uploads\/2024\/12\/CARTEL20XVIII20TORNEO20IGUALDAD202025-scaled.jpg\" style=\"margin-left: 1em;margin-right: 1em\"><img fetchpriority=\"high\" decoding=\"async\" border=\"0\" data-original-height=\"4973\" data-original-width=\"3499\" height=\"640\" src=\"https:\/\/blogger.googleusercontent.com\/img\/b\/R29vZ2xl\/AVvXsEiS9rqZ-h9J1VBfMXlLnVmwnPyw6RGCCZ0sXqURXkyl9zr71JERJ7pnHYyRYrDyWVMyZSE3UpiAc6vPzVKNUKVSjYSc3ZHmO_hq-1_Bdf-Yi6zc2g5V_8Lr7ho83tv6K2cl2-I-mp0AbxUWZq-79qoE1VFaZ9srh3KfL_OsGJ-MdiY7DFX2T4yfDYnjZAU\/w450-h640\/CARTEL%20XVIII%20TORNEO%20IGUALDAD%202025.jpg\" width=\"450\" \/><\/a><\/div>\n<p>&nbsp;<span style=\"font-family: Open Sans;font-size: large\">El s\u00e1bado 4 de enero de 2025 a las 4 de la tarde se celebrar\u00e1 la 18\u00aa edici\u00f3n del Torneo Ajedrez por la Igualdad en el sal\u00f3n de actos de la casa de la cultura de Villafranca de los Caballeros. Las inscripciones est\u00e1n abiertas, hasta completar aforo, rellenando y enviando la hoja de datos personales disponible en el siguiente&nbsp;<a href=\"https:\/\/docs.google.com\/forms\/d\/1xCV_idJjD4Atv6xyf_6RBIqQ5SxDkOTJ6JIrPQ4Zm60\/edit#responses\" target=\"_blank\"><b>ENLACE CON EL FORMULARIO DE GOOGLE FORMS<\/b><\/a>&nbsp;<\/span><\/p>\n<p><span style=\"font-family: Open Sans;font-size: large\">El torneo se disputar\u00e1 a 6 rondas a un ritmo de 10 minutos por jugador + 3 segundos de incremento por movimiento. Publicamos las bases donde se recogen los aspectos m\u00e1s importantes a tener en cuenta.<\/span><\/p>\n<p><span style=\"font-family: Open Sans;font-size: large\">\u00a1\u00a1Os esperamos!!<\/span><\/p>\n<\/p>\n<div class=\"separator\" style=\"clear: both;text-align: center\"><a href=\"https:\/\/www.bfv.cloud\/ajedrezeuropa\/wp-content\/uploads\/2024\/12\/BASES20DEL20XVIII20TORNEO20AJEDREZ20POR20LA20IGUALDAD202025_001.jpg\" style=\"margin-left: 1em;margin-right: 1em\"><img decoding=\"async\" border=\"0\" data-original-height=\"842\" data-original-width=\"595\" height=\"640\" src=\"https:\/\/blogger.googleusercontent.com\/img\/b\/R29vZ2xl\/AVvXsEjmg4qdOH1XqBOJSX_D3Yh7D_qrvTWqx0cG-9tcjzyTAzX4hZdUMzP4JIEuIuvVlUgTfVLowF_c_Sk8HxQKn1-hc_aB6jhH99FcCckmxs-xaLzkfMx6M1sHHf6uvTRBaMnThlwRyp3DREWqgQjKUAs3-naLAdyU2kDPVKqoGlsAjOWPWOIZkkJbyjUGnJ8\/w452-h640\/BASES%20DEL%20XVIII%20TORNEO%20AJEDREZ%20POR%20LA%20IGUALDAD%202025_001.jpg\" width=\"452\" \/><\/a><\/div>\n<p><span style=\"font-family: Open Sans;font-size: large\"><br \/><\/span><\/p>\n","protected":false},"excerpt":{"rendered":"<p>&nbsp;El s\u00e1bado 4 de enero de 2025 a las 4 de la tarde se celebrar\u00e1 la 18\u00aa edici\u00f3n del Torneo Ajedrez por la Igualdad en el sal\u00f3n de actos de la casa de la cultura de Villafranca de los Caballeros. Las inscripciones est\u00e1n abiertas, hasta completar aforo, rellenando y enviando la hoja de datos personales [&hellip;]<\/p>\n","protected":false},"author":1,"featured_media":3441,"comment_status":"open","ping_status":"closed","sticky":false,"template":"","format":"standard","meta":{"footnotes":""},"categories":[1],"tags":[],"class_list":["post-3440","post","type-post","status-publish","format-standard","has-post-thumbnail","hentry","category-noticias"],"_links":{"self":[{"href":"https:\/\/www.bfv.cloud\/ajedrezeuropa\/wp-json\/wp\/v2\/posts\/3440","targetHints":{"allow":["GET"]}}],"collection":[{"href":"https:\/\/www.bfv.cloud\/ajedrezeuropa\/wp-json\/wp\/v2\/posts"}],"about":[{"href":"https:\/\/www.bfv.cloud\/ajedrezeuropa\/wp-json\/wp\/v2\/types\/post"}],"author":[{"embeddable":true,"href":"https:\/\/www.bfv.cloud\/ajedrezeuropa\/wp-json\/wp\/v2\/users\/1"}],"replies":[{"embeddable":true,"href":"https:\/\/www.bfv.cloud\/ajedrezeuropa\/wp-json\/wp\/v2\/comments?post=3440"}],"version-history":[{"count":1,"href":"https:\/\/www.bfv.cloud\/ajedrezeuropa\/wp-json\/wp\/v2\/posts\/3440\/revisions"}],"predecessor-version":[{"id":3443,"href":"https:\/\/www.bfv.cloud\/ajedrezeuropa\/wp-json\/wp\/v2\/posts\/3440\/revisions\/3443"}],"wp:featuredmedia":[{"embeddable":true,"href":"https:\/\/www.bfv.cloud\/ajedrezeuropa\/wp-json\/wp\/v2\/media\/3441"}],"wp:attachment":[{"href":"https:\/\/www.bfv.cloud\/ajedrezeuropa\/wp-json\/wp\/v2\/media?parent=3440"}],"wp:term":[{"taxonomy":"category","embeddable":true,"href":"https:\/\/www.bfv.cloud\/ajedrezeuropa\/wp-json\/wp\/v2\/categories?post=3440"},{"taxonomy":"post_tag","embeddable":true,"href":"https:\/\/www.bfv.cloud\/ajedrezeuropa\/wp-json\/wp\/v2\/tags?post=3440"}],"curies":[{"name":"wp","href":"https:\/\/api.w.org\/{rel}","templated":true}]}}