{"id":3444,"date":"2016-02-14T19:14:00","date_gmt":"2016-02-14T19:14:00","guid":{"rendered":"https:\/\/www.bfv.cloud\/ajedrezeuropa\/index.php\/2016\/02\/14\/actualizacion-del-calendario-de-competiciones\/"},"modified":"2025-11-20T11:01:56","modified_gmt":"2025-11-20T11:01:56","slug":"actualizacion-del-calendario-de-competiciones","status":"publish","type":"post","link":"https:\/\/www.bfv.cloud\/ajedrezeuropa\/actualizacion-del-calendario-de-competiciones\/","title":{"rendered":"ACTUALIZACI\u00d3N DEL CALENDARIO DE COMPETICIONES"},"content":{"rendered":"<div class=\"separator\" style=\"clear: both;text-align: center\">\n<\/div>\n<div class=\"separator\" style=\"clear: both;text-align: center\">\n<a href=\"https:\/\/www.bfv.cloud\/ajedrezeuropa\/wp-content\/uploads\/2016\/02\/CALENDARIOCOMPETICIONES1T-2016.jpg\" style=\"margin-left: 1em;margin-right: 1em\"><img fetchpriority=\"high\" decoding=\"async\" border=\"0\" height=\"280\" src=\"https:\/\/blogger.googleusercontent.com\/img\/b\/R29vZ2xl\/AVvXsEhafg-Mnztoq-geTET3yi0KswqCfxN3TnwZVnpd62xLzryWWYiHxNKDdQYfoAdyTadPGfY0pPduTHAUuEHA0lKJ0VNPvEWRsK8NwJ_3OEUi0MvKOZTZJREeeLM6uRJnVYSjP-Ox_7DCptE\/s640\/CALENDARIO+COMPETICIONES+1T-2016.jpg\" width=\"640\" \/><\/a><\/div>\n<p>\n<span style=\"color: #660000;font-family: Trebuchet MS, sans-serif\">Publicamos una actualizaci\u00f3n del calendario de competiciones previsto para el 1er. trimestre de 2016. A estas alturas del mes de febrero queda pendiente la jornada final del DEPORTE EN EDAD ESCOLAR DE TOLEDO en Mora el pr\u00f3ximo s\u00e1bado d\u00eda 20. Para el domingo 28 de febrero por la ma\u00f1ana queda el inicio en Tomelloso del CAMPEONATO POR EDADES DE CIUDAD REAL, que continuar\u00e1 el s\u00e1bado 5 de marzo por la tarde y finalizar\u00e1 el domingo 6 de marzo en jornada de ma\u00f1ana.<\/span><br \/>\n<span style=\"color: #660000;font-family: Trebuchet MS, sans-serif\">El CAMPEONATO REGIONAL POR EDADES contin\u00faa marcado para el 18, 19, 20 y 21 de marzo, sin que a\u00fan se haya designado lugar de celebraci\u00f3n.<\/span><\/p>\n","protected":false},"excerpt":{"rendered":"<p>Publicamos una actualizaci\u00f3n del calendario de competiciones previsto para el 1er. trimestre de 2016. A estas alturas del mes de febrero queda pendiente la jornada final del DEPORTE EN EDAD ESCOLAR DE TOLEDO en Mora el pr\u00f3ximo s\u00e1bado d\u00eda 20. Para el domingo 28 de febrero por la ma\u00f1ana queda el inicio en Tomelloso del [&hellip;]<\/p>\n","protected":false},"author":1,"featured_media":3445,"comment_status":"open","ping_status":"closed","sticky":false,"template":"","format":"standard","meta":{"footnotes":""},"categories":[1],"tags":[],"class_list":["post-3444","post","type-post","status-publish","format-standard","has-post-thumbnail","hentry","category-noticias"],"_links":{"self":[{"href":"https:\/\/www.bfv.cloud\/ajedrezeuropa\/wp-json\/wp\/v2\/posts\/3444","targetHints":{"allow":["GET"]}}],"collection":[{"href":"https:\/\/www.bfv.cloud\/ajedrezeuropa\/wp-json\/wp\/v2\/posts"}],"about":[{"href":"https:\/\/www.bfv.cloud\/ajedrezeuropa\/wp-json\/wp\/v2\/types\/post"}],"author":[{"embeddable":true,"href":"https:\/\/www.bfv.cloud\/ajedrezeuropa\/wp-json\/wp\/v2\/users\/1"}],"replies":[{"embeddable":true,"href":"https:\/\/www.bfv.cloud\/ajedrezeuropa\/wp-json\/wp\/v2\/comments?post=3444"}],"version-history":[{"count":1,"href":"https:\/\/www.bfv.cloud\/ajedrezeuropa\/wp-json\/wp\/v2\/posts\/3444\/revisions"}],"predecessor-version":[{"id":3446,"href":"https:\/\/www.bfv.cloud\/ajedrezeuropa\/wp-json\/wp\/v2\/posts\/3444\/revisions\/3446"}],"wp:featuredmedia":[{"embeddable":true,"href":"https:\/\/www.bfv.cloud\/ajedrezeuropa\/wp-json\/wp\/v2\/media\/3445"}],"wp:attachment":[{"href":"https:\/\/www.bfv.cloud\/ajedrezeuropa\/wp-json\/wp\/v2\/media?parent=3444"}],"wp:term":[{"taxonomy":"category","embeddable":true,"href":"https:\/\/www.bfv.cloud\/ajedrezeuropa\/wp-json\/wp\/v2\/categories?post=3444"},{"taxonomy":"post_tag","embeddable":true,"href":"https:\/\/www.bfv.cloud\/ajedrezeuropa\/wp-json\/wp\/v2\/tags?post=3444"}],"curies":[{"name":"wp","href":"https:\/\/api.w.org\/{rel}","templated":true}]}}