{"id":3452,"date":"2017-06-06T11:35:00","date_gmt":"2017-06-06T11:35:00","guid":{"rendered":"https:\/\/www.bfv.cloud\/ajedrezeuropa\/index.php\/2017\/06\/06\/torneo-san-viator-y-lista-elo-junio\/"},"modified":"2025-11-20T11:02:05","modified_gmt":"2025-11-20T11:02:05","slug":"torneo-san-viator-y-lista-elo-junio","status":"publish","type":"post","link":"https:\/\/www.bfv.cloud\/ajedrezeuropa\/torneo-san-viator-y-lista-elo-junio\/","title":{"rendered":"TORNEO SAN VIATOR Y LISTA ELO JUNIO"},"content":{"rendered":"<table cellpadding=\"0\" cellspacing=\"0\" class=\"tr-caption-container\" style=\"float: left;margin-right: 1em;text-align: left\">\n<tbody>\n<tr>\n<td style=\"text-align: center\"><a href=\"https:\/\/www.bfv.cloud\/ajedrezeuropa\/wp-content\/uploads\/2017\/06\/IMG-20170604-WA000.jpg\" style=\"clear: left;margin-bottom: 1em;margin-left: auto;margin-right: auto\"><img fetchpriority=\"high\" decoding=\"async\" border=\"0\" data-original-height=\"1046\" data-original-width=\"1061\" height=\"393\" src=\"https:\/\/blogger.googleusercontent.com\/img\/b\/R29vZ2xl\/AVvXsEgW0gZUIWm9YjFU_BQCk35vonNE_ey10wrnaB2tc_wRTJrng5Wyxv-otRALft9-W1V0fEyje7hBzCYEoIoJCKmdfNZJK5qbUCx6WgVUgA7ta8SdTeZkSxU4NyluTJVW5Ac6K2jRjui5bjQ\/s400\/IMG-20170604-WA000.jpg\" width=\"400\" \/><\/a><\/td>\n<\/tr>\n<tr>\n<td class=\"tr-caption\" style=\"text-align: center\">Alonso L\u00f3pez, campe\u00f3n del sub-12<\/td>\n<\/tr>\n<\/tbody>\n<\/table>\n<table cellpadding=\"0\" cellspacing=\"0\" class=\"tr-caption-container\" style=\"float: right;text-align: right\">\n<tbody>\n<tr>\n<td style=\"text-align: center\"><a href=\"https:\/\/www.bfv.cloud\/ajedrezeuropa\/wp-content\/uploads\/2017\/06\/IMG-20170604-WA001.jpg\" style=\"clear: right;margin-bottom: 1em;margin-left: auto;margin-right: auto\"><img decoding=\"async\" border=\"0\" data-original-height=\"1006\" data-original-width=\"1064\" height=\"377\" src=\"https:\/\/blogger.googleusercontent.com\/img\/b\/R29vZ2xl\/AVvXsEhR8n0i1TJKjyvecw4FCZPnklNCxj3mEHe5NAgvJ5VVfSAUz63BHJsCXVC0weT7C-T7YDwtWpORz327u3AT9w_-W8vQTrbTr4joUbKsZC8PVGuNC0LfX7Sjnojfuu6Uu1OTcFKFDrd2bsw\/s400\/IMG-20170604-WA001.jpg\" width=\"400\" \/><\/a><\/td>\n<\/tr>\n<tr>\n<td class=\"tr-caption\" style=\"text-align: center\">Roberto L\u00f3pez, campe\u00f3n del sub-16 dentro del grupo A<br \/>\ndel XXVIII Torneo San Viator<\/td>\n<\/tr>\n<\/tbody>\n<\/table>\n<p><span style=\", sans-serif;font-size: large\">El XXVIII Torneo San Viator de Madrid reparti\u00f3 sus premios el pasado domingo dentro de la jornada de clausura. Roberto L\u00f3pez, dentro del grupo A, se alz\u00f3 con la primera plaza sub-16, mejorando en 69 puntos su valoraci\u00f3n internacional. Su fuerza de juego durante el torneo, performance, fue de 2.258. En el grupo B, Alonso L\u00f3pez, consigui\u00f3 el primer puesto sub-12 y eleva su Elo FIDE en nada menos que 132 puntos.&nbsp;<\/span><br \/>\n<span style=\", sans-serif;font-size: large\">La participaci\u00f3n de nuestros jugadores en el torneo se complet\u00f3 con Nuria Lozano, que tan solo pudo disputar 4 de las 9 rondas celebradas, sumando 2 puntos a pesar de todo.&nbsp;<\/span><br \/>\n<span style=\", sans-serif;font-size: large\">Aunque el balance general es muy positivo, es cierto que el resultado final ha venido marcado por las ausencias obligadas&nbsp;<\/span><span style=\", sans-serif;font-size: large\">de nuestr@s ajedrecistas&nbsp;<\/span><span style=\", sans-serif;font-size: large\">en varias jornadas.&nbsp;<\/span><br \/>\n<span style=\", sans-serif;font-size: large\"><br \/><\/span><\/p>\n<div class=\"separator\" style=\"clear: both;text-align: center\">\n<a href=\"https:\/\/www.bfv.cloud\/ajedrezeuropa\/wp-content\/uploads\/2017\/06\/LogoFide.jpg\" style=\"clear: left;float: left;margin-bottom: 1em;margin-right: 1em\"><img decoding=\"async\" border=\"0\" data-original-height=\"160\" data-original-width=\"320\" height=\"160\" src=\"https:\/\/blogger.googleusercontent.com\/img\/b\/R29vZ2xl\/AVvXsEgunuPilcLCU6ze2rnd6dZ3m1CLJaOwB66sOOFBhPPstoOsCnobqX0MGEIzdSfK24x4epl454INOl5m7P1LvW4VEwKEL4j3_y_BsfxI584e_EHcDtW-50KyVAGKvgRrXh8Y4p44jQYAxxk\/s320\/Logo+Fide.jpg\" width=\"320\" \/><\/a><\/div>\n<p><span style=\", sans-serif;font-size: large\"><br \/><\/span><br \/>\n<span style=\", sans-serif;font-size: large\"><br \/><\/span><\/p>\n<div style=\"text-align: center\">\n<span style=\"font-family: helvetica neue, arial, helvetica, sans-serif;font-size: large\"><u><b>LISTA ELO FIDE<\/b><\/u><\/span><\/div>\n<div style=\"text-align: center\">\n<span style=\"font-family: helvetica neue, arial, helvetica, sans-serif;font-size: large\"><u><b>&nbsp;1 DE JUNIO 2017<\/b><\/u><\/span><\/div>\n<div style=\"text-align: center\">\n<span style=\", serif\"><span style=\"color: blue\"><b><br \/><\/b><\/span><\/span><br \/>\n<span style=\", serif\"><span style=\"color: blue\"><b><br \/><\/b><\/span><\/span><br \/>\n<span style=\", serif\"><span style=\"color: blue\"><b><br \/><\/b><\/span><\/span><br \/>\n<span style=\", serif\"><span style=\"color: blue\"><b><br \/><\/b><\/span><\/span><br \/>\n<span style=\", serif\"><span style=\"color: blue\"><b><br \/><\/b><\/span><\/span><br \/>\n<b style=\", serif\"><span style=\"color: blue\">Santiago Talavera<\/span><\/b><b style=\", serif\">&nbsp;&nbsp; 2.057<\/b><br \/>\n<b style=\"font-family: Georgia, 'Times New Roman', serif\"><span lang=\"EN-GB\" style=\"color: blue\">Isaac Lozano&nbsp;<\/span><\/b><span lang=\"EN-GB\" style=\", serif\"><b><span style=\"color: blue\">&nbsp;<\/span><span style=\"color: blue\">2.012<\/span><\/b><\/span><br \/>\n<b style=\", serif\"><span style=\"color: #990000\">Ana Isabel Gonz\u00e1lez Berruga<\/span>&nbsp;&nbsp; &nbsp;<span style=\"color: #990000\">2.009<\/span><\/b><\/div>\n<div style=\"text-align: center\">\n<span style=\", serif\"><b style=\"font-family: Georgia, 'Times New Roman', serif\"><span style=\"color: blue\">Javier Valdepe\u00f1as&nbsp;<\/span><\/b><span style=\", serif\">(S18)&nbsp;<\/span><span style=\", serif\">&nbsp;<\/span><b style=\"font-family: Georgia, 'Times New Roman', serif\">1.990<\/b><\/span><br \/>\n<b style=\", serif\"><span style=\"color: blue\">Daniel P\u00edriz<\/span><\/b><b style=\", serif\">&nbsp;&nbsp; 1.927<\/b><\/div>\n<div style=\"text-align: center\">\n<b style=\", serif\"><span style=\"color: blue\">Jorge Sim\u00f3n<\/span><\/b><b style=\", serif\">&nbsp;&nbsp; 1.907<\/b><\/div>\n<div style=\"text-align: center\">\n<b style=\"font-family: Georgia, 'Times New Roman', serif\"><span style=\"color: blue\">Luis Miguel Monreal<\/span><\/b><b style=\"font-family: Georgia, 'Times New Roman', serif\">&nbsp;&nbsp; 1.883<\/b><br \/>\n<b style=\"font-family: Georgia, 'Times New Roman', serif\"><b style=\"font-family: Georgia, 'Times New Roman', serif\"><span style=\"color: blue\">Roberto L\u00f3pez&nbsp;<\/span>&nbsp;<\/b><span style=\", serif;font-weight: normal\">(S16)&nbsp;<\/span><span style=\", serif;font-weight: normal\"><span style=\"color: maroon\">&nbsp;<\/span><b>1.772<\/b><\/span><\/b><\/div>\n<div style=\"text-align: center\">\n<b style=\"font-family: Georgia, 'Times New Roman', serif\"><span style=\"color: blue\">Jos\u00e9 \u00c1ngel Vela<\/span>&nbsp;&nbsp;<\/b><span style=\", serif\">&nbsp;<\/span><b style=\"font-family: Georgia, 'Times New Roman', serif\">1.719<\/b><\/div>\n<div style=\"text-align: center\">\n<b style=\"font-family: Georgia, 'Times New Roman', serif\"><span style=\"color: blue\">Antonio Albo<\/span><\/b><b style=\"font-family: Georgia, 'Times New Roman', serif\">&nbsp;&nbsp; 1.700<\/b><\/div>\n<div style=\"text-align: center\">\n<b style=\", serif\"><span style=\"color: blue\">Carlos Romo<\/span><\/b><b style=\", serif\">&nbsp;&nbsp; 1.585<\/b><br \/>\n<b style=\"color: #990000;, serif\">Irene Sim\u00f3n<\/b><b style=\"color: #990000;, serif\">&nbsp; (<\/b><span lang=\"EN-GB\" style=\"color: #990000;, serif\">S18)&nbsp;&nbsp;&nbsp;&nbsp;<b>1.585<\/b><\/span><\/div>\n<div style=\"text-align: center\">\n<span style=\", serif\"><b><span style=\"color: blue\">Daniel Salas<\/span><\/b><b>&nbsp;&nbsp; 1.571<\/b><\/span><br \/>\n<span style=\", serif\"><b><span style=\"color: blue\">Alfredo Amador<\/span><span style=\"color: maroon\">&nbsp;&nbsp;<\/span><\/b>(S14)<span style=\"color: maroon\">&nbsp;&nbsp;&nbsp;<\/span><b>1.541<\/b><\/span><\/div>\n<div style=\"text-align: center\">\n<span style=\", serif\"><b><span style=\"color: blue\">Jes\u00fas M\u00aa Bricio<\/span><\/b><b>&nbsp; 1.534<\/b><\/span><br \/>\n<b style=\"color: blue;, serif\">Alonso L\u00f3pez &nbsp;<\/b><span style=\", serif\">(S-12) &nbsp;<\/span><span style=\", serif\">&nbsp;<\/span><b style=\", serif\">1.388<\/b><br \/>\n<b style=\"color: #990000;, serif\">Silvia Toribio&nbsp;<\/b><span style=\"color: #990000;, serif\">&nbsp; &nbsp;&nbsp;<b>1.364<\/b><\/span><\/div>\n<div style=\"text-align: center\">\n<b style=\"font-family: Georgia, 'Times New Roman', serif\"><span style=\"color: blue\">Arturo Mate&nbsp;&nbsp;<\/span><\/b><span style=\", serif\">(S16)&nbsp;<\/span><span style=\", serif\">&nbsp;<\/span><b style=\"font-family: Georgia, 'Times New Roman', serif\">1.353<\/b><\/div>\n<div style=\"text-align: center\">\n<span style=\", serif\"><b><span style=\"color: blue\">Julio M\u00e9rida<\/span><\/b><b>&nbsp;&nbsp;<\/b>(S16)&nbsp;&nbsp;&nbsp;<b>1.320<\/b><\/span><br \/>\n<span style=\", serif\"><b><span style=\"color: blue\">Roberto Yeghiazaryan<\/span> &nbsp;<\/b>(S14)&nbsp;&nbsp;&nbsp;<b>1.295<\/b><\/span><br \/>\n<b style=\"color: #990000;, serif\">Nuria Lozano&nbsp;&nbsp;<\/b><span style=\"color: #990000;, serif\">(S12)&nbsp;<\/span><span style=\"color: #990000;, serif\">&nbsp;<\/span><b style=\"color: #990000;, serif\">1.246<\/b><br \/>\n<b style=\"font-family: Georgia, 'Times New Roman', serif\"><span style=\"color: blue\">Enrique Velasco<\/span><span style=\"color: maroon\">&nbsp;&nbsp;<\/span><\/b><span style=\", serif\">(S16)&nbsp;&nbsp;<b>1.241<\/b><\/span><\/div>\n<div style=\"text-align: center\">\n<b style=\"font-family: Georgia, 'Times New Roman', serif\"><span style=\"color: blue\">Daniel Climent<\/span><span style=\"color: maroon\"> &nbsp;<\/span><\/b><span style=\", serif\">(S14)&nbsp;&nbsp;<b>1.237<\/b><\/span><br \/>\n<span style=\", serif\"><b style=\"font-family: Georgia, 'Times New Roman', serif\"><span style=\"color: blue\">Carlos P\u00e9rez<\/span><span style=\"color: maroon\"> &nbsp;<\/span><\/b><span style=\", serif\">(S12)&nbsp;&nbsp;<b>1.210<\/b><\/span><\/span><\/div>\n<div style=\"text-align: center\">\n<span style=\"color: #990000;, serif\"><b>Isabel Marcos-Alberca&nbsp;<\/b>(S16)&nbsp;&nbsp;&nbsp;<b>1.167<\/b><\/span><br \/>\n<span style=\"color: #990000;, serif\"><b style=\"font-family: Georgia, 'Times New Roman', serif\"><span style=\"color: blue\">Gabriel Amador<\/span><span style=\"color: maroon\"> &nbsp;<\/span><\/b><span style=\"color: black;, serif\">(S12)&nbsp;&nbsp;<b>1.090<\/b><\/span><\/span><br \/>\n<span style=\"color: #990000;, serif\"><span style=\", serif\"><b style=\"font-family: Georgia, 'Times New Roman', serif\"><span style=\"color: blue\">Pablo Vela<\/span><span style=\"color: maroon\"> &nbsp;<\/span><\/b><span style=\"color: black;, serif\">(S16)&nbsp;&nbsp;<b>1.065<\/b><\/span><\/span><\/span><br \/>\n<span style=\"color: #990000;, serif\"><span style=\", serif\"><span style=\", serif\"><b style=\"font-family: Georgia, 'Times New Roman', serif\"><span style=\"color: blue\">Arsenio L\u00f3pez<\/span><span style=\"color: maroon\"> &nbsp;<\/span><\/b><span style=\"color: black;, serif\">(S14)&nbsp;&nbsp;<b>1.035<\/b><\/span><\/span><\/span><\/span><br \/>\n<span style=\"color: #990000;, serif\"><span style=\", serif\"><span style=\", serif\"><span style=\"color: black;, serif\"><b style=\"color: #990000\">Clara Vela&nbsp;<\/b><span style=\"color: #990000\">(S14)&nbsp;&nbsp;&nbsp;<\/span><b style=\"color: #990000\">1.029 (FEDA)<\/b><\/span><\/span><\/span><\/span><br \/>\n<span style=\"color: #990000;, serif\"><span style=\", serif\"><span style=\", serif\"><span style=\"color: black;, serif\"><b style=\"color: #990000\">Mar\u00eda Oliver&nbsp;<\/b><span style=\"color: #990000\">(S14)&nbsp;&nbsp;&nbsp;<\/span><b style=\"color: #990000\">1.028 (FEDA)<\/b><\/span><\/span><\/span><\/span><\/div>\n<p><\/p>\n","protected":false},"excerpt":{"rendered":"<p>Alonso L\u00f3pez, campe\u00f3n del sub-12 Roberto L\u00f3pez, campe\u00f3n del sub-16 dentro del grupo A del XXVIII Torneo San Viator El XXVIII Torneo San Viator de Madrid reparti\u00f3 sus premios el pasado domingo dentro de la jornada de clausura. Roberto L\u00f3pez, dentro del grupo A, se alz\u00f3 con la primera plaza sub-16, mejorando en 69 puntos [&hellip;]<\/p>\n","protected":false},"author":1,"featured_media":3453,"comment_status":"open","ping_status":"closed","sticky":false,"template":"","format":"standard","meta":{"footnotes":""},"categories":[1],"tags":[],"class_list":["post-3452","post","type-post","status-publish","format-standard","has-post-thumbnail","hentry","category-noticias"],"_links":{"self":[{"href":"https:\/\/www.bfv.cloud\/ajedrezeuropa\/wp-json\/wp\/v2\/posts\/3452","targetHints":{"allow":["GET"]}}],"collection":[{"href":"https:\/\/www.bfv.cloud\/ajedrezeuropa\/wp-json\/wp\/v2\/posts"}],"about":[{"href":"https:\/\/www.bfv.cloud\/ajedrezeuropa\/wp-json\/wp\/v2\/types\/post"}],"author":[{"embeddable":true,"href":"https:\/\/www.bfv.cloud\/ajedrezeuropa\/wp-json\/wp\/v2\/users\/1"}],"replies":[{"embeddable":true,"href":"https:\/\/www.bfv.cloud\/ajedrezeuropa\/wp-json\/wp\/v2\/comments?post=3452"}],"version-history":[{"count":1,"href":"https:\/\/www.bfv.cloud\/ajedrezeuropa\/wp-json\/wp\/v2\/posts\/3452\/revisions"}],"predecessor-version":[{"id":3456,"href":"https:\/\/www.bfv.cloud\/ajedrezeuropa\/wp-json\/wp\/v2\/posts\/3452\/revisions\/3456"}],"wp:featuredmedia":[{"embeddable":true,"href":"https:\/\/www.bfv.cloud\/ajedrezeuropa\/wp-json\/wp\/v2\/media\/3453"}],"wp:attachment":[{"href":"https:\/\/www.bfv.cloud\/ajedrezeuropa\/wp-json\/wp\/v2\/media?parent=3452"}],"wp:term":[{"taxonomy":"category","embeddable":true,"href":"https:\/\/www.bfv.cloud\/ajedrezeuropa\/wp-json\/wp\/v2\/categories?post=3452"},{"taxonomy":"post_tag","embeddable":true,"href":"https:\/\/www.bfv.cloud\/ajedrezeuropa\/wp-json\/wp\/v2\/tags?post=3452"}],"curies":[{"name":"wp","href":"https:\/\/api.w.org\/{rel}","templated":true}]}}