{"id":3457,"date":"2014-03-30T08:53:00","date_gmt":"2014-03-30T08:53:00","guid":{"rendered":"https:\/\/www.bfv.cloud\/ajedrezeuropa\/index.php\/2014\/03\/30\/nuestro-ajedrez-en-el-programa-no-es-un-dia-cualquiera-de-rne\/"},"modified":"2025-11-20T11:02:07","modified_gmt":"2025-11-20T11:02:07","slug":"nuestro-ajedrez-en-el-programa-no-es-un-dia-cualquiera-de-rne","status":"publish","type":"post","link":"https:\/\/www.bfv.cloud\/ajedrezeuropa\/nuestro-ajedrez-en-el-programa-no-es-un-dia-cualquiera-de-rne\/","title":{"rendered":"NUESTRO AJEDREZ EN EL PROGRAMA \u00abNO ES UN D\u00cdA CUALQUIERA\u00bb DE RNE"},"content":{"rendered":"<table align=\"center\" cellpadding=\"0\" cellspacing=\"0\" class=\"tr-caption-container\" style=\"margin-left: auto;margin-right: auto;text-align: center\">\n<tbody>\n<tr>\n<td style=\"text-align: center\"><a href=\"https:\/\/www.bfv.cloud\/ajedrezeuropa\/wp-content\/uploads\/2014\/03\/FOTOPANCARTAENRNE.jpg\" style=\"margin-left: auto;margin-right: auto\"><img fetchpriority=\"high\" decoding=\"async\" border=\"0\" src=\"https:\/\/www.bfv.cloud\/ajedrezeuropa\/wp-content\/uploads\/2014\/03\/FOTOPANCARTAENRNE.jpg\" height=\"480\" width=\"640\" \/><\/a><\/td>\n<\/tr>\n<tr>\n<td class=\"tr-caption\" style=\"text-align: center\"><span style=\"background-color: white;color: #333333;font-family: 'lucida grande', tahoma, verdana, arial, sans-serif;line-height: 18px;text-align: left\">Esta es la pancarta que ha elaborado Jos\u00e9 Mayordomo y que muestra su apoyo al Ajedrez, del que nos ha hablado en su secci\u00f3n En Jaque, Leontxo Garc\u00eda.<\/span><\/td>\n<\/tr>\n<\/tbody>\n<\/table>\n<p><span style=\"font-family: Verdana, sans-serif\">Muchas gracias a Pepa Fern\u00e1ndez, a Leontxo Garc\u00eda, y a todo el equipo del programa \u00abNo es un d\u00eda cualquiera\u00bb de Radio Nacional de Espa\u00f1a por colaborar en la difusi\u00f3n y promoci\u00f3n del ajedrez en todo el mundo.&nbsp;<\/span><br \/>\n<span style=\"font-family: Verdana, sans-serif\">Un saludo al entusiasta y cari\u00f1oso Jos\u00e9 Mayordomo, promotor de la idea y responsable de llevar el nombre de nuestro proyecto a toda Espa\u00f1a.<\/span><\/p>\n","protected":false},"excerpt":{"rendered":"<p>Esta es la pancarta que ha elaborado Jos\u00e9 Mayordomo y que muestra su apoyo al Ajedrez, del que nos ha hablado en su secci\u00f3n En Jaque, Leontxo Garc\u00eda. Muchas gracias a Pepa Fern\u00e1ndez, a Leontxo Garc\u00eda, y a todo el equipo del programa \u00abNo es un d\u00eda cualquiera\u00bb de Radio Nacional de Espa\u00f1a por colaborar [&hellip;]<\/p>\n","protected":false},"author":1,"featured_media":3458,"comment_status":"open","ping_status":"closed","sticky":false,"template":"","format":"standard","meta":{"footnotes":""},"categories":[1],"tags":[],"class_list":["post-3457","post","type-post","status-publish","format-standard","has-post-thumbnail","hentry","category-noticias"],"_links":{"self":[{"href":"https:\/\/www.bfv.cloud\/ajedrezeuropa\/wp-json\/wp\/v2\/posts\/3457","targetHints":{"allow":["GET"]}}],"collection":[{"href":"https:\/\/www.bfv.cloud\/ajedrezeuropa\/wp-json\/wp\/v2\/posts"}],"about":[{"href":"https:\/\/www.bfv.cloud\/ajedrezeuropa\/wp-json\/wp\/v2\/types\/post"}],"author":[{"embeddable":true,"href":"https:\/\/www.bfv.cloud\/ajedrezeuropa\/wp-json\/wp\/v2\/users\/1"}],"replies":[{"embeddable":true,"href":"https:\/\/www.bfv.cloud\/ajedrezeuropa\/wp-json\/wp\/v2\/comments?post=3457"}],"version-history":[{"count":1,"href":"https:\/\/www.bfv.cloud\/ajedrezeuropa\/wp-json\/wp\/v2\/posts\/3457\/revisions"}],"predecessor-version":[{"id":3459,"href":"https:\/\/www.bfv.cloud\/ajedrezeuropa\/wp-json\/wp\/v2\/posts\/3457\/revisions\/3459"}],"wp:featuredmedia":[{"embeddable":true,"href":"https:\/\/www.bfv.cloud\/ajedrezeuropa\/wp-json\/wp\/v2\/media\/3458"}],"wp:attachment":[{"href":"https:\/\/www.bfv.cloud\/ajedrezeuropa\/wp-json\/wp\/v2\/media?parent=3457"}],"wp:term":[{"taxonomy":"category","embeddable":true,"href":"https:\/\/www.bfv.cloud\/ajedrezeuropa\/wp-json\/wp\/v2\/categories?post=3457"},{"taxonomy":"post_tag","embeddable":true,"href":"https:\/\/www.bfv.cloud\/ajedrezeuropa\/wp-json\/wp\/v2\/tags?post=3457"}],"curies":[{"name":"wp","href":"https:\/\/api.w.org\/{rel}","templated":true}]}}