{"id":3460,"date":"2012-12-12T21:39:00","date_gmt":"2012-12-12T21:39:00","guid":{"rendered":"https:\/\/www.bfv.cloud\/ajedrezeuropa\/index.php\/2012\/12\/12\/viii-trofeo-de-navidad-ajedrez-por-la-igualdad\/"},"modified":"2025-11-20T11:02:08","modified_gmt":"2025-11-20T11:02:08","slug":"viii-trofeo-de-navidad-ajedrez-por-la-igualdad","status":"publish","type":"post","link":"https:\/\/www.bfv.cloud\/ajedrezeuropa\/viii-trofeo-de-navidad-ajedrez-por-la-igualdad\/","title":{"rendered":"VIII TROFEO DE NAVIDAD \u00abAJEDREZ POR LA IGUALDAD\u00bb"},"content":{"rendered":"<div class=\"separator\" style=\"clear: both;text-align: center\">\n<a href=\"https:\/\/www.bfv.cloud\/ajedrezeuropa\/wp-content\/uploads\/2012\/12\/CARTELDELTORNEODELAIGUALDAD.jpg\" style=\"clear: right;float: right;margin-bottom: 1em;margin-left: 1em\"><img fetchpriority=\"high\" decoding=\"async\" border=\"0\" height=\"282\" src=\"https:\/\/blogger.googleusercontent.com\/img\/b\/R29vZ2xl\/AVvXsEgLr160ib4z2948UQLIj90Fpwz8qkQotHAOfyPdIIKvF21Vhbu7ZSLYc9AzpuInYJbUxEGQnKBELV-cwSyt6UrvXyH7NHkQvnzdxkm7OXEyGUuWvciPs1nQcp_Qx6qGctEw3OF2yfS7JP4\/s400\/CARTEL+DEL+TORNEO+DE++LA+IGUALDAD.JPG\" width=\"400\" \/><\/a><\/div>\n<p><span style=\"color: #274e13;font-family: Arial, Helvetica, sans-serif\">El domingo 30 de diciembre se celebrar\u00e1 la 8\u00aa edici\u00f3n del trofeo&nbsp; \u00abAJEDREZ POR LA IGUALDAD\u00bb, recuperando as\u00ed&nbsp; una de las actividades m\u00e1s caracter\u00edsticas promovidas por nuestro proyecto desde que hace 9 a\u00f1os el club impulsar\u00e1 las jornadas \u00abajedrez y mujer\u00bb, con la presencia inaugural de la entonces campeona de Europa P\u00eda Cramling. El torneo estar\u00e1 dividido en 2 categor\u00edas (absoluta e infantil sub-10) y se disputar\u00e1 en horario de ma\u00f1ana. Los premios consistir\u00e1n en 4 trofeos por categor\u00eda, 2 masculinos y 2 femeninos. Las inscripciones podr\u00e1n realizarse hasta el 28 de diciembre mediante correo electr\u00f3nico a <a href=\"mailto:felixtoribio@terra.es\">felixtoribio@terra.es<\/a> indicando el nombre y apellidos, edad, elo y lugar de procedencia. \u00a1\u00a1OS ESPERAMOS A TODOS!!<\/span><\/p>\n","protected":false},"excerpt":{"rendered":"<p>El domingo 30 de diciembre se celebrar\u00e1 la 8\u00aa edici\u00f3n del trofeo&nbsp; \u00abAJEDREZ POR LA IGUALDAD\u00bb, recuperando as\u00ed&nbsp; una de las actividades m\u00e1s caracter\u00edsticas promovidas por nuestro proyecto desde que hace 9 a\u00f1os el club impulsar\u00e1 las jornadas \u00abajedrez y mujer\u00bb, con la presencia inaugural de la entonces campeona de Europa P\u00eda Cramling. El torneo [&hellip;]<\/p>\n","protected":false},"author":1,"featured_media":3461,"comment_status":"open","ping_status":"closed","sticky":false,"template":"","format":"standard","meta":{"footnotes":""},"categories":[1],"tags":[],"class_list":["post-3460","post","type-post","status-publish","format-standard","has-post-thumbnail","hentry","category-noticias"],"_links":{"self":[{"href":"https:\/\/www.bfv.cloud\/ajedrezeuropa\/wp-json\/wp\/v2\/posts\/3460","targetHints":{"allow":["GET"]}}],"collection":[{"href":"https:\/\/www.bfv.cloud\/ajedrezeuropa\/wp-json\/wp\/v2\/posts"}],"about":[{"href":"https:\/\/www.bfv.cloud\/ajedrezeuropa\/wp-json\/wp\/v2\/types\/post"}],"author":[{"embeddable":true,"href":"https:\/\/www.bfv.cloud\/ajedrezeuropa\/wp-json\/wp\/v2\/users\/1"}],"replies":[{"embeddable":true,"href":"https:\/\/www.bfv.cloud\/ajedrezeuropa\/wp-json\/wp\/v2\/comments?post=3460"}],"version-history":[{"count":1,"href":"https:\/\/www.bfv.cloud\/ajedrezeuropa\/wp-json\/wp\/v2\/posts\/3460\/revisions"}],"predecessor-version":[{"id":3462,"href":"https:\/\/www.bfv.cloud\/ajedrezeuropa\/wp-json\/wp\/v2\/posts\/3460\/revisions\/3462"}],"wp:featuredmedia":[{"embeddable":true,"href":"https:\/\/www.bfv.cloud\/ajedrezeuropa\/wp-json\/wp\/v2\/media\/3461"}],"wp:attachment":[{"href":"https:\/\/www.bfv.cloud\/ajedrezeuropa\/wp-json\/wp\/v2\/media?parent=3460"}],"wp:term":[{"taxonomy":"category","embeddable":true,"href":"https:\/\/www.bfv.cloud\/ajedrezeuropa\/wp-json\/wp\/v2\/categories?post=3460"},{"taxonomy":"post_tag","embeddable":true,"href":"https:\/\/www.bfv.cloud\/ajedrezeuropa\/wp-json\/wp\/v2\/tags?post=3460"}],"curies":[{"name":"wp","href":"https:\/\/api.w.org\/{rel}","templated":true}]}}