{"id":3463,"date":"2016-02-01T08:12:00","date_gmt":"2016-02-01T08:12:00","guid":{"rendered":"https:\/\/www.bfv.cloud\/ajedrezeuropa\/index.php\/2016\/02\/01\/la-escuela-de-ajedrez-de-alcazar-logra-su-mejor-resultado-en-un-provincial-escolar-2-oros-una-plata-y-3-bronces\/"},"modified":"2025-11-20T11:02:15","modified_gmt":"2025-11-20T11:02:15","slug":"la-escuela-de-ajedrez-de-alcazar-logra-su-mejor-resultado-en-un-provincial-escolar-2-oros-una-plata-y-3-bronces","status":"publish","type":"post","link":"https:\/\/www.bfv.cloud\/ajedrezeuropa\/la-escuela-de-ajedrez-de-alcazar-logra-su-mejor-resultado-en-un-provincial-escolar-2-oros-una-plata-y-3-bronces\/","title":{"rendered":"LA ESCUELA DE AJEDREZ DE ALC\u00c1ZAR LOGRA SU MEJOR RESULTADO EN UN PROVINCIAL ESCOLAR: 2 OROS, UNA PLATA Y 3 BRONCES"},"content":{"rendered":"<div class=\"separator\" style=\"clear: both;text-align: center\">\n<a href=\"https:\/\/www.bfv.cloud\/ajedrezeuropa\/wp-content\/uploads\/2016\/02\/IMG-20160130-WA002.jpg\" style=\"clear: left;float: left;margin-bottom: 1em;margin-right: 1em\"><img fetchpriority=\"high\" decoding=\"async\" border=\"0\" height=\"252\" src=\"https:\/\/blogger.googleusercontent.com\/img\/b\/R29vZ2xl\/AVvXsEi9xZPiY6KZdI9wg4kXpM21anVDaz9OkFi4wVkkIziHoIGNru0mRRpRvg1sWnzZyioVS92_QG5mKKcsaNbgPxe0YzN6HaOsRfnlx8rC0ziyyvCdR93ek9kgRLVJF0X1T6oFqZSI22EcZHo\/s400\/IMG-20160130-WA002.jpg\" width=\"400\" \/><\/a><\/div>\n<p><b><span style=\", sans-serif\">Con dos campeones provinciales y 3 medallas de bronce individuales, m\u00e1s una plata por equipos, finalizaba la mejor actuaci\u00f3n realizada por la Escuela de Ajedrez de Alc\u00e1zar en la fase provincial del Deporte en Edad Escolar de Ciudad Real<\/span><span style=\", serif\">.<\/span><span style=\", sans-serif\">&nbsp;Han sido 19 chicos y chicas los que han representado a Alc\u00e1zar y al proyecto NUESTRO AJEDREZ EN EUROPA, en las dos categor\u00edas, Infantil y Cadete, que clasifican para la fase regional.<\/span><\/b><br \/>\n<b><span style=\", sans-serif\"><br \/><\/span><\/b><br \/>\n<span style=\", sans-serif\"><u>En el Infantil: 4 clasificados para la fase de Castilla-La Mancha<\/u><\/span><br \/>\n<span style=\", sans-serif\"><b>Las victorias de Enrique Velasco e Isabel Marcos-Alberca en los apartados masculino y femenino de la categor\u00eda Infantil, acompa\u00f1ados de los meritorios terceros puestos de Arturo Mate y Nuria Lozano, marcan el dominio que la escuela de Alc\u00e1zar ha demostrado a lo largo de las cuatro jornadas de competici\u00f3n. En el caso de Isabel y Enrique el t\u00edtulo de campeones se ha alcanzado sin necesidad de recurrir a los sistemas de desempate, su puntuaci\u00f3n les ha elevado a la primera posici\u00f3n en solitario. Ciudad Real ha clasificado a 3 chicos y 3 chicas para la fase regional del CRDEE, de los cuales 4 pertenecen a la escuela alcazare\u00f1a.&nbsp;<\/b><\/span><br \/>\n<span style=\", sans-serif\"><u><br \/><\/u><\/span><br \/>\n<\/p>\n<div class=\"separator\" style=\"clear: both;text-align: center\">\n<\/div>\n<table cellpadding=\"0\" cellspacing=\"0\" class=\"tr-caption-container\" style=\"float: left;margin-right: 1em;text-align: left\">\n<tbody>\n<tr>\n<td style=\"text-align: center\"><a href=\"https:\/\/www.bfv.cloud\/ajedrezeuropa\/wp-content\/uploads\/2016\/02\/IMG_20160130_134639.jpg\" style=\"clear: left;margin-bottom: 1em;margin-left: auto;margin-right: auto\"><img decoding=\"async\" border=\"0\" height=\"400\" src=\"https:\/\/blogger.googleusercontent.com\/img\/b\/R29vZ2xl\/AVvXsEg1ID1cpNov3AUdJet_MIab1QedrGssKh0YK0yQYk0IQnAEeFMoktq1XPOArRIkmfM_TyC99BrnToZa0dve23bU8nE9jIZmGMWzN_kSXrMQVbE82Zo0wlP4HehPBh5ho4bMLXbPFKi3DoU\/s400\/IMG_20160130_134639.jpg\" width=\"317\" \/><\/a><\/td>\n<\/tr>\n<tr>\n<td class=\"tr-caption\" style=\"text-align: center\">En el centro, Enrique Velasco, campe\u00f3n del Infantil, y<br \/>\na la derecha, Arturo Mate, 3\u00ba<\/td>\n<\/tr>\n<\/tbody>\n<\/table>\n<p><\/p>\n<table cellpadding=\"0\" cellspacing=\"0\" class=\"tr-caption-container\" style=\"float: right;margin-left: 1em;text-align: right\">\n<tbody>\n<tr>\n<td style=\"text-align: center\"><a href=\"https:\/\/www.bfv.cloud\/ajedrezeuropa\/wp-content\/uploads\/2016\/02\/IMG_20160130_134555.jpg\" style=\"clear: right;margin-bottom: 1em;margin-left: auto;margin-right: auto\"><img decoding=\"async\" border=\"0\" height=\"400\" src=\"https:\/\/blogger.googleusercontent.com\/img\/b\/R29vZ2xl\/AVvXsEj52WXKjYh_P66fo5r0xHebmTnA9_Qu1gYbBpdq7Be-mqvzoKzA51KooLhM9uUNV3GPHjTG70V9cIWyoQB2s4D8i6mXwg8hUNgkcS67FAMlPrdF9qWw7MFgQxwTcIpOroMd2quCdmkhImM\/s400\/IMG_20160130_134555.jpg\" width=\"246\" \/><\/a><\/td>\n<\/tr>\n<tr>\n<td class=\"tr-caption\" style=\"text-align: center\">Isabel Marcos-Alberca, campeona, y<br \/>\nNuria Lozano, 3\u00aa clasificada, en la<br \/>\ncategor\u00eda Infantil femenina<\/td>\n<\/tr>\n<\/tbody>\n<\/table>\n<div class=\"separator\" style=\"clear: both;text-align: center\">\n<a href=\"https:\/\/www.bfv.cloud\/ajedrezeuropa\/wp-content\/uploads\/2016\/02\/IMG_20160130_134748.jpg\" style=\"clear: left;float: left;margin-bottom: 1em;margin-right: 1em\"><img loading=\"lazy\" decoding=\"async\" border=\"0\" height=\"320\" src=\"https:\/\/blogger.googleusercontent.com\/img\/b\/R29vZ2xl\/AVvXsEi8md7D5eQODP-q6HhEb925_kcycqg9S4qx9VT-PW-F_HVcQ9-Q2HCIwMz_m4GicTnRSNLgWwnTn2hyqvi2002_NR-jtjRDkmqGxgF9xUms_bFJciYl1jmLoDvbnCBzlk-Jr_ipoCIegs8\/s320\/IMG_20160130_134748.jpg\" width=\"217\" \/><\/a><\/div>\n<p><span style=\", sans-serif\"><b>Los otros 12 participantes de NUESTRO AJEDREZ EN EUROPA en este Escolar tambi\u00e9n han tenido un resultado destacado, acorde con la experiencia y el nivel de juego que han ido adquiriendo.<\/b><\/span><br \/>\n<span style=\", sans-serif\"><b>12\u00ba puesto para Pablo Vela con 5,5 puntos; 19\u00ba Daniel Climent con 5 puntos; con 4 puntos: Arsenio L\u00f3pez y Clara Vela (6\u00aa femenina); con 3,5 puntos: Roberto Petrosyan y Rub\u00e9n Monge; con 3 puntos: Sergio Arias y Adri\u00e1n Cruz; con 2,5 puntos: Roc\u00edo Arias y Marta Vela; con 2 puntos: Rafael Carrasco y Mateo Espa\u00f1\u00f3n.<\/b><\/span><br \/>\n<span style=\", sans-serif\"><b><br \/><\/b><\/span><br \/>\n<span style=\", sans-serif\"><u>Un bronce y un 5\u00ba puesto en el Cadete<\/u><\/span><br \/>\n<span style=\", sans-serif\"><b>En la categor\u00eda reservada para los jugadores de 15 y 16 a\u00f1os han finalizado su participaci\u00f3n Marta Espinosa (medalla de bronce femenina y clasificada para la fase auton\u00f3mica) y Julio M\u00e9rida, 5\u00ba clasificado con 3,5 puntos en 6 partidas.<\/b><\/span><\/p>\n<div class=\"separator\" style=\"clear: both;text-align: center\">\n<a href=\"https:\/\/www.bfv.cloud\/ajedrezeuropa\/wp-content\/uploads\/2016\/02\/IMG_20160130_135007.jpg\" style=\"clear: right;float: right;margin-bottom: 1em;margin-left: 1em\"><img loading=\"lazy\" decoding=\"async\" border=\"0\" height=\"381\" src=\"https:\/\/blogger.googleusercontent.com\/img\/b\/R29vZ2xl\/AVvXsEiAA5EiulgUcLdurB9mz9Csvzy3s288hTmUplmLZ-c79gfWg4_y3CF5rth2pcxWqrWtDadXYKrDqPqVOGa58O3ZlWqiUHfEq087KGdBVWNvKR4yvjkQLL_LukbJMGI_AjPdtyCQxp70iCk\/s400\/IMG_20160130_135007.jpg\" width=\"400\" \/><\/a><\/div>\n<p>\n<span style=\", sans-serif\"><b>En el conjunto de la competici\u00f3n Escolar ciudarreale\u00f1a la escuela alcazare\u00f1a suma 5 clasificados para la final de Castilla-La Mancha y alcanza 2 oros y 3 bronces. A estas distinciones hay que a\u00f1adir el subcampeonato alcanzado en la suma de resultados individuales, 3 del Infantil y 2 del Cadete, con las que se premia a los conjuntos escolares m\u00e1s destacados en su puntuaci\u00f3n.<\/b><\/span><\/p>\n<div class=\"separator\" style=\"clear: both;text-align: center\">\n<\/div>\n<p><\/p>\n","protected":false},"excerpt":{"rendered":"<p>Con dos campeones provinciales y 3 medallas de bronce individuales, m\u00e1s una plata por equipos, finalizaba la mejor actuaci\u00f3n realizada por la Escuela de Ajedrez de Alc\u00e1zar en la fase provincial del Deporte en Edad Escolar de Ciudad Real.&nbsp;Han sido 19 chicos y chicas los que han representado a Alc\u00e1zar y al proyecto NUESTRO AJEDREZ [&hellip;]<\/p>\n","protected":false},"author":1,"featured_media":3464,"comment_status":"open","ping_status":"closed","sticky":false,"template":"","format":"standard","meta":{"footnotes":""},"categories":[1],"tags":[],"class_list":["post-3463","post","type-post","status-publish","format-standard","has-post-thumbnail","hentry","category-noticias"],"_links":{"self":[{"href":"https:\/\/www.bfv.cloud\/ajedrezeuropa\/wp-json\/wp\/v2\/posts\/3463","targetHints":{"allow":["GET"]}}],"collection":[{"href":"https:\/\/www.bfv.cloud\/ajedrezeuropa\/wp-json\/wp\/v2\/posts"}],"about":[{"href":"https:\/\/www.bfv.cloud\/ajedrezeuropa\/wp-json\/wp\/v2\/types\/post"}],"author":[{"embeddable":true,"href":"https:\/\/www.bfv.cloud\/ajedrezeuropa\/wp-json\/wp\/v2\/users\/1"}],"replies":[{"embeddable":true,"href":"https:\/\/www.bfv.cloud\/ajedrezeuropa\/wp-json\/wp\/v2\/comments?post=3463"}],"version-history":[{"count":1,"href":"https:\/\/www.bfv.cloud\/ajedrezeuropa\/wp-json\/wp\/v2\/posts\/3463\/revisions"}],"predecessor-version":[{"id":3469,"href":"https:\/\/www.bfv.cloud\/ajedrezeuropa\/wp-json\/wp\/v2\/posts\/3463\/revisions\/3469"}],"wp:featuredmedia":[{"embeddable":true,"href":"https:\/\/www.bfv.cloud\/ajedrezeuropa\/wp-json\/wp\/v2\/media\/3464"}],"wp:attachment":[{"href":"https:\/\/www.bfv.cloud\/ajedrezeuropa\/wp-json\/wp\/v2\/media?parent=3463"}],"wp:term":[{"taxonomy":"category","embeddable":true,"href":"https:\/\/www.bfv.cloud\/ajedrezeuropa\/wp-json\/wp\/v2\/categories?post=3463"},{"taxonomy":"post_tag","embeddable":true,"href":"https:\/\/www.bfv.cloud\/ajedrezeuropa\/wp-json\/wp\/v2\/tags?post=3463"}],"curies":[{"name":"wp","href":"https:\/\/api.w.org\/{rel}","templated":true}]}}