{"id":3470,"date":"2011-09-05T23:14:00","date_gmt":"2011-09-05T23:14:00","guid":{"rendered":"https:\/\/www.bfv.cloud\/ajedrezeuropa\/index.php\/2011\/09\/05\/en-juego-el-campeonato-de-castilla-la-mancha-por-equipos-sub-16\/"},"modified":"2025-11-20T11:02:18","modified_gmt":"2025-11-20T11:02:18","slug":"en-juego-el-campeonato-de-castilla-la-mancha-por-equipos-sub-16","status":"publish","type":"post","link":"https:\/\/www.bfv.cloud\/ajedrezeuropa\/en-juego-el-campeonato-de-castilla-la-mancha-por-equipos-sub-16\/","title":{"rendered":"EN JUEGO EL CAMPEONATO DE CASTILLA-LA MANCHA POR EQUIPOS SUB-16"},"content":{"rendered":"<p>\ufeff <\/p>\n<table cellpadding=\"0\" cellspacing=\"0\" class=\"tr-caption-container\" style=\"float: left;margin-right: 1em;text-align: left\">\n<tbody>\n<tr>\n<td style=\"text-align: center\"><a href=\"https:\/\/www.bfv.cloud\/ajedrezeuropa\/wp-content\/uploads\/2011\/09\/CAMPEONATODEESPA25C32591ACLUBS-16029.jpg\" style=\"clear: left;margin-bottom: 1em;margin-left: auto;margin-right: auto\"><img fetchpriority=\"high\" decoding=\"async\" border=\"0\" height=\"400\" src=\"https:\/\/blogger.googleusercontent.com\/img\/b\/R29vZ2xl\/AVvXsEgszWtNklhsqZjO9xzmy9TEnZbbZYBpomenYsP5IYthG5c4rbO-wdPL2Neouqxukiq5kpHrrFAwLGH-2i2jT_VNR6p8F3RyKvsuNsgQVWNjS2qgAzkjtIZI_MNtBTsxle2R88RFBlGZNAw\/s400\/CAMPEONATO+DE+ESPA%25C3%2591A+CLUB+S-16+029.jpg\" width=\"300\" \/><\/a><\/td>\n<\/tr>\n<tr>\n<td class=\"tr-caption\" style=\"text-align: center\">Nuestro Ajedrez en Europa entra en <br \/>\ncompetici\u00f3n para revalidar su <br \/>\nt\u00edtulo de campe\u00f3n regional de 2010<\/td>\n<\/tr>\n<\/tbody>\n<\/table>\n<p>\ufeff <span style=\"font-family: Arial, Helvetica, sans-serif\">Ayer lunes comenzaba en Daimiel la 2\u00aa edici\u00f3n del Campeonato Regional por Equipos sub-16, disput\u00e1ndose la 1\u00aa ronda de una competici\u00f3n&nbsp;prevista a un total de 6 mediante sistema suizo. El equipo de Nuestro Ajedrez en Europa, actual campe\u00f3n regional, est\u00e1 compuesto por los siguientes 5 jugadores: Santiago Talavera, Daniel P\u00edriz, Jorge Sim\u00f3n, Sergio Valencia y Jos\u00e9 \u00c1ngel Vela, acompa\u00f1\u00e1ndoles como delegado Luis Miguel Monreal. En nombre de todos los que formamos este proyecto, desde los m\u00e1s&nbsp;peque\u00f1os hasta los mayores,&nbsp;queremos desearles el mayor de los \u00e9xitos. Los resultados de cada ronda, de forma que se vayan produciendo, pod\u00e9is seguirlos en el siguiente enlace con la p\u00e1gina de chess-results:<\/span><\/p>\n<p><a href=\"http:\/\/chess-results.com\/tnr55543.aspx?lan=2\">Resultados y clasificaciones del regional por clubes sub-16<\/a><\/p>\n","protected":false},"excerpt":{"rendered":"<p>\ufeff Nuestro Ajedrez en Europa entra en competici\u00f3n para revalidar su t\u00edtulo de campe\u00f3n regional de 2010 \ufeff Ayer lunes comenzaba en Daimiel la 2\u00aa edici\u00f3n del Campeonato Regional por Equipos sub-16, disput\u00e1ndose la 1\u00aa ronda de una competici\u00f3n&nbsp;prevista a un total de 6 mediante sistema suizo. El equipo de Nuestro Ajedrez en Europa, actual [&hellip;]<\/p>\n","protected":false},"author":1,"featured_media":3471,"comment_status":"open","ping_status":"closed","sticky":false,"template":"","format":"standard","meta":{"footnotes":""},"categories":[1],"tags":[],"class_list":["post-3470","post","type-post","status-publish","format-standard","has-post-thumbnail","hentry","category-noticias"],"_links":{"self":[{"href":"https:\/\/www.bfv.cloud\/ajedrezeuropa\/wp-json\/wp\/v2\/posts\/3470","targetHints":{"allow":["GET"]}}],"collection":[{"href":"https:\/\/www.bfv.cloud\/ajedrezeuropa\/wp-json\/wp\/v2\/posts"}],"about":[{"href":"https:\/\/www.bfv.cloud\/ajedrezeuropa\/wp-json\/wp\/v2\/types\/post"}],"author":[{"embeddable":true,"href":"https:\/\/www.bfv.cloud\/ajedrezeuropa\/wp-json\/wp\/v2\/users\/1"}],"replies":[{"embeddable":true,"href":"https:\/\/www.bfv.cloud\/ajedrezeuropa\/wp-json\/wp\/v2\/comments?post=3470"}],"version-history":[{"count":1,"href":"https:\/\/www.bfv.cloud\/ajedrezeuropa\/wp-json\/wp\/v2\/posts\/3470\/revisions"}],"predecessor-version":[{"id":3472,"href":"https:\/\/www.bfv.cloud\/ajedrezeuropa\/wp-json\/wp\/v2\/posts\/3470\/revisions\/3472"}],"wp:featuredmedia":[{"embeddable":true,"href":"https:\/\/www.bfv.cloud\/ajedrezeuropa\/wp-json\/wp\/v2\/media\/3471"}],"wp:attachment":[{"href":"https:\/\/www.bfv.cloud\/ajedrezeuropa\/wp-json\/wp\/v2\/media?parent=3470"}],"wp:term":[{"taxonomy":"category","embeddable":true,"href":"https:\/\/www.bfv.cloud\/ajedrezeuropa\/wp-json\/wp\/v2\/categories?post=3470"},{"taxonomy":"post_tag","embeddable":true,"href":"https:\/\/www.bfv.cloud\/ajedrezeuropa\/wp-json\/wp\/v2\/tags?post=3470"}],"curies":[{"name":"wp","href":"https:\/\/api.w.org\/{rel}","templated":true}]}}