{"id":3473,"date":"2012-08-17T13:40:00","date_gmt":"2012-08-17T13:40:00","guid":{"rendered":"https:\/\/www.bfv.cloud\/ajedrezeuropa\/index.php\/2012\/08\/17\/nuestro-ajedrez-en-europa-participa-en-la-noche-del-patrimonio-de-alcazar-de-san-juan\/"},"modified":"2025-11-20T11:02:24","modified_gmt":"2025-11-20T11:02:24","slug":"nuestro-ajedrez-en-europa-participa-en-la-noche-del-patrimonio-de-alcazar-de-san-juan","status":"publish","type":"post","link":"https:\/\/www.bfv.cloud\/ajedrezeuropa\/nuestro-ajedrez-en-europa-participa-en-la-noche-del-patrimonio-de-alcazar-de-san-juan\/","title":{"rendered":"NUESTRO AJEDREZ EN EUROPA PARTICIPA EN LA NOCHE DEL PATRIMONIO DE ALC\u00c1ZAR DE SAN JUAN"},"content":{"rendered":"<div style=\"border-bottom: medium none;border-left: medium none;border-right: medium none;border-top: medium none\">&nbsp;  <\/p>\n<table cellpadding=\"0\" cellspacing=\"0\" class=\"tr-caption-container\" style=\"float: left;margin-right: 1em;text-align: left\">\n<tbody>\n<tr>\n<td style=\"text-align: center\"><a href=\"https:\/\/www.bfv.cloud\/ajedrezeuropa\/wp-content\/uploads\/2012\/08\/nochedelpatrimonio011.jpg\" style=\"clear: left;margin-bottom: 1em;margin-left: auto;margin-right: auto\"><img fetchpriority=\"high\" decoding=\"async\" border=\"0\" height=\"400\" src=\"https:\/\/blogger.googleusercontent.com\/img\/b\/R29vZ2xl\/AVvXsEhi3BSYELb-nRKqzX-fJTmKKsKTrp5b8_QHs6UBpuWwOysvtf1e08gqn3zZ-21fZhtBKGgxM98ft9-ofamhDjOPORPrz1OWge5m4RIQeykiZuVsveUH28YOyERXhjRZ3947HxN0XfofBpI\/s400\/noche+del+patrimonio+011.jpg\" width=\"300\" \/><\/a><\/td>\n<\/tr>\n<tr>\n<td class=\"tr-caption\" style=\"text-align: center\">Frente a la Capilla de Palacio y al Torre\u00f3n<br \/>\nse jugaban varias partidas<\/td>\n<\/tr>\n<\/tbody>\n<\/table>\n<p>\ufeff&nbsp;<span style=\"background-color: white;color: blue;, sans-serif\"><strong>El pasado 16 de agosto, Alc\u00e1zar de San Juan, ha vuelto a celebrar la \u201cNOCHE DEL PATRIMONIO\u201d. En esta ocasi\u00f3n al acontecimiento cultural, divulgativo y festivo del conjunto hist\u00f3rico alcazare\u00f1o se ha a\u00f1adido un reconocimiento al noble y milenario juego del ajedrez.<\/strong><\/span><\/div>\n<p><span style=\"background-color: white;color: blue;, sans-serif\"><strong><\/strong><\/span><br \/>\n<span style=\", sans-serif\"><br \/>\n<strong><span style=\"background-color: white;color: blue\"><\/span><\/strong><\/span> <span style=\"background-color: white;color: blue;, sans-serif\"><strong>Los numerosos visitantes al Torre\u00f3n de D. Juan de Austria, a la Capilla de Palacio o a la Iglesia de Santa Mar\u00eda La Mayor, pudieron contemplar la representaci\u00f3n teatral del encuentro entre dos culturas alrededor de un tablero. Un musulm\u00e1n y un cristiano dirimen sus pensamientos mientras comparten el juego. Basado en un hermoso texto del escritor argentino Jorge Luis Borges y teniendo al ajedrez como gran protagonista, los dos guerreros, abatidos por la muerte, enfrentan sus diferencias utilizando las armas de la reflexi\u00f3n y la l\u00f3gica. Entretanto, un grupo de 16 chicos y chicas de las escuelas de ajedrez de Alc\u00e1zar y Villafranca, colaboraban en la ambientaci\u00f3n disputando partidas de ajedrez en las entradas a los edificios hist\u00f3ricos de la ciudad.<\/strong><\/span><br \/>\n<span style=\"background-color: white\"><br \/>\n<span style=\"color: blue\"><\/span><\/span> \ufeff  <\/p>\n<table cellpadding=\"0\" cellspacing=\"0\" class=\"tr-caption-container\" style=\"clear: right;float: right;margin-bottom: 1em;text-align: right\">\n<tbody>\n<tr>\n<td style=\"text-align: center\"><a href=\"https:\/\/www.bfv.cloud\/ajedrezeuropa\/wp-content\/uploads\/2012\/08\/nochedelpatrimonio036.jpg\" style=\"clear: right;margin-bottom: 1em;margin-left: auto;margin-right: auto\"><img decoding=\"async\" border=\"0\" height=\"300\" src=\"https:\/\/blogger.googleusercontent.com\/img\/b\/R29vZ2xl\/AVvXsEhEAcfjrEoFXu-QvzQpClJfx-enIMvZ4QOLD3QeaQtnCkhyu6IU_wnk6UkpKMkoKFomTqjBA3bLxqpdFYaieiJNvUkqzbZaibR1993eZH1JGqvEBHZl_XsHy1ioFLmo3c8VmSkZtTyGon0\/s400\/noche+del+patrimonio+036.jpg\" width=\"400\" \/><\/a><\/td>\n<\/tr>\n<tr>\n<td class=\"tr-caption\" style=\"text-align: center\">Algunos de nuestros ajedrecistas se dispusieron frente a la<br \/>\niglesia de Santa Mar\u00eda<\/td>\n<\/tr>\n<\/tbody>\n<\/table>\n<p>\ufeff  <\/p>\n<div style=\"border-bottom: medium none;border-left: medium none;border-right: medium none;border-top: medium none\"><span style=\"color: blue;, sans-serif\"><strong>Esta primera experiencia de colaboraci\u00f3n en un acontecimiento cultural ha resultado muy positiva. Tanto la representaci\u00f3n como el contexto hist\u00f3rico donde se realiza genera una importante expectaci\u00f3n, a la vez que capta la atenci\u00f3n de los visitantes. Es muy importante que el ajedrez tenga oportunidades de manifestarse, adem\u00e1s de c\u00f3mo deporte, como un hecho cultural de gran relevancia desde los albores de la \u00e9poca medieval hasta nuestros d\u00edas. Y tambi\u00e9n es fundamental que esto pueda hacerse de cara a los ciudadanos, compartiendo con ellos los momentos de acercamiento a sus aficiones y sus ratos de ocio. <\/strong><\/span><\/div>\n<table align=\"center\" cellpadding=\"0\" cellspacing=\"0\" class=\"tr-caption-container\" style=\"margin-left: auto;margin-right: auto;text-align: left\">\n<tbody>\n<tr>\n<td style=\"text-align: center\"><a href=\"https:\/\/www.bfv.cloud\/ajedrezeuropa\/wp-content\/uploads\/2012\/08\/nochedelpatrimonio039.jpg\" style=\"clear: left;margin-bottom: 1em;margin-left: auto;margin-right: auto\"><img decoding=\"async\" border=\"0\" height=\"336\" src=\"https:\/\/blogger.googleusercontent.com\/img\/b\/R29vZ2xl\/AVvXsEjXLFEAN88Cn9zopfUAMAHz9ys21gqJ-qD1NkEN0Y3xlI-O6npG95JF_qG7A-l4kyaUZCfELvfV2TrMGLcLyzH19nvjEDBYI80vRvm-KXp9L9NBrMto7MePvkbjF2MjlKDnjwPtC1u1utg\/s400\/noche+del+patrimonio+039.jpg\" width=\"400\" \/><\/a><\/td>\n<\/tr>\n<tr>\n<td class=\"tr-caption\" style=\"text-align: center\">En el lugar donde se produc\u00eda<br \/>\nel cambio de la guardia de los caballeros de la orden de <br \/>\nSan Juan tambi\u00e9n estaba presente el ajedrez<\/td>\n<\/tr>\n<\/tbody>\n<\/table>\n<div style=\"border-bottom: medium none;border-left: medium none;border-right: medium none;border-top: medium none\">\ufeff\ufeff \ufeff  <\/p>\n<table align=\"center\" cellpadding=\"0\" cellspacing=\"0\" class=\"tr-caption-container\" style=\"margin-left: auto;margin-right: auto;text-align: center\">\n<tbody>\n<tr>\n<td style=\"text-align: center\"><a href=\"https:\/\/www.bfv.cloud\/ajedrezeuropa\/wp-content\/uploads\/2012\/08\/nochedelpatrimonio006.jpg\" style=\"margin-left: auto;margin-right: auto\"><img loading=\"lazy\" decoding=\"async\" border=\"0\" height=\"300\" src=\"https:\/\/blogger.googleusercontent.com\/img\/b\/R29vZ2xl\/AVvXsEhMm4GEM25URo46bCId3WEAv_GlbOV0GK4MnFrGonDTke7upjCrFj7f-C0vevq3cVugsbDF80wlDMAmSBtZVp8u7BPQhTwRvlgSjjkMdASUAACA8d7WQtM8rGobOUfXYqaXUhxL3YLuc70\/s400\/noche+del+patrimonio+006.jpg\" width=\"400\" \/><\/a><\/td>\n<\/tr>\n<tr>\n<td class=\"tr-caption\" style=\"text-align: center\">La representaci\u00f3n de la partida de ajedrez tuvo lugar en la entrada<br \/>\nal Torre\u00f3n, acompa\u00f1ada por algunos de nuestros<br \/>\nalumnos y alumnas<\/td>\n<\/tr>\n<\/tbody>\n<\/table>\n<p>\ufeff<\/p><\/div>\n<div class=\"separator\" style=\"border-bottom: medium none;border-left: medium none;border-right: medium none;border-top: medium none;clear: both;text-align: center\"><\/div>\n<div class=\"separator\" style=\"border-bottom: medium none;border-left: medium none;border-right: medium none;border-top: medium none;clear: both;text-align: center\"><\/div>\n","protected":false},"excerpt":{"rendered":"<p>&nbsp; Frente a la Capilla de Palacio y al Torre\u00f3n se jugaban varias partidas \ufeff&nbsp;El pasado 16 de agosto, Alc\u00e1zar de San Juan, ha vuelto a celebrar la \u201cNOCHE DEL PATRIMONIO\u201d. En esta ocasi\u00f3n al acontecimiento cultural, divulgativo y festivo del conjunto hist\u00f3rico alcazare\u00f1o se ha a\u00f1adido un reconocimiento al noble y milenario juego del [&hellip;]<\/p>\n","protected":false},"author":1,"featured_media":3474,"comment_status":"open","ping_status":"closed","sticky":false,"template":"","format":"standard","meta":{"footnotes":""},"categories":[1],"tags":[],"class_list":["post-3473","post","type-post","status-publish","format-standard","has-post-thumbnail","hentry","category-noticias"],"_links":{"self":[{"href":"https:\/\/www.bfv.cloud\/ajedrezeuropa\/wp-json\/wp\/v2\/posts\/3473","targetHints":{"allow":["GET"]}}],"collection":[{"href":"https:\/\/www.bfv.cloud\/ajedrezeuropa\/wp-json\/wp\/v2\/posts"}],"about":[{"href":"https:\/\/www.bfv.cloud\/ajedrezeuropa\/wp-json\/wp\/v2\/types\/post"}],"author":[{"embeddable":true,"href":"https:\/\/www.bfv.cloud\/ajedrezeuropa\/wp-json\/wp\/v2\/users\/1"}],"replies":[{"embeddable":true,"href":"https:\/\/www.bfv.cloud\/ajedrezeuropa\/wp-json\/wp\/v2\/comments?post=3473"}],"version-history":[{"count":1,"href":"https:\/\/www.bfv.cloud\/ajedrezeuropa\/wp-json\/wp\/v2\/posts\/3473\/revisions"}],"predecessor-version":[{"id":3478,"href":"https:\/\/www.bfv.cloud\/ajedrezeuropa\/wp-json\/wp\/v2\/posts\/3473\/revisions\/3478"}],"wp:featuredmedia":[{"embeddable":true,"href":"https:\/\/www.bfv.cloud\/ajedrezeuropa\/wp-json\/wp\/v2\/media\/3474"}],"wp:attachment":[{"href":"https:\/\/www.bfv.cloud\/ajedrezeuropa\/wp-json\/wp\/v2\/media?parent=3473"}],"wp:term":[{"taxonomy":"category","embeddable":true,"href":"https:\/\/www.bfv.cloud\/ajedrezeuropa\/wp-json\/wp\/v2\/categories?post=3473"},{"taxonomy":"post_tag","embeddable":true,"href":"https:\/\/www.bfv.cloud\/ajedrezeuropa\/wp-json\/wp\/v2\/tags?post=3473"}],"curies":[{"name":"wp","href":"https:\/\/api.w.org\/{rel}","templated":true}]}}