{"id":3481,"date":"2016-05-22T21:40:00","date_gmt":"2016-05-22T21:40:00","guid":{"rendered":"https:\/\/www.bfv.cloud\/ajedrezeuropa\/index.php\/2016\/05\/22\/continua-la-gran-actuacion-de-nuestros-jugadores-en-san-viator\/"},"modified":"2025-11-20T11:02:27","modified_gmt":"2025-11-20T11:02:27","slug":"continua-la-gran-actuacion-de-nuestros-jugadores-en-san-viator","status":"publish","type":"post","link":"https:\/\/www.bfv.cloud\/ajedrezeuropa\/continua-la-gran-actuacion-de-nuestros-jugadores-en-san-viator\/","title":{"rendered":"\u00a1\u00a1CONTIN\u00daA LA GRAN ACTUACI\u00d3N DE NUESTROS JUGADORES EN SAN VIATOR!!"},"content":{"rendered":"<div class=\"separator\" style=\"clear: both;text-align: center\">\n<a href=\"https:\/\/www.bfv.cloud\/ajedrezeuropa\/wp-content\/uploads\/2016\/05\/XXVI-Sanvi.jpg\" style=\"clear: right;float: right;margin-bottom: 1em;margin-left: 1em\"><img fetchpriority=\"high\" decoding=\"async\" border=\"0\" height=\"160\" src=\"https:\/\/blogger.googleusercontent.com\/img\/b\/R29vZ2xl\/AVvXsEhoqN3uKrbTxgpnP3A65Gd554vcKN3tFr21KFqVnoWP4l1SONh4qmdP09V5piOvttxscaG4pAb39R1H79dld_fBhn4siuuyqSQDw1SPpEflE3az2ev1asP4Bq2Kruts3SakoIAOwGAF188\/s400\/XXVI-Sanvi.jpg\" width=\"400\" \/><\/a><\/div>\n<p><a href=\"https:\/\/www.bfv.cloud\/ajedrezeuropa\/wp-content\/uploads\/2016\/05\/IMG_20160410_100725.jpg\" style=\"clear: right;float: right;margin-bottom: 1em;margin-left: 1em;text-align: center\"><img decoding=\"async\" border=\"0\" height=\"240\" src=\"https:\/\/blogger.googleusercontent.com\/img\/b\/R29vZ2xl\/AVvXsEhwejnnLHpoMl1xeK17njAv9V_GcjX8yC0ocM0jqlxrIjIeuA2HxTZ4u9qIzvhJbpq5FXVeLGyw1ZF7_9TaLp8DKL3a86AMXK5-HJyNmK4C-GWBBHCISw5cuuo8jrVhZfUbuPPxYtyWYok\/s320\/IMG_20160410_100725.jpg\" width=\"320\" \/><\/a><span style=\"font-family: Arial, Helvetica, sans-serif\"><b>Hoy se ha jugado la 7\u00aa ronda del Torneo San Viator de Madrid con los 4 jugadores de NUESTRO AJEDREZ EN EUROPA que lo est\u00e1n disputando en un nivel tan alto que les permite colocarse en los primeros puestos de la clasificaci\u00f3n de sus categor\u00edas, incluyendo la general.<\/b><\/span><br \/>\n<span style=\"font-family: Arial, Helvetica, sans-serif\"><b><i><u>ROBERTO L\u00d3PEZ ENTRE EL GRUPO DE L\u00cdDERES CON 6 PUNTOS<\/u><\/i><\/b><\/span><br \/>\n<span style=\"font-family: Arial, Helvetica, sans-serif\"><b>En el grupo de cabeza del torneo figuran 3 jugadores que han sumado 6 puntos despu\u00e9s de 7 domingos de competici\u00f3n, entre los que se encuentra Roberto L\u00f3pez N\u00fa\u00f1ez. Roberto, igual que sus 3 compa\u00f1eros de la escuela de ajedrez de Villafranca, est\u00e1 compatibilizando este torneo con otros campeonatos, por lo que solamente ha podido disputar 5 rondas. Su actuaci\u00f3n es realmente impresionante, alcanzando una valoraci\u00f3n performance de 2.321 puntos.&nbsp;<\/b><\/span><br \/>\n<span style=\"font-family: Arial, Helvetica, sans-serif\"><b><i><u>ALFREDO, IRENE Y ALONSO MANTIENEN SU L\u00cdNEA ASCENDENTE<\/u><\/i><\/b><\/span><br \/>\n<span style=\"font-family: Arial, Helvetica, sans-serif\"><b>Por su parte, Alfredo Amador And\u00fajar e Irene Sim\u00f3n Escalona, alcanzan 4,5 puntos que los sit\u00faan al frente de sus respectivas categor\u00edas de edad. Su buen rendimiento tambi\u00e9n les permite ganar una apreciable cantidad de puntos en su valoraci\u00f3n de ELO. En este mismo caso se encuentra Alonso L\u00f3pez N\u00fa\u00f1ez tras sumar 4 puntos y encabezar el cuadro del sub-10.<\/b><\/span><br \/>\n<span style=\"font-family: Arial, Helvetica, sans-serif\"><b>Tanto Roberto, como Irene y Alfredo, no podr\u00e1n asisitir a la 8\u00aa ronda del pr\u00f3ximo domingo 29 de mayo de este interesante torneo madrile\u00f1o por encontrarse clasificados para la fase regional del CAMPEONATO DEL DEPORTE EN EDAD ESCOLAR de Castilla-La Mancha del que muy pronto hablaremos.<\/b><\/span>&nbsp;<\/p>\n","protected":false},"excerpt":{"rendered":"<p>Hoy se ha jugado la 7\u00aa ronda del Torneo San Viator de Madrid con los 4 jugadores de NUESTRO AJEDREZ EN EUROPA que lo est\u00e1n disputando en un nivel tan alto que les permite colocarse en los primeros puestos de la clasificaci\u00f3n de sus categor\u00edas, incluyendo la general. ROBERTO L\u00d3PEZ ENTRE EL GRUPO DE L\u00cdDERES [&hellip;]<\/p>\n","protected":false},"author":1,"featured_media":3482,"comment_status":"open","ping_status":"closed","sticky":false,"template":"","format":"standard","meta":{"footnotes":""},"categories":[1],"tags":[],"class_list":["post-3481","post","type-post","status-publish","format-standard","has-post-thumbnail","hentry","category-noticias"],"_links":{"self":[{"href":"https:\/\/www.bfv.cloud\/ajedrezeuropa\/wp-json\/wp\/v2\/posts\/3481","targetHints":{"allow":["GET"]}}],"collection":[{"href":"https:\/\/www.bfv.cloud\/ajedrezeuropa\/wp-json\/wp\/v2\/posts"}],"about":[{"href":"https:\/\/www.bfv.cloud\/ajedrezeuropa\/wp-json\/wp\/v2\/types\/post"}],"author":[{"embeddable":true,"href":"https:\/\/www.bfv.cloud\/ajedrezeuropa\/wp-json\/wp\/v2\/users\/1"}],"replies":[{"embeddable":true,"href":"https:\/\/www.bfv.cloud\/ajedrezeuropa\/wp-json\/wp\/v2\/comments?post=3481"}],"version-history":[{"count":1,"href":"https:\/\/www.bfv.cloud\/ajedrezeuropa\/wp-json\/wp\/v2\/posts\/3481\/revisions"}],"predecessor-version":[{"id":3484,"href":"https:\/\/www.bfv.cloud\/ajedrezeuropa\/wp-json\/wp\/v2\/posts\/3481\/revisions\/3484"}],"wp:featuredmedia":[{"embeddable":true,"href":"https:\/\/www.bfv.cloud\/ajedrezeuropa\/wp-json\/wp\/v2\/media\/3482"}],"wp:attachment":[{"href":"https:\/\/www.bfv.cloud\/ajedrezeuropa\/wp-json\/wp\/v2\/media?parent=3481"}],"wp:term":[{"taxonomy":"category","embeddable":true,"href":"https:\/\/www.bfv.cloud\/ajedrezeuropa\/wp-json\/wp\/v2\/categories?post=3481"},{"taxonomy":"post_tag","embeddable":true,"href":"https:\/\/www.bfv.cloud\/ajedrezeuropa\/wp-json\/wp\/v2\/tags?post=3481"}],"curies":[{"name":"wp","href":"https:\/\/api.w.org\/{rel}","templated":true}]}}