{"id":3485,"date":"2012-05-18T23:27:00","date_gmt":"2012-05-18T23:27:00","guid":{"rendered":"https:\/\/www.bfv.cloud\/ajedrezeuropa\/index.php\/2012\/05\/18\/el-regional-por-equipos-absoluto-en-ciudad-real\/"},"modified":"2025-11-20T11:02:29","modified_gmt":"2025-11-20T11:02:29","slug":"el-regional-por-equipos-absoluto-en-ciudad-real","status":"publish","type":"post","link":"https:\/\/www.bfv.cloud\/ajedrezeuropa\/el-regional-por-equipos-absoluto-en-ciudad-real\/","title":{"rendered":"EL REGIONAL POR EQUIPOS ABSOLUTO EN CIUDAD REAL"},"content":{"rendered":"<div class=\"separator\" style=\"clear: both;text-align: left\"><span style=\", sans-serif\">A propuesta de los organizadores, hemos decidido colgar el cartel oficial del Campeonato Regional por Equipos en la categor\u00eda absoluta que se celebrar\u00e1 en Ciudad Real del 7 al 10 de junio. Queremos con ello dar nuestro apoyo a la celebraci\u00f3n de esta competici\u00f3n en la capital manchega, a pesar de que las fechas elegidas por la federaci\u00f3n auton\u00f3mica sean p\u00e9simas para la participaci\u00f3n de los estudiantes universitarios y de ense\u00f1anza media que, en buena medida, nutren de jugadores a casi todos los clubes que disputar\u00e1n este torneo, incluidos nuestros 2 equipos.<\/span><a href=\"https:\/\/www.bfv.cloud\/ajedrezeuropa\/wp-content\/uploads\/2012\/05\/CARTELDELCMP.REGIONALABSOLUTO.jpg\" style=\"clear: left;float: left;margin-bottom: 1em;margin-right: 1em\"><img fetchpriority=\"high\" decoding=\"async\" border=\"0\" height=\"640\" src=\"https:\/\/blogger.googleusercontent.com\/img\/b\/R29vZ2xl\/AVvXsEjLkm9aLMdfeoWVZLwI1CYN2ptlJs2Mkte54p_cEbbop5mxmGEVEsC5QgYzxahqU175glb3fjT5mue8xlvBmHaiVF1NGANLmW265U_OL43TAYNQpASS1H4d1jyyrlgpJ2U0kb_5MSj2QRQ\/s640\/CARTEL+DEL+CMP.+REGIONAL+ABSOLUTO.JPG\" width=\"451\" \/><\/a><\/div>\n<div class=\"separator\" style=\"clear: both;text-align: center\"><span style=\"font-family: Verdana, sans-serif\">Por otra parte, os anunciamos que a lo largo de la pr\u00f3xima semana empezaremos a colgar informaci\u00f3n relativa al calendario de actividades de nuestro proyecto durante el verano: escuela de verano, campus, etc.<\/span><\/div>\n<div class=\"separator\" style=\"clear: both;text-align: center\"><span style=\"font-family: Verdana\">Tambi\u00e9n subiremos informaci\u00f3n de las competiciones m\u00e1s importantes que se desarrollar\u00e1n durante los pr\u00f3ximos meses: campeonatos de Espa\u00f1a de edades, campeonatos por equipos sub-16 (en sus distintos \u00e1mbitos territoriales), torneos organizados por nuestras escuelas y otras noticias de inter\u00e9s que puedan ir surgiendo.<\/span>&nbsp;<\/div>\n","protected":false},"excerpt":{"rendered":"<p>A propuesta de los organizadores, hemos decidido colgar el cartel oficial del Campeonato Regional por Equipos en la categor\u00eda absoluta que se celebrar\u00e1 en Ciudad Real del 7 al 10 de junio. Queremos con ello dar nuestro apoyo a la celebraci\u00f3n de esta competici\u00f3n en la capital manchega, a pesar de que las fechas elegidas [&hellip;]<\/p>\n","protected":false},"author":1,"featured_media":3486,"comment_status":"open","ping_status":"closed","sticky":false,"template":"","format":"standard","meta":{"footnotes":""},"categories":[1],"tags":[],"class_list":["post-3485","post","type-post","status-publish","format-standard","has-post-thumbnail","hentry","category-noticias"],"_links":{"self":[{"href":"https:\/\/www.bfv.cloud\/ajedrezeuropa\/wp-json\/wp\/v2\/posts\/3485","targetHints":{"allow":["GET"]}}],"collection":[{"href":"https:\/\/www.bfv.cloud\/ajedrezeuropa\/wp-json\/wp\/v2\/posts"}],"about":[{"href":"https:\/\/www.bfv.cloud\/ajedrezeuropa\/wp-json\/wp\/v2\/types\/post"}],"author":[{"embeddable":true,"href":"https:\/\/www.bfv.cloud\/ajedrezeuropa\/wp-json\/wp\/v2\/users\/1"}],"replies":[{"embeddable":true,"href":"https:\/\/www.bfv.cloud\/ajedrezeuropa\/wp-json\/wp\/v2\/comments?post=3485"}],"version-history":[{"count":1,"href":"https:\/\/www.bfv.cloud\/ajedrezeuropa\/wp-json\/wp\/v2\/posts\/3485\/revisions"}],"predecessor-version":[{"id":3487,"href":"https:\/\/www.bfv.cloud\/ajedrezeuropa\/wp-json\/wp\/v2\/posts\/3485\/revisions\/3487"}],"wp:featuredmedia":[{"embeddable":true,"href":"https:\/\/www.bfv.cloud\/ajedrezeuropa\/wp-json\/wp\/v2\/media\/3486"}],"wp:attachment":[{"href":"https:\/\/www.bfv.cloud\/ajedrezeuropa\/wp-json\/wp\/v2\/media?parent=3485"}],"wp:term":[{"taxonomy":"category","embeddable":true,"href":"https:\/\/www.bfv.cloud\/ajedrezeuropa\/wp-json\/wp\/v2\/categories?post=3485"},{"taxonomy":"post_tag","embeddable":true,"href":"https:\/\/www.bfv.cloud\/ajedrezeuropa\/wp-json\/wp\/v2\/tags?post=3485"}],"curies":[{"name":"wp","href":"https:\/\/api.w.org\/{rel}","templated":true}]}}