{"id":3488,"date":"2019-11-11T20:11:00","date_gmt":"2019-11-11T20:11:00","guid":{"rendered":"https:\/\/www.bfv.cloud\/ajedrezeuropa\/index.php\/2019\/11\/11\/nuestros-6-equipos-en-el-campeonato-provincial-de-toledo\/"},"modified":"2025-11-20T11:02:36","modified_gmt":"2025-11-20T11:02:36","slug":"nuestros-6-equipos-en-el-campeonato-provincial-de-toledo","status":"publish","type":"post","link":"https:\/\/www.bfv.cloud\/ajedrezeuropa\/nuestros-6-equipos-en-el-campeonato-provincial-de-toledo\/","title":{"rendered":"NUESTROS 6 EQUIPOS EN EL CAMPEONATO PROVINCIAL DE TOLEDO"},"content":{"rendered":"<table align=\"center\" cellpadding=\"0\" cellspacing=\"0\" class=\"tr-caption-container\" style=\"margin-left: auto;margin-right: auto;text-align: center\">\n<tbody>\n<tr>\n<td style=\"text-align: center\"><a href=\"https:\/\/www.bfv.cloud\/ajedrezeuropa\/wp-content\/uploads\/2019\/11\/LOSCHICOSDE325C225AA.jpg\" style=\"margin-left: auto;margin-right: auto\"><img fetchpriority=\"high\" decoding=\"async\" border=\"0\" data-original-height=\"711\" data-original-width=\"1600\" height=\"284\" src=\"https:\/\/blogger.googleusercontent.com\/img\/b\/R29vZ2xl\/AVvXsEidLu5P0JtKeDoChydIbahklmOKQhl7QZf6Uby9NbG_aGjKH83gLowuf9ToNCDYyKTCBBMeo86OmZLuN-tRKISy0Xv3oEGd6jUekYOcbuR23vFqr5iK0AtWeBgOjzF-PREaEghVBwh2Zcw\/s640\/LOS+CHICOS+DE+3%25C2%25AA.jpg\" width=\"640\" \/><\/a><\/td>\n<\/tr>\n<tr>\n<td class=\"tr-caption\" style=\"text-align: center\">Los chicos de nuestros equipos de 3\u00aa divisi\u00f3n<\/td>\n<\/tr>\n<\/tbody>\n<\/table>\n<p><span style=\", serif;font-size: large\">Este domingo, 17 de noviembre, se reanudar\u00e1 en Toledo el Campeonato Provincial por Equipos con la disputa de la 3\u00aa jornada. En esta ocasi\u00f3n, el campeonato se ha dividido en 3 categor\u00edas, con una participaci\u00f3n de 10 equipos en 1\u00aa divisi\u00f3n, 16 en 2\u00aa y 6 en 3\u00aa. La presencia de 6 formaciones de nuestros clubes entre las 3 divisiones garantiza que m\u00e1s de 25 aficionados juegan cada fin de semana el torneo m\u00e1s importante del ajedrez toledano.<\/p>\n<table cellpadding=\"0\" cellspacing=\"0\" class=\"tr-caption-container\" style=\"float: right;margin-left: 1em;text-align: right\">\n<tbody>\n<tr>\n<td style=\"text-align: center\"><a href=\"https:\/\/www.bfv.cloud\/ajedrezeuropa\/wp-content\/uploads\/2019\/11\/EUROPA-A.jpg\" style=\"clear: right;margin-bottom: 1em;margin-left: auto;margin-right: auto\"><img decoding=\"async\" border=\"0\" data-original-height=\"650\" data-original-width=\"711\" height=\"365\" src=\"https:\/\/blogger.googleusercontent.com\/img\/b\/R29vZ2xl\/AVvXsEi9euemuB799d7ip3HDod5ETQPKu5LTisBnGZL4FNs1BgCyGn24XORWwDur7Vi-u35iBHHit_ToIMaGoP25EsGijmhllwuCM4ntmxdFxJEGGfQy8R0eVwxuystgxkdsyccsM3v8rNERTDY\/s400\/EUROPA-A.jpg\" width=\"400\" \/><\/a><\/td>\n<\/tr>\n<tr>\n<td class=\"tr-caption\" style=\"text-align: center\">Nuestro Ajedrez en Europa (A)<\/td>\n<\/tr>\n<\/tbody>\n<\/table>\n<p><\/span><br \/>\n<span style=\", serif;font-size: large\"><b><u><br \/><\/u><\/b><\/span><br \/>\n<span style=\", serif;font-size: large\"><b><u><br \/><\/u><\/b><\/span><br \/>\n<span style=\", serif;font-size: large\"><b><u><br \/><\/u><\/b><\/span><br \/>\n<span style=\", serif;font-size: large\"><b><u>En 1\u00aa divisi\u00f3n contamos con 3 equipos<\/u><\/b><\/span><br \/>\n<span style=\"font-family: georgia, times new roman, serif;font-size: large\">Las 4 rondas celebradas sit\u00faan a Nuestro Ajedrez en Europa (A) a la cabeza de la clasificaci\u00f3n provisional con 8 puntos por delante de los equipos de Bargas y Toledo que suman 6.<\/span><\/p>\n<table cellpadding=\"0\" cellspacing=\"0\" class=\"tr-caption-container\" style=\"float: left;margin-right: 1em;text-align: left\">\n<tbody>\n<tr>\n<td style=\"text-align: center\"><a href=\"https:\/\/www.bfv.cloud\/ajedrezeuropa\/wp-content\/uploads\/2019\/11\/EUROPA-B.jpg\" style=\"clear: left;margin-bottom: 1em;margin-left: auto;margin-right: auto\"><img decoding=\"async\" border=\"0\" data-original-height=\"536\" data-original-width=\"642\" height=\"331\" src=\"https:\/\/blogger.googleusercontent.com\/img\/b\/R29vZ2xl\/AVvXsEha3A8kwEsIxa4ItoWlzFqPWfLzDIJhBRRywYf2LjCzuPnRbYVhlqiGjUMvR4GyrF1Yjz6KL7oUxFv2QWjIDu1vbMOaDEGxQkul1tEQ1AqtfeaOq_jpHYMFR_RKugeh0HNPqNW9e1ov5nc\/s400\/EUROPA-B.jpg\" width=\"400\" \/><\/a><\/td>\n<\/tr>\n<tr>\n<td class=\"tr-caption\" style=\"text-align: center\">Nuestro Ajedrez en Europa (B)<\/td>\n<\/tr>\n<\/tbody>\n<\/table>\n<p><span style=\"font-family: georgia, times new roman, serif;font-size: large\">Con 2 puntos, Europa (B) y Nuestro Ajedrez por la Igualdad, ocupan la 8\u00aa y 9\u00aa posici\u00f3n, respectivamente. En las 2 rondas del pr\u00f3ximo domingo quedar\u00e1 mucho m\u00e1s definida la clasificaci\u00f3n. Recordemos que el club campe\u00f3n de Toledo representar\u00e1 a la provincia en el Campeonato Regional y que el \u00faltimo clasificado descender\u00e1 a 2\u00aa divisi\u00f3n.<\/p>\n<table align=\"center\" cellpadding=\"0\" cellspacing=\"0\" class=\"tr-caption-container\" style=\"margin-left: auto;margin-right: auto;text-align: center\">\n<tbody>\n<tr>\n<td style=\"text-align: center\"><a href=\"https:\/\/www.bfv.cloud\/ajedrezeuropa\/wp-content\/uploads\/2019\/11\/IGUALDAD-A.jpg\" style=\"margin-left: auto;margin-right: auto\"><img loading=\"lazy\" decoding=\"async\" border=\"0\" data-original-height=\"651\" data-original-width=\"795\" height=\"327\" src=\"https:\/\/blogger.googleusercontent.com\/img\/b\/R29vZ2xl\/AVvXsEi7O3JdN-GBfU2bjoorAIbI0VORTxWMQXQXE86BjYd7QxBLaiHdAyhpMYT5FhTU__mQFdcFlzDhQaBxLyTaYp14-koQzMcHtNQU6N1s76rT18cshCuDcKDbaS6eUt7HnpStL9hIUKdj6sI\/s400\/IGUALDAD-A.jpg\" width=\"400\" \/><\/a><\/td>\n<\/tr>\n<tr>\n<td class=\"tr-caption\" style=\"text-align: center\">El equipo de 1\u00aa divisi\u00f3n de Nuestro Ajedrez por la Igualdad<\/td>\n<\/tr>\n<\/tbody>\n<\/table>\n<p><\/span><br \/>\n<span style=\"font-family: georgia, times new roman, serif;font-size: large\"><b><u>Nuestro Ajedrez por la Igualdad (B) en 2\u00aa divisi\u00f3n<\/u><\/b><\/span><\/p>\n<table align=\"center\" cellpadding=\"0\" cellspacing=\"0\" class=\"tr-caption-container\" style=\"float: right;margin-left: 1em;text-align: right\">\n<tbody>\n<tr>\n<td style=\"text-align: center\"><a href=\"https:\/\/www.bfv.cloud\/ajedrezeuropa\/wp-content\/uploads\/2019\/11\/IGUALDAD-B.jpg\" style=\"margin-left: auto;margin-right: auto\"><img loading=\"lazy\" decoding=\"async\" border=\"0\" data-original-height=\"1057\" data-original-width=\"1597\" height=\"263\" src=\"https:\/\/blogger.googleusercontent.com\/img\/b\/R29vZ2xl\/AVvXsEh68Kg7TJ3M6IFeyf-q9FxEiHdP-f2F-vajx9G138WieLv6hsO3jXs1pZ_XjjhGtjHqGXgjXvSoAMzSVnoUr_UuJJj1ncWUet1BvCpsHmnJ1yaOiuvXMAanY3mJEDpr2NUGFY8S6uvjLJY\/s400\/IGUALDAD-B.jpg\" width=\"400\" \/><\/a><\/td>\n<\/tr>\n<tr>\n<td class=\"tr-caption\" style=\"text-align: center\">Nuestro Ajedrez por la Igualdad de 2\u00aa divisi\u00f3n<\/td>\n<\/tr>\n<\/tbody>\n<\/table>\n<p><span style=\"font-family: georgia, times new roman, serif;font-size: large\">Los j\u00f3venes jugadores de la Igualdad (B) participan en la 2\u00aa divisi\u00f3n por primera vez. Este es el \u00fanico equipo que nos representa en esta categor\u00eda y en la clasificaci\u00f3n ocupa la 3\u00aa plaza a un solo punto de los l\u00edderes provisionales. A pesar de partir 7\u00ba del ranking inicial, se est\u00e1 demostrando el buen nivel de juego de los 5 ajedrecistas que forman el equipo.<\/span><br \/>\n<span style=\"font-family: georgia, times new roman, serif;font-size: large\"><b><u><br \/><\/u><\/b><\/span><br \/>\n<span style=\"font-family: georgia, times new roman, serif;font-size: large\"><b><u><br \/><\/u><\/b><\/span><br \/>\n<span style=\"font-family: georgia, times new roman, serif;font-size: large\"><b><u>Los peques de la 3\u00aa divisi\u00f3n<\/u><\/b><\/span><\/p>\n<table align=\"center\" cellpadding=\"0\" cellspacing=\"0\" class=\"tr-caption-container\" style=\"margin-left: auto;margin-right: auto;text-align: center\">\n<tbody>\n<tr>\n<td style=\"text-align: center\"><a href=\"https:\/\/www.bfv.cloud\/ajedrezeuropa\/wp-content\/uploads\/2019\/11\/EUROPA-CvsIGUALDAD-C.jpg\" style=\"margin-left: auto;margin-right: auto\"><img loading=\"lazy\" decoding=\"async\" border=\"0\" data-original-height=\"1058\" data-original-width=\"1600\" height=\"422\" src=\"https:\/\/blogger.googleusercontent.com\/img\/b\/R29vZ2xl\/AVvXsEiX2NmBfLD3Vbx7vd686apC1eH996qBgYNzh1WiyKgqoyhyphenhyphenHOOaIIL4OKIfZLJk4HjbJ_4ZqzXsWvrr4Yxp7OneHJ1CdZFn63NsVuYP6FKJSz4p-G1z004E5g64swECf6lI77XmDNeIBPg\/s640\/EUROPA-C+vs+IGUALDAD-C.jpg\" width=\"640\" \/><\/a><\/td>\n<\/tr>\n<tr>\n<td class=\"tr-caption\" style=\"text-align: center\">Nuestros equipos de la 3\u00aa divisi\u00f3n<\/td>\n<\/tr>\n<\/tbody>\n<\/table>\n<p><span style=\"font-family: georgia, times new roman, serif;font-size: large\">La novedad del campeonato en esta temporada es la 3\u00aa divisi\u00f3n destinada a equipos con chicos y chicas de la categor\u00eda sub-14, como m\u00e1ximo. Son 13 los jugadores que forman los 2 equipos de las escuelas de ajedrez de Alc\u00e1zar de San Juan, Villafranca de los Caballeros e Illescas, con edades comprendidas entre 7 y 14 a\u00f1os. La media de edad de estos peque\u00f1os aficionados no supera los 9 a\u00f1os y, sin embargo, cada jornada demuestran su gran inter\u00e9s por el ajedrez y sus ganas de aprender y mejorar.&nbsp;<\/span><\/p>\n","protected":false},"excerpt":{"rendered":"<p>Los chicos de nuestros equipos de 3\u00aa divisi\u00f3n Este domingo, 17 de noviembre, se reanudar\u00e1 en Toledo el Campeonato Provincial por Equipos con la disputa de la 3\u00aa jornada. En esta ocasi\u00f3n, el campeonato se ha dividido en 3 categor\u00edas, con una participaci\u00f3n de 10 equipos en 1\u00aa divisi\u00f3n, 16 en 2\u00aa y 6 en [&hellip;]<\/p>\n","protected":false},"author":1,"featured_media":3489,"comment_status":"open","ping_status":"closed","sticky":false,"template":"","format":"standard","meta":{"footnotes":""},"categories":[1],"tags":[],"class_list":["post-3488","post","type-post","status-publish","format-standard","has-post-thumbnail","hentry","category-noticias"],"_links":{"self":[{"href":"https:\/\/www.bfv.cloud\/ajedrezeuropa\/wp-json\/wp\/v2\/posts\/3488","targetHints":{"allow":["GET"]}}],"collection":[{"href":"https:\/\/www.bfv.cloud\/ajedrezeuropa\/wp-json\/wp\/v2\/posts"}],"about":[{"href":"https:\/\/www.bfv.cloud\/ajedrezeuropa\/wp-json\/wp\/v2\/types\/post"}],"author":[{"embeddable":true,"href":"https:\/\/www.bfv.cloud\/ajedrezeuropa\/wp-json\/wp\/v2\/users\/1"}],"replies":[{"embeddable":true,"href":"https:\/\/www.bfv.cloud\/ajedrezeuropa\/wp-json\/wp\/v2\/comments?post=3488"}],"version-history":[{"count":1,"href":"https:\/\/www.bfv.cloud\/ajedrezeuropa\/wp-json\/wp\/v2\/posts\/3488\/revisions"}],"predecessor-version":[{"id":3495,"href":"https:\/\/www.bfv.cloud\/ajedrezeuropa\/wp-json\/wp\/v2\/posts\/3488\/revisions\/3495"}],"wp:featuredmedia":[{"embeddable":true,"href":"https:\/\/www.bfv.cloud\/ajedrezeuropa\/wp-json\/wp\/v2\/media\/3489"}],"wp:attachment":[{"href":"https:\/\/www.bfv.cloud\/ajedrezeuropa\/wp-json\/wp\/v2\/media?parent=3488"}],"wp:term":[{"taxonomy":"category","embeddable":true,"href":"https:\/\/www.bfv.cloud\/ajedrezeuropa\/wp-json\/wp\/v2\/categories?post=3488"},{"taxonomy":"post_tag","embeddable":true,"href":"https:\/\/www.bfv.cloud\/ajedrezeuropa\/wp-json\/wp\/v2\/tags?post=3488"}],"curies":[{"name":"wp","href":"https:\/\/api.w.org\/{rel}","templated":true}]}}