{"id":349,"date":"2023-12-28T16:45:00","date_gmt":"2023-12-28T16:45:00","guid":{"rendered":"https:\/\/www.bfv.cloud\/ajedrezeuropa\/index.php\/2023\/12\/28\/xv-concentracion-de-navidad\/"},"modified":"2025-11-20T10:16:35","modified_gmt":"2025-11-20T10:16:35","slug":"xv-concentracion-de-navidad","status":"publish","type":"post","link":"https:\/\/www.bfv.cloud\/ajedrezeuropa\/xv-concentracion-de-navidad\/","title":{"rendered":"XV CONCENTRACI\u00d3N DE NAVIDAD"},"content":{"rendered":"<table align=\"center\" cellpadding=\"0\" cellspacing=\"0\" class=\"tr-caption-container\" style=\"margin-left: auto;margin-right: auto\">\n<tbody>\n<tr>\n<td style=\"text-align: center\"><a href=\"https:\/\/www.bfv.cloud\/ajedrezeuropa\/wp-content\/uploads\/2023\/12\/320GRUPO20PERFECC.jpeg\" style=\"margin-left: auto;margin-right: auto\"><img fetchpriority=\"high\" decoding=\"async\" border=\"0\" data-original-height=\"975\" data-original-width=\"1824\" height=\"342\" src=\"https:\/\/blogger.googleusercontent.com\/img\/b\/R29vZ2xl\/AVvXsEjRcaDPcjmQNhWt2S_JcSh8pfYSxlJbWcCu1DM0dKkNjppzn73cESlu7qvFoFzYMCj2VEHq0FF04jrX0Cmj6R5ijvgH8JrfA0pxUKDfOZsL9F8p0RnnKTMg-KCP0OfT3pPSny0YDf4_ueqQPdDWFQGW1jpPxdDvLUEESOXcfPeKLNCNGOrYfvBAgCO7fSE\/w640-h342\/3%20GRUPO%20PERFECC.jpeg\" width=\"640\" \/><\/a><\/td>\n<\/tr>\n<tr>\n<td class=\"tr-caption\" style=\"text-align: center\">Grupo de perfeccionamiento<\/td>\n<\/tr>\n<\/tbody>\n<\/table>\n<p>&nbsp;<span style=\"font-family: verdana;font-size: x-large\">Se est\u00e1 desarrollando durante estos d\u00edas la 15\u00aa edici\u00f3n de la Concentraci\u00f3n de Navidad del proyecto Nuestro Ajedrez en Europa, con las asistencia de cerca de 20 chicos y chicas de las escuelas de ajedrez de Alc\u00e1zar de San Juan y Villafranca de los Caballeros. Los 3 d\u00edas de clases sirven para preparar a los jugadores de las pr\u00f3ximas competiciones escolares de las provincias de Toledo y Ciudad Real. En esta ocasi\u00f3n las clases est\u00e1n contado con 3 grupos de distinto nivel formativo, con Ana Isabel Gonz\u00e1lez, Silvia Toribio, Roberto L\u00f3pez y Antonio Albo como preparadores. La edad de los participantes est\u00e1 comprendida entre los 15 y los 6 a\u00f1os de edad. La procedencia del alumnado es: Alc\u00e1zar de San Juan, Villafranca de los Caballeros, Campo de Criptana, Villaca\u00f1as y Mora.<\/span><\/p>\n<p><span style=\"font-family: verdana;font-size: large\"><br \/><\/span><\/p>\n<div class=\"separator\" style=\"clear: both;text-align: center\"><span style=\"font-family: verdana;font-size: large\"><a href=\"https:\/\/www.bfv.cloud\/ajedrezeuropa\/wp-content\/uploads\/2023\/12\/420GRUPO20TECNIF.jpg\" style=\"margin-left: 1em;margin-right: 1em\"><img decoding=\"async\" border=\"0\" data-original-height=\"1302\" data-original-width=\"1938\" height=\"430\" src=\"https:\/\/blogger.googleusercontent.com\/img\/b\/R29vZ2xl\/AVvXsEjitK8xY8ff2jXlL2AtiL_3Pm-AYJamPY5JbCSTvZZQJd8DmlUEiJ4hV_IVVXiq4RtQbwhnMbzCghDInVVnMNmssjJsZXmRIRGkHBAGPI2KHvlb13JfRRMOhhCN1KlZe_Z9s9jEPQX5hZg6uNPvVOqQ3RAzgk3qGmBjeIzkpLJS4MBP8tnNXTL5ZPCZwb8\/w640-h430\/4%20GRUPO%20TECNIF.jpg\" width=\"640\" \/><\/a><\/span><\/div>\n<p><span style=\"font-family: verdana;font-size: large\"><br \/><\/span><\/p>\n<p><span style=\"font-family: verdana;font-size: large\"><b><i><u>Comienzo de las competiciones escolares<\/u><\/i><\/b><\/span><\/p>\n<p><span style=\"font-family: verdana;font-size: large\">A mediados de enero comenzar\u00e1n las fase provinciales del Deporte en Edad Escolar en las provincias de Ciudad Real y Toledo. Esta prevista que la participaci\u00f3n de las escuelas de ajedrez de Alc\u00e1zar, Illescas, Consuegra y Villafranca supere al de todas las ediciones anteriores, con una cifra que rondar\u00e1 los 50 ni\u00f1os y ni\u00f1as entre las diferentes categor\u00edas: promoci\u00f3n, infantil y cadete.<\/span><\/p>\n<\/p>\n<div class=\"separator\" style=\"clear: both;text-align: center\"><a href=\"https:\/\/www.bfv.cloud\/ajedrezeuropa\/wp-content\/uploads\/2023\/12\/720GRUPO20PERFECC.jpg\" style=\"margin-left: 1em;margin-right: 1em\"><img decoding=\"async\" border=\"0\" data-original-height=\"943\" data-original-width=\"1958\" height=\"308\" src=\"https:\/\/blogger.googleusercontent.com\/img\/b\/R29vZ2xl\/AVvXsEj3nYa9oyNwiYZDh1h7kU-mHPY7cEatkf53qupW0k2DfESL3GLHpF8DBuDyq31nwcxwfrDrexf3pLiKtfPlbW6IO3U0J-0EaNXmimnshc0gDTQ0aieuuqGxUTqP9yv6I1q5RVbxMvvSU_CGkEi2TXixt_nAVsVFArSFpH-RwMqmaP2ZK4L29yPHvTtjTYs\/w640-h308\/7%20GRUPO%20PERFECC.jpg\" width=\"640\" \/><\/a><\/div>\n<p><\/p>\n<div class=\"separator\" style=\"clear: both;text-align: center\"><a href=\"https:\/\/www.bfv.cloud\/ajedrezeuropa\/wp-content\/uploads\/2023\/12\/120GRUPO20TECNIF.jpeg\" style=\"margin-left: 1em;margin-right: 1em\"><img loading=\"lazy\" decoding=\"async\" border=\"0\" data-original-height=\"1744\" data-original-width=\"1881\" height=\"594\" src=\"https:\/\/blogger.googleusercontent.com\/img\/b\/R29vZ2xl\/AVvXsEjOiqpVSCTGWj7jqTaAS3U4Ttpsde_fI6Rz6rItVkFjHjznSTjF9PS2UybhQZvpehzfyjsZyPvJo1sJZMMVUI92sRUU2NodG26JyBfkq0roDu9nVuoAkYlV5oC6VG0Wdit6jdROiLW7ebLKADTo58HSTxei-NJ6T7fjRqpt6pnD43hIg-F0LEOdAO3mm0I\/w640-h594\/1%20GRUPO%20TECNIF.jpeg\" width=\"640\" \/><\/a><\/div>\n<p><\/p>\n<div class=\"separator\" style=\"clear: both;text-align: center\"><a href=\"https:\/\/www.bfv.cloud\/ajedrezeuropa\/wp-content\/uploads\/2023\/12\/920GRUPO20INIC.jpg\" style=\"margin-left: 1em;margin-right: 1em\"><img loading=\"lazy\" decoding=\"async\" border=\"0\" data-original-height=\"1187\" data-original-width=\"2013\" height=\"236\" src=\"https:\/\/blogger.googleusercontent.com\/img\/b\/R29vZ2xl\/AVvXsEh53qOQSc94damOHNsugv04TVf-RSvn-frL7vsgyDWcBNR_v_YBgq3EbEfnTeNQ0EwH4FaMb_26ncZyfBgDolBXlzaah-Loe6x-yJuXjwrM-eBBNPyWd5M-O-KjHAur-MfFcJ6IIF42q7f42FKl8sWknOnz5FUcGot-_HgpBqud0Nf4CdcSlZ0LvmzpuUU\/w400-h236\/9%20GRUPO%20INIC.jpg\" width=\"400\" \/><\/a><\/div>\n<p><span style=\"font-family: verdana;font-size: large\"><br \/><\/span><\/p>\n","protected":false},"excerpt":{"rendered":"<p>Grupo de perfeccionamiento &nbsp;Se est\u00e1 desarrollando durante estos d\u00edas la 15\u00aa edici\u00f3n de la Concentraci\u00f3n de Navidad del proyecto Nuestro Ajedrez en Europa, con las asistencia de cerca de 20 chicos y chicas de las escuelas de ajedrez de Alc\u00e1zar de San Juan y Villafranca de los Caballeros. Los 3 d\u00edas de clases sirven para [&hellip;]<\/p>\n","protected":false},"author":1,"featured_media":350,"comment_status":"open","ping_status":"closed","sticky":false,"template":"","format":"standard","meta":{"footnotes":""},"categories":[1],"tags":[],"class_list":["post-349","post","type-post","status-publish","format-standard","has-post-thumbnail","hentry","category-noticias"],"_links":{"self":[{"href":"https:\/\/www.bfv.cloud\/ajedrezeuropa\/wp-json\/wp\/v2\/posts\/349","targetHints":{"allow":["GET"]}}],"collection":[{"href":"https:\/\/www.bfv.cloud\/ajedrezeuropa\/wp-json\/wp\/v2\/posts"}],"about":[{"href":"https:\/\/www.bfv.cloud\/ajedrezeuropa\/wp-json\/wp\/v2\/types\/post"}],"author":[{"embeddable":true,"href":"https:\/\/www.bfv.cloud\/ajedrezeuropa\/wp-json\/wp\/v2\/users\/1"}],"replies":[{"embeddable":true,"href":"https:\/\/www.bfv.cloud\/ajedrezeuropa\/wp-json\/wp\/v2\/comments?post=349"}],"version-history":[{"count":1,"href":"https:\/\/www.bfv.cloud\/ajedrezeuropa\/wp-json\/wp\/v2\/posts\/349\/revisions"}],"predecessor-version":[{"id":355,"href":"https:\/\/www.bfv.cloud\/ajedrezeuropa\/wp-json\/wp\/v2\/posts\/349\/revisions\/355"}],"wp:featuredmedia":[{"embeddable":true,"href":"https:\/\/www.bfv.cloud\/ajedrezeuropa\/wp-json\/wp\/v2\/media\/350"}],"wp:attachment":[{"href":"https:\/\/www.bfv.cloud\/ajedrezeuropa\/wp-json\/wp\/v2\/media?parent=349"}],"wp:term":[{"taxonomy":"category","embeddable":true,"href":"https:\/\/www.bfv.cloud\/ajedrezeuropa\/wp-json\/wp\/v2\/categories?post=349"},{"taxonomy":"post_tag","embeddable":true,"href":"https:\/\/www.bfv.cloud\/ajedrezeuropa\/wp-json\/wp\/v2\/tags?post=349"}],"curies":[{"name":"wp","href":"https:\/\/api.w.org\/{rel}","templated":true}]}}