{"id":3496,"date":"2018-05-28T10:01:00","date_gmt":"2018-05-28T10:01:00","guid":{"rendered":"https:\/\/www.bfv.cloud\/ajedrezeuropa\/index.php\/2018\/05\/28\/nuestro-ajedrez-en-europa-en-el-campeonato-regional-por-equipos-de-clubes\/"},"modified":"2025-11-20T11:02:37","modified_gmt":"2025-11-20T11:02:37","slug":"nuestro-ajedrez-en-europa-en-el-campeonato-regional-por-equipos-de-clubes","status":"publish","type":"post","link":"https:\/\/www.bfv.cloud\/ajedrezeuropa\/nuestro-ajedrez-en-europa-en-el-campeonato-regional-por-equipos-de-clubes\/","title":{"rendered":"NUESTRO AJEDREZ EN EUROPA EN EL CAMPEONATO REGIONAL POR EQUIPOS DE CLUBES"},"content":{"rendered":"<div class=\"separator\" style=\"clear: both;text-align: center\">\n<a href=\"https:\/\/www.bfv.cloud\/ajedrezeuropa\/wp-content\/uploads\/2018\/05\/RegionalEquipos18.png\" style=\"clear: left;float: left;margin-bottom: 1em;margin-right: 1em\"><img fetchpriority=\"high\" decoding=\"async\" border=\"0\" data-original-height=\"483\" data-original-width=\"491\" height=\"391\" src=\"https:\/\/blogger.googleusercontent.com\/img\/b\/R29vZ2xl\/AVvXsEgpXLckWzVOldYJ1iVtk8EZ8y8pm4UAKNfkrRRzHbWN6ppohX8cQO3PER7xh7EF7ErkU4gKJuI6vxsBsaHw4JVA2uasnYDSNkTDY3_ALv0X1ftlv3aaC_OQdnbGR66wkXL-lO_9RK06Mxs\/s400\/RegionalEquipos18.png\" width=\"400\" \/><\/a><\/div>\n<p><span style=\", serif;font-size: large\"><b>El Campeonato de Castilla-La Mancha de Clubes comenzar\u00e1 su andadura este viernes 31 de mayo en Ciudad Real. Para el proyecto Nuestro Ajedrez en Europa, nacido en Alc\u00e1zar y Villafranca, la importancia de las competiciones por equipos es muy grande. As\u00ed lo ponemos de manifiesto a\u00f1o tras a\u00f1o asistiendo a todos y cada uno de los campeonatos oficiales en el \u00e1mbito provincial, regional y nacional, no solo con un equipo sino con varios, propiciando la participaci\u00f3n de ni\u00f1os, j\u00f3venes y adultos en torneos de alto nivel.&nbsp;<\/b><\/span><br \/>\n<span style=\", serif;font-size: large\"><b>El equipo absoluto del CD Nuestro Ajedrez en Europa acudir\u00e1 al torneo de mayor nivel deportivo de la regi\u00f3n con el siguiente orden de fuerza:<\/b><\/span><\/p>\n<div style=\"text-align: center\">\n<span style=\", serif;font-size: large\"><b><i>1. Santiago Talavera Garc\u00eda<\/i><\/b><\/span><\/div>\n<div style=\"text-align: center\">\n<span style=\", serif;font-size: large\"><b><i>2. Isaac Lozano Osorio<\/i><\/b><\/span><\/div>\n<div style=\"text-align: center\">\n<span style=\", serif;font-size: large\"><b><i>3. Ana Isabel Gonz\u00e1lez Berruga<\/i><\/b><\/span><\/div>\n<div style=\"text-align: center\">\n<span style=\", serif;font-size: large\"><b><i>4. Luis Miguel Monreal Bejarano<\/i><\/b><\/span><\/div>\n<div style=\"text-align: center\">\n<span style=\", serif;font-size: large\"><b><i>5. Roberto L\u00f3pez N\u00fa\u00f1ez<\/i><\/b><\/span><\/div>\n<div style=\"text-align: center\">\n<span style=\", serif;font-size: large\"><b><i>6. Alfredo Amador And\u00fajar<\/i><\/b><\/span><\/div>\n<div style=\"text-align: left\">\n<span style=\", serif;font-size: large\"><b>Cuando falta un solo d\u00eda para el cierre de las inscripciones son 7 los clubes que han confirmado su asistencia, aunque uno de ellos a\u00fan no ha facilitado su orden de fuerza. De acuerdo con la informaci\u00f3n actual, Nuestro Ajedrez en Europa, saldr\u00eda en la 4\u00aa plaza del ranking inicial.<\/b><\/span><\/div>\n<div style=\"text-align: left\">\n<span style=\", serif;font-size: large\"><b>En esta ocasi\u00f3n, nuestro equipo puede mezclar veteran\u00eda y juventud, cosa que ha resultado muy dif\u00edcil en temporadas anteriores debido a lo poco adecuadas que han sido las fechas de celebraci\u00f3n de este campeonato. El objetivo de mejorar la 5\u00aa posici\u00f3n alcanzada hace algunos a\u00f1os motivar\u00e1 a nuestros jugadores en una cita a la que el club no ha faltado en las recientes temporadas.&nbsp;<\/b><\/span><\/div>\n<div style=\"text-align: left\">\n<span style=\", serif;font-size: large\"><b>As\u00ed pues, mucha suerte en esta competici\u00f3n que se disputar\u00e1 en el hotel Cumbria de Ciudad Real del 31 de mayo al 3 de junio.&nbsp;<\/b><\/span><\/div>\n<div style=\"text-align: left\">\n<span style=\", serif;font-size: large\"><b>Para seguir toda la informaci\u00f3n pincha en el enlace:<\/b><\/span><\/div>\n<div style=\"text-align: center\">\n<span style=\", serif;font-size: large\"><b><a href=\"https:\/\/info64.org\/team\/campeonato-regional-por-equipos-2018\">CAMPEONATO REGIONAL POR EQUIPOS DE CLUB<\/a><\/b><\/span><\/div>\n<div style=\"text-align: left\">\n<span style=\", serif;font-size: large\"><b>\u00a1\u00a1Les deseamos lo mejor!!<\/b><\/span><\/div>\n<div style=\"text-align: left\">\n<span style=\", serif;font-size: large\"><b><br \/><\/b><\/span><\/div>\n","protected":false},"excerpt":{"rendered":"<p>El Campeonato de Castilla-La Mancha de Clubes comenzar\u00e1 su andadura este viernes 31 de mayo en Ciudad Real. Para el proyecto Nuestro Ajedrez en Europa, nacido en Alc\u00e1zar y Villafranca, la importancia de las competiciones por equipos es muy grande. As\u00ed lo ponemos de manifiesto a\u00f1o tras a\u00f1o asistiendo a todos y cada uno de [&hellip;]<\/p>\n","protected":false},"author":1,"featured_media":3497,"comment_status":"open","ping_status":"closed","sticky":false,"template":"","format":"standard","meta":{"footnotes":""},"categories":[1],"tags":[],"class_list":["post-3496","post","type-post","status-publish","format-standard","has-post-thumbnail","hentry","category-noticias"],"_links":{"self":[{"href":"https:\/\/www.bfv.cloud\/ajedrezeuropa\/wp-json\/wp\/v2\/posts\/3496","targetHints":{"allow":["GET"]}}],"collection":[{"href":"https:\/\/www.bfv.cloud\/ajedrezeuropa\/wp-json\/wp\/v2\/posts"}],"about":[{"href":"https:\/\/www.bfv.cloud\/ajedrezeuropa\/wp-json\/wp\/v2\/types\/post"}],"author":[{"embeddable":true,"href":"https:\/\/www.bfv.cloud\/ajedrezeuropa\/wp-json\/wp\/v2\/users\/1"}],"replies":[{"embeddable":true,"href":"https:\/\/www.bfv.cloud\/ajedrezeuropa\/wp-json\/wp\/v2\/comments?post=3496"}],"version-history":[{"count":1,"href":"https:\/\/www.bfv.cloud\/ajedrezeuropa\/wp-json\/wp\/v2\/posts\/3496\/revisions"}],"predecessor-version":[{"id":3498,"href":"https:\/\/www.bfv.cloud\/ajedrezeuropa\/wp-json\/wp\/v2\/posts\/3496\/revisions\/3498"}],"wp:featuredmedia":[{"embeddable":true,"href":"https:\/\/www.bfv.cloud\/ajedrezeuropa\/wp-json\/wp\/v2\/media\/3497"}],"wp:attachment":[{"href":"https:\/\/www.bfv.cloud\/ajedrezeuropa\/wp-json\/wp\/v2\/media?parent=3496"}],"wp:term":[{"taxonomy":"category","embeddable":true,"href":"https:\/\/www.bfv.cloud\/ajedrezeuropa\/wp-json\/wp\/v2\/categories?post=3496"},{"taxonomy":"post_tag","embeddable":true,"href":"https:\/\/www.bfv.cloud\/ajedrezeuropa\/wp-json\/wp\/v2\/tags?post=3496"}],"curies":[{"name":"wp","href":"https:\/\/api.w.org\/{rel}","templated":true}]}}