{"id":3499,"date":"2012-05-11T22:19:00","date_gmt":"2012-05-11T22:19:00","guid":{"rendered":"https:\/\/www.bfv.cloud\/ajedrezeuropa\/index.php\/2012\/05\/11\/proximos-campeonatos-y-torneos\/"},"modified":"2025-11-20T11:02:39","modified_gmt":"2025-11-20T11:02:39","slug":"proximos-campeonatos-y-torneos","status":"publish","type":"post","link":"https:\/\/www.bfv.cloud\/ajedrezeuropa\/proximos-campeonatos-y-torneos\/","title":{"rendered":"PR\u00d3XIMOS CAMPEONATOS Y TORNEOS"},"content":{"rendered":"<div class=\"separator\" style=\"clear: both;text-align: center\"><a href=\"https:\/\/www.bfv.cloud\/ajedrezeuropa\/wp-content\/uploads\/2012\/05\/carteldeltorneodemora2012.jpg\" style=\"clear: left;float: left;margin-bottom: 1em;margin-right: 1em\"><img fetchpriority=\"high\" decoding=\"async\" border=\"0\" height=\"400\" src=\"https:\/\/blogger.googleusercontent.com\/img\/b\/R29vZ2xl\/AVvXsEi5_1vmQLmz8xZE_pu4VW_Ywxe8wxZAYxE0VdJBrPvFbtL-9fnJZsO7FgBZIrYgGcNlmXTFnwUEl4kSxv9JNIpI6oQtyXhyphenhyphenau10006WH-FQbTlSStgs7gbf-FqM5Ib_QUTyLRvIFKOIVDU\/s400\/cartel+del+torneo+de+mora+2012.JPG\" width=\"282\" \/><\/a><\/div>\n<p><span style=\", Courier, monospace\"><strong>En esta semana se han convocado oficialmente las siguientes competiciones y torneos:<\/strong><\/span><span style=\", Courier, monospace\"><br \/>\n<strong><\/strong><\/span><\/p>\n<div style=\"text-align: center\"><span style=\"color: blue;, Courier, monospace\"><strong><u>XI TORNEO DEL ACEITE DE MORA:<\/u> <\/strong><\/span><\/div>\n<p><span style=\"color: blue;, Courier, monospace\"><strong>El s\u00e1bado 2 de junio, a partir de las 10 de la ma\u00f1ana en la Casa de la Cultura de Mora, se jugar\u00e1 un sistema suizo a 6 rondas con partidas de 25 minutos por jugador a ca\u00edda de bandera.<\/strong><\/span><span style=\", Courier, monospace\"><br \/>\n<\/span><span style=\"color: blue;, Courier, monospace\"><strong>Gracias al trabajo de Cristina Maestro y Mart\u00edn Sanz se ha logrado mantener esta nueva edici\u00f3n de uno de los torneos con mayor participaci\u00f3n del calendario regional.<\/strong><\/span><br \/>\n<span style=\", Courier, monospace\"><br \/>\n<strong><\/strong><\/span><\/p>\n<div style=\"text-align: center\"><span style=\", Courier, monospace\"><strong><u>CAMPEONATO REGIONAL POR EQUIPOS ABSOLUTO:<\/u> <\/strong><\/span><\/div>\n<p><span style=\", Courier, monospace\"><strong>Del 7 al 10 de junio en el hotel Almanzor de Ciudad Real.<\/strong><\/span><span style=\", Courier, monospace\"><br \/>\n<\/span><span style=\", Courier, monospace\"><strong>Ya que la designaci\u00f3n de Ciudad Real como sede de este regional no implica un largo desplazamiento, vamos a intentar participar con los 2 clubes (Europa y la Igualdad), a pesar del gran inconveniente de las fechas, coincidentes con ex\u00e1menes finales y pruebas universitarias. Durante las pr\u00f3ximas semanas estudiaremos las distintas posibilidades.<\/strong><\/span><br \/>\n<span style=\", Courier, monospace\"><br \/>\n<strong><\/strong><\/span><\/p>\n<div style=\"text-align: center\"><span style=\", Courier, monospace\"><strong><span style=\"color: purple\"><u>CAMPEONATO PROVINCIAL DE TOLEDO POR EQUIPOS SUB-16<\/u> <em>(clasificatorio para el regional por equipos sub-16 de principios de septiembre)<\/em>: <\/span><\/strong><\/span><\/div>\n<p><span style=\"color: purple;, Courier, monospace\"><strong>En esta \u201ccuriosa\u201d convocatoria no se especifica el ritmo de juego ni el sistema de emparejamientos, tampoco las fechas ni tan siquiera el lugar de celebraci\u00f3n, tan s\u00f3lo se dice que ser\u00e1n 2 los equipos que se clasificar\u00e1n y que se disputar\u00e1 si hay 3 o m\u00e1s participantes.<\/strong><\/span><br \/>\n<span style=\"color: purple;, Courier, monospace\"><strong>Por lo tanto, y en beneficio del ajedrez, la inscripci\u00f3n de nuestros 2 clubes, con sus formaciones sub-16, favorecer\u00e1 que efectivamente se pueda jugar y no sea un mero tr\u00e1mite administrativo. <\/strong><\/span><span style=\", Courier, monospace\"><br \/>\n<strong><span style=\"color: purple\"><\/span><\/strong><\/span><br \/>\n<span style=\"color: purple;, Courier, monospace\"><strong>A t\u00edtulo informativo, queremos resaltar varias particularidades de esta competici\u00f3n:<\/strong><\/span><span style=\", Courier, monospace\"><br \/>\n<strong><span style=\"color: purple\"><\/span><\/strong><\/span><br \/>\n<span style=\"color: purple;, Courier, monospace\"><strong>En primer lugar, se trata del \u00fanico campeonato regional cuyo anterior campe\u00f3n no est\u00e1 clasificado de oficio, lo que permitir\u00eda la intervenci\u00f3n de un tercer club de la provincia de Toledo (como sab\u00e9is \u201cNuestro Ajedrez en Europa\u201d ha sido campe\u00f3n de Castilla-La Mancha en 2010 y 2011, siendo tambi\u00e9n en 2011 bronce en la final nacional. Mientras que \u201cNuestro Ajedrez por la Igualdad\u201d es 15\u00ba de Espa\u00f1a en 2011, con presencia en esta fase final los 2 \u00faltimos a\u00f1os, pero sin haber podido participar en la fase regional).<\/strong><\/span><br \/>\n<span style=\"color: purple;, Courier, monospace\"><strong>La segunda \u201cparticularidad\u201d estriba en el modo de convocarlo, pues resulta absolutamente vergonzoso que una breve nota firmada por el delegado de Toledo y colgada en el blog de la propia delegaci\u00f3n sea la f\u00f3rmula elegida, sin que aparezca ning\u00fan detalle del c\u00f3mo, d\u00f3nde y cuando. Seguramente, este delegado, estima mucho m\u00e1s valioso otros t\u00edtulos a los que \u00e9l s\u00ed puede acceder, por ejemplo el de absoluto y\/o veterano, que este sub-16 de equipos. <\/strong><\/span><br \/>\n<span style=\"color: purple;, Courier, monospace\"><strong>Demos tiempo al tiempo y veamos que bases de \u201cjusta competici\u00f3n\u201d urden \u00e9l y sus sol\u00edcitos asesores t\u00e9cnicos.<\/strong><\/span><br \/>\n<span style=\", Courier, monospace\"><br \/>\n<strong><\/strong><\/span><\/p>\n<p><strong><\/strong><br \/>\n<strong><span style=\"color: blue\"><\/span><\/strong><\/p>\n","protected":false},"excerpt":{"rendered":"<p>En esta semana se han convocado oficialmente las siguientes competiciones y torneos: XI TORNEO DEL ACEITE DE MORA: El s\u00e1bado 2 de junio, a partir de las 10 de la ma\u00f1ana en la Casa de la Cultura de Mora, se jugar\u00e1 un sistema suizo a 6 rondas con partidas de 25 minutos por jugador a [&hellip;]<\/p>\n","protected":false},"author":1,"featured_media":3500,"comment_status":"open","ping_status":"closed","sticky":false,"template":"","format":"standard","meta":{"footnotes":""},"categories":[1],"tags":[],"class_list":["post-3499","post","type-post","status-publish","format-standard","has-post-thumbnail","hentry","category-noticias"],"_links":{"self":[{"href":"https:\/\/www.bfv.cloud\/ajedrezeuropa\/wp-json\/wp\/v2\/posts\/3499","targetHints":{"allow":["GET"]}}],"collection":[{"href":"https:\/\/www.bfv.cloud\/ajedrezeuropa\/wp-json\/wp\/v2\/posts"}],"about":[{"href":"https:\/\/www.bfv.cloud\/ajedrezeuropa\/wp-json\/wp\/v2\/types\/post"}],"author":[{"embeddable":true,"href":"https:\/\/www.bfv.cloud\/ajedrezeuropa\/wp-json\/wp\/v2\/users\/1"}],"replies":[{"embeddable":true,"href":"https:\/\/www.bfv.cloud\/ajedrezeuropa\/wp-json\/wp\/v2\/comments?post=3499"}],"version-history":[{"count":1,"href":"https:\/\/www.bfv.cloud\/ajedrezeuropa\/wp-json\/wp\/v2\/posts\/3499\/revisions"}],"predecessor-version":[{"id":3501,"href":"https:\/\/www.bfv.cloud\/ajedrezeuropa\/wp-json\/wp\/v2\/posts\/3499\/revisions\/3501"}],"wp:featuredmedia":[{"embeddable":true,"href":"https:\/\/www.bfv.cloud\/ajedrezeuropa\/wp-json\/wp\/v2\/media\/3500"}],"wp:attachment":[{"href":"https:\/\/www.bfv.cloud\/ajedrezeuropa\/wp-json\/wp\/v2\/media?parent=3499"}],"wp:term":[{"taxonomy":"category","embeddable":true,"href":"https:\/\/www.bfv.cloud\/ajedrezeuropa\/wp-json\/wp\/v2\/categories?post=3499"},{"taxonomy":"post_tag","embeddable":true,"href":"https:\/\/www.bfv.cloud\/ajedrezeuropa\/wp-json\/wp\/v2\/tags?post=3499"}],"curies":[{"name":"wp","href":"https:\/\/api.w.org\/{rel}","templated":true}]}}