{"id":3502,"date":"2010-03-22T22:35:00","date_gmt":"2010-03-22T22:35:00","guid":{"rendered":"https:\/\/www.bfv.cloud\/ajedrezeuropa\/index.php\/2010\/03\/22\/novena-posicion-en-el-campeonato-de-castilla-la-mancha-de-clubes\/"},"modified":"2025-11-20T11:02:40","modified_gmt":"2025-11-20T11:02:40","slug":"novena-posicion-en-el-campeonato-de-castilla-la-mancha-de-clubes","status":"publish","type":"post","link":"https:\/\/www.bfv.cloud\/ajedrezeuropa\/novena-posicion-en-el-campeonato-de-castilla-la-mancha-de-clubes\/","title":{"rendered":"NOVENA POSICI\u00d3N EN EL CAMPEONATO DE CASTILLA-LA MANCHA DE CLUBES"},"content":{"rendered":"<div class=\"separator\" style=\"clear: both;text-align: center\"><a href=\"https:\/\/blogger.googleusercontent.com\/img\/b\/R29vZ2xl\/AVvXsEiPcbFEGT8reJ-fp4kB7tGBbh0aW0YZq2rDO4KsQ7lADhxUUVMzQTAxmObA0na_uzlY_x49MuJwwkO3P-KQ_blHY1CLZhHDhiwy2kVMFHtVgAEEK-DgehzTYxHSE0aTzVI_fo0Dq8xDfQI\/s1600-h\/PASTRANA+JUGANDO.jpg\" style=\"margin-left: 1em;margin-right: 1em\"><img decoding=\"async\" border=\"0\" src=\"https:\/\/blogger.googleusercontent.com\/img\/b\/R29vZ2xl\/AVvXsEiPcbFEGT8reJ-fp4kB7tGBbh0aW0YZq2rDO4KsQ7lADhxUUVMzQTAxmObA0na_uzlY_x49MuJwwkO3P-KQ_blHY1CLZhHDhiwy2kVMFHtVgAEEK-DgehzTYxHSE0aTzVI_fo0Dq8xDfQI\/s320\/PASTRANA+JUGANDO.jpg\" \/><\/a><\/div>\n<div class=\"separator\" style=\"clear: both;text-align: center\">Nuestro club de ajedrez, representado por Santiago, Daniel, Jorge, Sergio y Jos\u00e9 Mar\u00eda ha logrado un meritorio noveno lugar en el campeonato regional por equipos, categor\u00eda absoluta, que finaliz\u00f3 ayer en Villarrobledo. Partiendo de la und\u00e9cima posici\u00f3n en el&nbsp;ranking inicial y enfrent\u00e1ndose a grandes equipos como los de Talavera y La Roda, finalmente, lograron quedar a tan s\u00f3lo un punto del sexto clasificado tras&nbsp;superar a los clubes de Cuenca y Villarrobledo.<\/div>\n","protected":false},"excerpt":{"rendered":"<p>Nuestro club de ajedrez, representado por Santiago, Daniel, Jorge, Sergio y Jos\u00e9 Mar\u00eda ha logrado un meritorio noveno lugar en el campeonato regional por equipos, categor\u00eda absoluta, que finaliz\u00f3 ayer en Villarrobledo. Partiendo de la und\u00e9cima posici\u00f3n en el&nbsp;ranking inicial y enfrent\u00e1ndose a grandes equipos como los de Talavera y La Roda, finalmente, lograron quedar [&hellip;]<\/p>\n","protected":false},"author":1,"featured_media":0,"comment_status":"open","ping_status":"closed","sticky":false,"template":"","format":"standard","meta":{"footnotes":""},"categories":[1],"tags":[],"class_list":["post-3502","post","type-post","status-publish","format-standard","hentry","category-noticias"],"_links":{"self":[{"href":"https:\/\/www.bfv.cloud\/ajedrezeuropa\/wp-json\/wp\/v2\/posts\/3502","targetHints":{"allow":["GET"]}}],"collection":[{"href":"https:\/\/www.bfv.cloud\/ajedrezeuropa\/wp-json\/wp\/v2\/posts"}],"about":[{"href":"https:\/\/www.bfv.cloud\/ajedrezeuropa\/wp-json\/wp\/v2\/types\/post"}],"author":[{"embeddable":true,"href":"https:\/\/www.bfv.cloud\/ajedrezeuropa\/wp-json\/wp\/v2\/users\/1"}],"replies":[{"embeddable":true,"href":"https:\/\/www.bfv.cloud\/ajedrezeuropa\/wp-json\/wp\/v2\/comments?post=3502"}],"version-history":[{"count":1,"href":"https:\/\/www.bfv.cloud\/ajedrezeuropa\/wp-json\/wp\/v2\/posts\/3502\/revisions"}],"predecessor-version":[{"id":3503,"href":"https:\/\/www.bfv.cloud\/ajedrezeuropa\/wp-json\/wp\/v2\/posts\/3502\/revisions\/3503"}],"wp:attachment":[{"href":"https:\/\/www.bfv.cloud\/ajedrezeuropa\/wp-json\/wp\/v2\/media?parent=3502"}],"wp:term":[{"taxonomy":"category","embeddable":true,"href":"https:\/\/www.bfv.cloud\/ajedrezeuropa\/wp-json\/wp\/v2\/categories?post=3502"},{"taxonomy":"post_tag","embeddable":true,"href":"https:\/\/www.bfv.cloud\/ajedrezeuropa\/wp-json\/wp\/v2\/tags?post=3502"}],"curies":[{"name":"wp","href":"https:\/\/api.w.org\/{rel}","templated":true}]}}