{"id":3504,"date":"2023-03-24T09:50:00","date_gmt":"2023-03-24T09:50:00","guid":{"rendered":"https:\/\/www.bfv.cloud\/ajedrezeuropa\/index.php\/2023\/03\/24\/firmado-el-convenio-de-colaboracion-para-el-desarrollo-del-proyecto-el-ajedrez-en-la-escuela\/"},"modified":"2025-11-20T11:02:45","modified_gmt":"2025-11-20T11:02:45","slug":"firmado-el-convenio-de-colaboracion-para-el-desarrollo-del-proyecto-el-ajedrez-en-la-escuela","status":"publish","type":"post","link":"https:\/\/www.bfv.cloud\/ajedrezeuropa\/firmado-el-convenio-de-colaboracion-para-el-desarrollo-del-proyecto-el-ajedrez-en-la-escuela\/","title":{"rendered":"FIRMADO EL CONVENIO DE COLABORACI\u00d3N PARA EL DESARROLLO DEL PROYECTO \u00abEL AJEDREZ EN LA ESCUELA\u00bb"},"content":{"rendered":"<p>&nbsp;<\/p>\n<table align=\"center\" cellpadding=\"0\" cellspacing=\"0\" class=\"tr-caption-container\" style=\"margin-left: auto;margin-right: auto\">\n<tbody>\n<tr>\n<td style=\"text-align: center\"><a href=\"https:\/\/www.bfv.cloud\/ajedrezeuropa\/wp-content\/uploads\/2023\/03\/220CONVENIO20FIRMADO.jpg\" style=\"margin-left: auto;margin-right: auto\"><img fetchpriority=\"high\" decoding=\"async\" border=\"0\" data-original-height=\"1152\" data-original-width=\"2048\" height=\"360\" src=\"https:\/\/blogger.googleusercontent.com\/img\/b\/R29vZ2xl\/AVvXsEhYHukhaa_VRqLwtLFW-zXAaboRDx5DWWlmKJKoJ51jSSYCxZQ1q3gcwUew2MhIAbpymBDVzMYmWHFIAkchSydgFUZHn2mxIlBAbPXx3iKgmTcm4P1cCzqTQEfV8pHoE76lcGbEu6KdiXQhh-75pGvgOu7CTB-J7HLl8FnVy27fd2iEykC4iCYi2jeZ\/w640-h360\/2%20CONVENIO%20FIRMADO.JPG\" width=\"640\" \/><\/a><\/td>\n<\/tr>\n<tr>\n<td class=\"tr-caption\" style=\"text-align: center\">La consejera de Educaci\u00f3n, Rosana Rodr\u00edguez y el alcalde de Illescas, Jos\u00e9 Manuel Tofi\u00f1o<br \/>junto al delegado de la JCCM, Javier \u00dabeda, y el Dtor. Gral. de Dportes, Carlos Yuste<br \/>tras la firma del convenio de \u00abel ajedrez en la escuela\u00bb<\/td>\n<\/tr>\n<\/tbody>\n<\/table>\n<p><\/p>\n<p><span style=\"font-family: verdana;font-size: large\">Ayer, jueves por la tarde, en el Espacio Esc\u00e9nico Cubierto de Illescas se firm\u00f3 el convenio de colaboraci\u00f3n que desarrolla el proyecto del ajedrez en la escuela, por parte de las dos administraciones que le ofrecen la cobertura legal y financiera. De esta manera, la Consejer\u00eda de Educaci\u00f3n, Cultura y Deportes, representada por la consejera, Rosana Rodr\u00edguez, y el ayuntamiento de Illescas, representado por su alcalde, Jos\u00e9 Manuel Tofi\u00f1o, rubricaron el nuevo convenio para el periodo 2023-2026. Al acto asistieron el delegado de la JCCM en Toledo, Javier \u00dabeda, el Dtor. Gral. de Deportes, Carlos Yuste, y el concejal de Educaci\u00f3n del consistorio de Illescas, Carlos Amieba.<\/span><\/p>\n<table align=\"center\" cellpadding=\"0\" cellspacing=\"0\" class=\"tr-caption-container\" style=\"margin-left: auto;margin-right: auto\">\n<tbody>\n<tr>\n<td style=\"text-align: center\"><a href=\"https:\/\/www.bfv.cloud\/ajedrezeuropa\/wp-content\/uploads\/2023\/03\/420INICIO20DE20LA20FIRMA.jpg\" style=\"margin-left: auto;margin-right: auto\"><img decoding=\"async\" border=\"0\" data-original-height=\"570\" data-original-width=\"941\" height=\"388\" src=\"https:\/\/blogger.googleusercontent.com\/img\/b\/R29vZ2xl\/AVvXsEi1Q3-0mw6incBRpKJdOMLXfQPUU_FEIw1XAJQyO1XcTJMBA4hzN4zmbQEF1tAzwcwCgIc5b5KGtx3bh-OsP9upA_Hgp8zXX0aHMIZFkrn6bTvdzPyHTtczEMidWIYcWcTqaLmIO4RgnnkOfVeUsYN9jiNaH1p7Ts4xeDOFT0aRY2MCe3r5ubzbBq6x\/w640-h388\/4%20INICIO%20DE%20LA%20FIRMA.JPG\" width=\"640\" \/><\/a><\/td>\n<\/tr>\n<tr>\n<td class=\"tr-caption\" style=\"text-align: center\">Imagen a la firma del convenio<\/td>\n<\/tr>\n<\/tbody>\n<\/table>\n<p><span style=\"font-family: verdana;font-size: large\">En el acto de la firma tambi\u00e9n estuvieron presentes las 6 directoras y el director de los 7 colegios p\u00fablicos illescanos junto a los representantes del proyecto Nuestro Ajedrez en Europa.<\/span><\/p>\n<table align=\"center\" cellpadding=\"0\" cellspacing=\"0\" class=\"tr-caption-container\" style=\"margin-left: auto;margin-right: auto\">\n<tbody>\n<tr>\n<td style=\"text-align: center\"><a href=\"https:\/\/www.bfv.cloud\/ajedrezeuropa\/wp-content\/uploads\/2023\/03\/320GRUPO20AJEDREZ20ESCUELA.jpg\" style=\"margin-left: auto;margin-right: auto\"><img decoding=\"async\" border=\"0\" data-original-height=\"644\" data-original-width=\"1787\" height=\"230\" src=\"https:\/\/blogger.googleusercontent.com\/img\/b\/R29vZ2xl\/AVvXsEjW4pbqMOhUeWA-32JBlDO1mxc4v6ngCRgE12KrE3nVSFzO_kHB7EF9QgE9aDDPzDo86lDCccNBUk2ZlopLxqkRfYcSyvoE57k0J65t3fHyF7UhGMduaK2w6U0oMYixydNqiXyhXZh-r4nk7MJMTnzCLi-0aZjIGjX9Y0RiACEgtmdHw3YLJUKiycnP\/w640-h230\/3%20GRUPO%20AJEDREZ%20ESCUELA.JPG\" width=\"640\" \/><\/a><\/td>\n<\/tr>\n<tr>\n<td class=\"tr-caption\" style=\"text-align: center\">Los representantes de las instituciones firmantes junto a las directoras y el director de los<br \/>centros educativos de Illescas y al responsable del proyecto&nbsp;<br \/>\u00abEl ajedrez en la escuela, una estrategia educativa\u00bb<\/td>\n<\/tr>\n<\/tbody>\n<\/table>\n<p><span style=\"font-family: verdana;font-size: large\">Desde Nuestro Ajedrez en Europa queremos agradecer a todos los representantes institucionales su presencia en esta firma. Para el proyecto es muy importante la participaci\u00f3n de las direcciones de todos los colegios p\u00fablicos donde est\u00e1 implantado el proyecto en los \u00faltimos 7 a\u00f1os. Por ello, enviamos nuestro agradecimiento a:&nbsp;<\/span><span style=\"font-family: verdana;font-size: large\">Ana M\u00aa Carde\u00f1osa (CEIP Mart\u00edn Chico),&nbsp;M\u00f3nica Moldes (CEIP La Constituci\u00f3n),&nbsp;Juan Antonio Arranz (CEIP Ilarcuris),&nbsp;Diana Mart\u00edn (CEIP Clara Campoamor), Roc\u00edo de Lara (CEIP El Greco),&nbsp;Elizabeth Trinidad Teves (CEIP Libertad), y&nbsp;Almudena Malag\u00f3n (CEIP Rosa Chacel).<\/span><\/p>\n<p><span style=\"font-size: x-large\"><\/p>\n<table align=\"center\" cellpadding=\"0\" cellspacing=\"0\" class=\"tr-caption-container\" style=\"font-family: verdana;margin-left: auto;margin-right: auto\">\n<tbody>\n<tr>\n<td style=\"text-align: center\"><a href=\"https:\/\/www.bfv.cloud\/ajedrezeuropa\/wp-content\/uploads\/2023\/03\/1120MONITORES20ILLESCAS.jpeg\" style=\"margin-left: auto;margin-right: auto\"><img loading=\"lazy\" decoding=\"async\" border=\"0\" data-original-height=\"1113\" data-original-width=\"1919\" height=\"372\" src=\"https:\/\/blogger.googleusercontent.com\/img\/b\/R29vZ2xl\/AVvXsEi2gOuvWFF3puMqeqp6urpXja6g8D6_lG2XhDjIi3EJyxvIOf9svHRWKZTVTt_ODfkzXnMkg3IR1OkQ9kwhjJAo6Ise4O4wN59cNXzAr4hcvcIwStIAkRnWEdVGmrTKZkG3765vgr6ft3hDqsBDEoUlZ7aYgsbAbt_c-eunTMKEDIDYIhWzE2EN83ak\/w640-h372\/11%20MONITORES%20ILLESCAS.jpeg\" width=\"640\" \/><\/a><\/td>\n<\/tr>\n<tr>\n<td class=\"tr-caption\" style=\"text-align: center\">En la imagen 3 monitores del proyecto: M\u00aa Luisa Camu\u00f1as (izqda),<br \/>Ismael P\u00e9rez (2\u00ba por la dcha.) y Ana Isabel Gonz\u00e1lez (dcha.) junto<br \/>al coordinador, F\u00e9lix Toribio<\/td>\n<\/tr>\n<\/tbody>\n<\/table>\n<p><span style=\"font-family: verdana\">Posteriormente se celebr\u00f3 \u00abIllescas canta\u00bb con la participaci\u00f3n de los escolares y las familias del alumnado de primaria de los centros de ense\u00f1anza.&nbsp;<\/span><\/span><\/p>\n","protected":false},"excerpt":{"rendered":"<p>&nbsp; La consejera de Educaci\u00f3n, Rosana Rodr\u00edguez y el alcalde de Illescas, Jos\u00e9 Manuel Tofi\u00f1ojunto al delegado de la JCCM, Javier \u00dabeda, y el Dtor. Gral. de Dportes, Carlos Yustetras la firma del convenio de \u00abel ajedrez en la escuela\u00bb Ayer, jueves por la tarde, en el Espacio Esc\u00e9nico Cubierto de Illescas se firm\u00f3 el [&hellip;]<\/p>\n","protected":false},"author":1,"featured_media":3505,"comment_status":"open","ping_status":"closed","sticky":false,"template":"","format":"standard","meta":{"footnotes":""},"categories":[1],"tags":[],"class_list":["post-3504","post","type-post","status-publish","format-standard","has-post-thumbnail","hentry","category-noticias"],"_links":{"self":[{"href":"https:\/\/www.bfv.cloud\/ajedrezeuropa\/wp-json\/wp\/v2\/posts\/3504","targetHints":{"allow":["GET"]}}],"collection":[{"href":"https:\/\/www.bfv.cloud\/ajedrezeuropa\/wp-json\/wp\/v2\/posts"}],"about":[{"href":"https:\/\/www.bfv.cloud\/ajedrezeuropa\/wp-json\/wp\/v2\/types\/post"}],"author":[{"embeddable":true,"href":"https:\/\/www.bfv.cloud\/ajedrezeuropa\/wp-json\/wp\/v2\/users\/1"}],"replies":[{"embeddable":true,"href":"https:\/\/www.bfv.cloud\/ajedrezeuropa\/wp-json\/wp\/v2\/comments?post=3504"}],"version-history":[{"count":1,"href":"https:\/\/www.bfv.cloud\/ajedrezeuropa\/wp-json\/wp\/v2\/posts\/3504\/revisions"}],"predecessor-version":[{"id":3509,"href":"https:\/\/www.bfv.cloud\/ajedrezeuropa\/wp-json\/wp\/v2\/posts\/3504\/revisions\/3509"}],"wp:featuredmedia":[{"embeddable":true,"href":"https:\/\/www.bfv.cloud\/ajedrezeuropa\/wp-json\/wp\/v2\/media\/3505"}],"wp:attachment":[{"href":"https:\/\/www.bfv.cloud\/ajedrezeuropa\/wp-json\/wp\/v2\/media?parent=3504"}],"wp:term":[{"taxonomy":"category","embeddable":true,"href":"https:\/\/www.bfv.cloud\/ajedrezeuropa\/wp-json\/wp\/v2\/categories?post=3504"},{"taxonomy":"post_tag","embeddable":true,"href":"https:\/\/www.bfv.cloud\/ajedrezeuropa\/wp-json\/wp\/v2\/tags?post=3504"}],"curies":[{"name":"wp","href":"https:\/\/api.w.org\/{rel}","templated":true}]}}