{"id":3510,"date":"2016-03-29T22:34:00","date_gmt":"2016-03-29T22:34:00","guid":{"rendered":"https:\/\/www.bfv.cloud\/ajedrezeuropa\/index.php\/2016\/03\/29\/buena-actuacion-de-nuestros-jugadores-en-el-torneo-internacional-de-la-roda\/"},"modified":"2025-11-20T11:02:52","modified_gmt":"2025-11-20T11:02:52","slug":"buena-actuacion-de-nuestros-jugadores-en-el-torneo-internacional-de-la-roda","status":"publish","type":"post","link":"https:\/\/www.bfv.cloud\/ajedrezeuropa\/buena-actuacion-de-nuestros-jugadores-en-el-torneo-internacional-de-la-roda\/","title":{"rendered":"BUENA ACTUACI\u00d3N DE NUESTROS JUGADORES EN EL TORNEO INTERNACIONAL DE LA RODA"},"content":{"rendered":"<table cellpadding=\"0\" cellspacing=\"0\" class=\"tr-caption-container\" style=\"float: right;text-align: right\">\n<tbody>\n<tr>\n<td style=\"text-align: center\"><a href=\"https:\/\/www.bfv.cloud\/ajedrezeuropa\/wp-content\/uploads\/2016\/03\/FOTOCARLOSALVAREZYJAVIERVALDEPE25C32591AS.jpg\" style=\"clear: right;margin-bottom: 1em;margin-left: auto;margin-right: auto\"><img fetchpriority=\"high\" decoding=\"async\" border=\"0\" height=\"213\" src=\"https:\/\/blogger.googleusercontent.com\/img\/b\/R29vZ2xl\/AVvXsEilx6J7VBJ_p5YST9mbX22tVfvNoUuss3KwUiayvCJZOFzg8GMNKnbuiS2mc-6-7cA2Oc_4Ev8-00qaZlCpxImnNI3g4ahYAuJIICDoUvM8xQaRynFgtIhRXLeNrbgmLjOIaHe4iHhBHzM\/s320\/FOTO+CARLOS+ALVAREZ+Y+JAVIER+VALDEPE%25C3%2591AS.jpg\" width=\"320\" \/><\/a><\/td>\n<\/tr>\n<tr>\n<td class=\"tr-caption\" style=\"text-align: center\">Javier Valdepe\u00f1as frente a Carlos \u00c1lvarez<br \/>(Imagen Torneo de La Roda)<\/td>\n<\/tr>\n<\/tbody>\n<\/table>\n<div style=\"margin-bottom: .0001pt;margin: 0cm;text-align: justify\">\n<span style=\"font-family: Arial, sans-serif;font-size: 14pt\">La 43\u00aa edici\u00f3n del Torneo de La Roda finalizaba el pasado domingo<br \/>\ndespu\u00e9s de 9 rondas contando con la participaci\u00f3n de casi 300 jugadores, entre<br \/>\nlos cuales ha habido m\u00e1s de 60 titulados internacionales. En esta ocasi\u00f3n la<br \/>\nvictoria ha correspondido al GM armenio, Karen Grigoryan, seguido del GM<br \/>\nperuano, Julio Granda, y del GM extreme\u00f1o, Manuel P\u00e9rez Candelario.<\/span><\/div>\n<div style=\"margin-bottom: .0001pt;margin: 0cm;text-align: justify\">\n<span style=\"font-family: Arial, sans-serif;font-size: 14pt\">&nbsp;<\/p>\n<table cellpadding=\"0\" cellspacing=\"0\" class=\"tr-caption-container\" style=\"float: left;margin-right: 1em;text-align: left\">\n<tbody>\n<tr>\n<td style=\"text-align: center\"><a href=\"https:\/\/www.bfv.cloud\/ajedrezeuropa\/wp-content\/uploads\/2016\/03\/FOTOISAACLOZANOR-8.jpg\" style=\"clear: left;margin-bottom: 1em;margin-left: auto;margin-right: auto\"><img decoding=\"async\" border=\"0\" height=\"213\" src=\"https:\/\/blogger.googleusercontent.com\/img\/b\/R29vZ2xl\/AVvXsEjHFjnc3b3PQa9txXpNKqYA_69Ff-F_nqWIILQXCCYepRKyC8d8WDi78bA9pVwWSxU4jzrfDlwefv9N-0m6YZQOc9SlH5ekQOsj1xsPNT_CwnA6RS2AzsXAt-XrNciYXOQpqjLD6Q_akfc\/s320\/FOTO+ISAAC+LOZANO+R-8.jpg\" width=\"320\" \/><\/a><\/td>\n<\/tr>\n<tr>\n<td class=\"tr-caption\" style=\"text-align: center\">Isaac Lozano <br \/>(Imagen &nbsp;Web Torneo de La Roda)<\/td>\n<\/tr>\n<\/tbody>\n<\/table>\n<p><\/span><\/div>\n<div style=\"margin-bottom: .0001pt;margin: 0cm;text-align: justify\">\n<span style=\"font-family: Arial, sans-serif;font-size: 14pt\">El balance de los 7 ajedrecistas de nuestros clubes ha sido<br \/>\nbastante positivo, mejorando en todos los casos su ELO FIDE y su ranking<br \/>\ninicial. Otro dato a tener en cuenta es que 4 de ellos ven\u00edan de disputar el<br \/>\nRegional por Edades en Albacete lo que supone que en tan solo 10 d\u00edas han<br \/>\ntenido que afrontar 15 partidas de ritmo lento, con el importante desgaste<br \/>\nf\u00edsico y mental que conlleva.<\/span><\/div>\n<div style=\"margin-bottom: .0001pt;margin: 0cm;text-align: justify\">\n<span style=\"font-family: Arial, sans-serif;font-size: 14pt\">Siguiendo el orden de la clasificaci\u00f3n final, estos han sido los<br \/>\nresultados obtenidos por nuestros j\u00f3venes aficionados:<\/span><\/div>\n<table cellpadding=\"0\" cellspacing=\"0\" class=\"tr-caption-container\" style=\"float: right;margin-left: 1em;text-align: right\">\n<tbody>\n<tr>\n<td style=\"text-align: center\"><a href=\"https:\/\/www.bfv.cloud\/ajedrezeuropa\/wp-content\/uploads\/2016\/03\/FOTOALFREDOAMADOR.jpg\" style=\"clear: right;margin-bottom: 1em;margin-left: auto;margin-right: auto\"><img decoding=\"async\" border=\"0\" height=\"213\" src=\"https:\/\/blogger.googleusercontent.com\/img\/b\/R29vZ2xl\/AVvXsEiIX0k3keTc9AZwRhqO2oIHvglUhpMxmhRddSM97J-jr1QxvKWToE19RvHiDORExgnvxj_zQb-7Tq-WD_xYq7onKCKHhQtgMI_0A0vujnl3kxHHgVg2HTQOhFW1oK6V5qqBNveGF8dCkqE\/s320\/FOTO+ALFREDO+AMADOR.jpg\" width=\"320\" \/><\/a><\/td>\n<\/tr>\n<tr>\n<td class=\"tr-caption\" style=\"text-align: center\">Alfredo Amador, en segundo plano.<br \/>(Imagen web Torneo de La Roda)<\/td>\n<\/tr>\n<\/tbody>\n<\/table>\n<div style=\"margin-bottom: .0001pt;margin: 0cm;text-align: justify\">\n<b><span style=\"color: blue;font-size: 14.0pt\">Carlos \u00c1lvarez Serrano. <\/span><\/b><span style=\"color: blue;font-size: 14.0pt\">5,5<br \/>\npuntos (69\u00ba clasificado);&nbsp; + 3<\/span><span style=\"color: blue;font-family: Arial, sans-serif;font-size: 14pt\">&nbsp;puntos ELO<br \/>\nFIDE.<\/span><\/div>\n<div style=\"margin-bottom: .0001pt;margin: 0cm;text-align: justify\">\n<b><span style=\"color: blue;font-size: 14.0pt\">Javier Valdepe\u00f1as Octavio. <\/span><\/b><span style=\"color: blue;font-size: 14.0pt\">5 puntos<br \/>\n(111\u00ba); + 63 puntos ELO FIDE.<\/span><\/div>\n<div style=\"margin-bottom: .0001pt;margin: 0cm;text-align: justify\">\n<b><span style=\"color: blue;font-size: 14.0pt\">Isaac Lozano Osorio. <\/span><\/b><span style=\"color: blue;font-size: 14.0pt\">4,5<br \/>\npuntos (129\u00ba); + 24 puntos ELO FIDE.<\/span><\/div>\n<div style=\"margin-bottom: .0001pt;margin: 0cm;text-align: justify\">\n<b><span style=\"color: blue;font-size: 14.0pt\">Luis Miguel Monreal Bejarano. <\/span><\/b><span style=\"color: blue;font-size: 14.0pt\">3,5<br \/>\npuntos (220\u00ba); + 1 punto ELO FIDE.<\/span><\/div>\n<div style=\"margin-bottom: .0001pt;margin: 0cm;text-align: justify\">\n<b><span style=\"color: blue;font-size: 14.0pt\">Alfredo Amador And\u00fajar. <\/span><\/b><span style=\"color: blue;font-size: 14.0pt\">3 puntos<br \/>\n(255\u00ba); + 25 puntos ELO FIDE.<\/span><\/div>\n<div style=\"margin-bottom: .0001pt;margin: 0cm;text-align: justify\">\n<b><span style=\"color: blue;font-size: 14.0pt\">Isabel Marcos-Alberca Lizcano. <\/span><\/b><span style=\"color: blue;font-size: 14.0pt\">2,5<br \/>\npuntos (278\u00ba); + 24 puntos ELO FIDE&nbsp;<\/span><\/div>\n<p><\/p>\n<div style=\"margin-bottom: .0001pt;margin: 0cm;text-align: justify\">\n<b><span style=\"color: blue;font-size: 14.0pt\">Nuria Lozano Serrano. <\/span><\/b><span style=\"color: blue;font-size: 14.0pt\">2 puntos<br \/>\n(290\u00ba); + 31 puntos ELO FIDE.<\/span><\/div>\n<table align=\"center\" cellpadding=\"0\" cellspacing=\"0\" class=\"tr-caption-container\" style=\"margin-left: auto;margin-right: auto;text-align: center\">\n<tbody>\n<tr>\n<td style=\"text-align: center\"><a href=\"https:\/\/www.bfv.cloud\/ajedrezeuropa\/wp-content\/uploads\/2016\/03\/IMG-20160326-WA0000.jpg\" style=\"margin-left: auto;margin-right: auto\"><img loading=\"lazy\" decoding=\"async\" border=\"0\" height=\"240\" src=\"https:\/\/blogger.googleusercontent.com\/img\/b\/R29vZ2xl\/AVvXsEjfgIgIODvXIxrq1pWr8Fe4R2lKKMg4XJZ7z52_zxf5a8xds5WUyTg17BWGdGT-6wC_TgddW7iNBYnDNCsR2kwUsePxO0-LhHMaSB4Usofgy1woATZ20sCNmSC66KoazK_ZMa7-XJiFZsE\/s400\/IMG-20160326-WA0000.jpg\" width=\"400\" \/><\/a><\/td>\n<\/tr>\n<tr>\n<td class=\"tr-caption\" style=\"text-align: center\">Nuria Lozano e Isabel Marocs-Alberca<\/td>\n<\/tr>\n<\/tbody>\n<\/table>\n<div align=\"center\" style=\"margin-bottom: .0001pt;margin: 0cm;text-align: center\">\n<span style=\"font-size: 16.0pt\"><br \/><\/span><\/div>\n<div align=\"center\" style=\"margin-bottom: .0001pt;margin: 0cm;text-align: center\">\n<span style=\"font-size: 16.0pt\">EL<br \/>\nRUSO SERGEY KARJAKIN VENCE EN EL <\/span><\/div>\n<div align=\"center\" style=\"margin-bottom: .0001pt;margin: 0cm;text-align: center\">\n<span style=\"font-size: 16.0pt\">TORNEO<br \/>\nDE CANDIDATOS<\/span><\/div>\n<table cellpadding=\"0\" cellspacing=\"0\" class=\"tr-caption-container\" style=\"float: right;margin-left: 1em;text-align: right\">\n<tbody>\n<tr>\n<td style=\"text-align: center\"><a href=\"https:\/\/www.bfv.cloud\/ajedrezeuropa\/wp-content\/uploads\/2016\/03\/SERGEYKARJAKIN.png\" style=\"clear: right;margin-bottom: 1em;margin-left: auto;margin-right: auto\"><img loading=\"lazy\" decoding=\"async\" border=\"0\" height=\"200\" src=\"https:\/\/blogger.googleusercontent.com\/img\/b\/R29vZ2xl\/AVvXsEhOYR0P9Gf47jw75ukV3mu_0SQfsREuViYPLgYUtW3-CXUU125lFefwaoRYlKu-unV9wTDUf0Im-JePryPQrGon1AJAkRP4-oRQ_D6Lm_s1KGR-6WyfzgiDNnzqJ2Ndc2xCr8u1E8BKSMg\/s200\/SERGEY+KARJAKIN.png\" width=\"160\" \/><\/a><\/td>\n<\/tr>\n<tr>\n<td class=\"tr-caption\" style=\"text-align: center\">Sergey Karjakin<br \/>Web oficial Torneo Candidatos<\/td>\n<\/tr>\n<\/tbody>\n<\/table>\n<div align=\"center\" style=\"margin-bottom: .0001pt;margin: 0cm;text-align: center\">\n<\/div>\n<table cellpadding=\"0\" cellspacing=\"0\" class=\"tr-caption-container\" style=\"float: left;margin-right: 1em;text-align: left\">\n<tbody>\n<tr>\n<td style=\"text-align: center\"><a href=\"https:\/\/www.bfv.cloud\/ajedrezeuropa\/wp-content\/uploads\/2016\/03\/MAGNUSCARLSEN.png\" style=\"clear: left;margin-bottom: 1em;margin-left: auto;margin-right: auto\"><img loading=\"lazy\" decoding=\"async\" border=\"0\" height=\"200\" src=\"https:\/\/blogger.googleusercontent.com\/img\/b\/R29vZ2xl\/AVvXsEhwdMRLReoDsv7artQ-1GrxtUP-ZzBy1xuMIA5HqL85RbMNUN8FW5b0HrAu81J3jYKP-r-4OxJC4vJhl4IG5_jVP5_j22KUPj4hhb21eA7qeErFFeaat4M1aUks4Iy_C1IDkbA8OU-Irhw\/s200\/MAGNUS+CARLSEN.png\" width=\"160\" \/><\/a><\/td>\n<\/tr>\n<tr>\n<td class=\"tr-caption\" style=\"text-align: center\">Magnus Carlsen<br \/>Web oficial Torneo Candidatos<\/td>\n<\/tr>\n<\/tbody>\n<\/table>\n<div style=\"margin-bottom: .0001pt;margin: 0cm;text-align: justify\">\n<span style=\"font-size: 14.0pt\">El<br \/>\najedrecista ruso Sergey Karjakin ser\u00e1 el nuevo retador del actual campe\u00f3n del<br \/>\nmundo, el noruego Magnus Carlsen. Las dos j\u00f3venes figuras del ajedrez se<br \/>\nenfrentar\u00e1n por primera vez optando al t\u00edtulo de la FIDE all\u00e1 por el mes de<br \/>\nnoviembre en la ciudad estadounidense de Nueva York.<\/span><\/div>\n<table cellpadding=\"0\" cellspacing=\"0\" class=\"tr-caption-container\" style=\"float: left;margin-right: 1em;text-align: left\">\n<tbody>\n<tr>\n<td style=\"text-align: center\"><a href=\"https:\/\/www.bfv.cloud\/ajedrezeuropa\/wp-content\/uploads\/2016\/03\/LEVONARONIAN.png\" style=\"clear: left;margin-bottom: 1em;margin-left: auto;margin-right: auto\"><img loading=\"lazy\" decoding=\"async\" border=\"0\" height=\"200\" src=\"https:\/\/blogger.googleusercontent.com\/img\/b\/R29vZ2xl\/AVvXsEgRC-SkOnzHU4UghzRa9i5sHeqElzTSoYqwel55WdnLDWOs_tM3Bp5kWsgRxQyDy1RJe4sqsHLDgF_bqcTjsnTQgZWGUqUakpSsKcdIanBNjbAhYQV9ngb4JO002OwuadzncZmsQjUihcM\/s200\/LEVON+ARONIAN.png\" width=\"160\" \/><\/a><\/td>\n<\/tr>\n<tr>\n<td class=\"tr-caption\" style=\"text-align: center\">Levon Aronian<br \/>web oficial Torneo Candidatos<\/td>\n<\/tr>\n<\/tbody>\n<\/table>\n<div style=\"margin-bottom: .0001pt;margin: 0cm;text-align: justify\">\n<span style=\"font-size: 14.0pt\">El<br \/>\nduelo de los 8 candidatos ha sido el m\u00e1s tenso y espectacular de la \u00faltima<br \/>\nd\u00e9cada, con partidas tan intensas y combatidas que siempre ha merecido la pena<br \/>\nseguir la retransmisi\u00f3n emitida a trav\u00e9s de la estupenda p\u00e1gina web oficial del<br \/>\ntorneo.<\/span><\/div>\n<div style=\"margin-bottom: .0001pt;margin: 0cm;text-align: justify\">\n<span style=\"font-size: 14.0pt\">Aunque<br \/>\nKarjakin se ha proclamado claramente candidato, con 1 punto de ventaja sobre<br \/>\nsus inmediatos seguidores gracias a su victoria sobre Fabiano Caruana en la<br \/>\n\u00faltima ronda, ha habido otros jugadores que han merecido mejor suerte y que han<br \/>\nhecho vibrar de expectaci\u00f3n a los buenos aficionados al ajedrez. Este es el<br \/>\ncaso del maestro armenio Levon Aronian o el propio Caruana, que llevaban su<br \/>\njuego creativo y ofensivo al l\u00edmite aunque ello supusiera la derrota en alguna<br \/>\nde sus partidas.<\/span><\/div>\n<div style=\"margin-bottom: .0001pt;margin: 0cm;text-align: justify\">\n<\/div>\n<div style=\"margin-bottom: .0001pt;margin: 0cm;text-align: justify\">\n<span style=\"font-size: 14.0pt\">Gracias<br \/>\na los grandes maestros: Topalov, Svidler, Nakamura, Giri, Anand, Karjakin,<br \/>\nCaruana y Aronian por el gran espect\u00e1culo que hab\u00e9is ofrecido.<\/span><span style=\"font-size: 13.5pt\"><\/span><\/div>\n","protected":false},"excerpt":{"rendered":"<p>Javier Valdepe\u00f1as frente a Carlos \u00c1lvarez(Imagen Torneo de La Roda) La 43\u00aa edici\u00f3n del Torneo de La Roda finalizaba el pasado domingo despu\u00e9s de 9 rondas contando con la participaci\u00f3n de casi 300 jugadores, entre los cuales ha habido m\u00e1s de 60 titulados internacionales. En esta ocasi\u00f3n la victoria ha correspondido al GM armenio, Karen [&hellip;]<\/p>\n","protected":false},"author":1,"featured_media":3511,"comment_status":"open","ping_status":"closed","sticky":false,"template":"","format":"standard","meta":{"footnotes":""},"categories":[1],"tags":[],"class_list":["post-3510","post","type-post","status-publish","format-standard","has-post-thumbnail","hentry","category-noticias"],"_links":{"self":[{"href":"https:\/\/www.bfv.cloud\/ajedrezeuropa\/wp-json\/wp\/v2\/posts\/3510","targetHints":{"allow":["GET"]}}],"collection":[{"href":"https:\/\/www.bfv.cloud\/ajedrezeuropa\/wp-json\/wp\/v2\/posts"}],"about":[{"href":"https:\/\/www.bfv.cloud\/ajedrezeuropa\/wp-json\/wp\/v2\/types\/post"}],"author":[{"embeddable":true,"href":"https:\/\/www.bfv.cloud\/ajedrezeuropa\/wp-json\/wp\/v2\/users\/1"}],"replies":[{"embeddable":true,"href":"https:\/\/www.bfv.cloud\/ajedrezeuropa\/wp-json\/wp\/v2\/comments?post=3510"}],"version-history":[{"count":1,"href":"https:\/\/www.bfv.cloud\/ajedrezeuropa\/wp-json\/wp\/v2\/posts\/3510\/revisions"}],"predecessor-version":[{"id":3518,"href":"https:\/\/www.bfv.cloud\/ajedrezeuropa\/wp-json\/wp\/v2\/posts\/3510\/revisions\/3518"}],"wp:featuredmedia":[{"embeddable":true,"href":"https:\/\/www.bfv.cloud\/ajedrezeuropa\/wp-json\/wp\/v2\/media\/3511"}],"wp:attachment":[{"href":"https:\/\/www.bfv.cloud\/ajedrezeuropa\/wp-json\/wp\/v2\/media?parent=3510"}],"wp:term":[{"taxonomy":"category","embeddable":true,"href":"https:\/\/www.bfv.cloud\/ajedrezeuropa\/wp-json\/wp\/v2\/categories?post=3510"},{"taxonomy":"post_tag","embeddable":true,"href":"https:\/\/www.bfv.cloud\/ajedrezeuropa\/wp-json\/wp\/v2\/tags?post=3510"}],"curies":[{"name":"wp","href":"https:\/\/api.w.org\/{rel}","templated":true}]}}