{"id":3519,"date":"2020-10-17T08:59:00","date_gmt":"2020-10-17T08:59:00","guid":{"rendered":"https:\/\/www.bfv.cloud\/ajedrezeuropa\/index.php\/2020\/10\/17\/abierto-el-periodo-de-inscripcion-en-la-escuela-de-ajedrez-de-la-u-p-de-herencia\/"},"modified":"2025-11-20T11:02:55","modified_gmt":"2025-11-20T11:02:55","slug":"abierto-el-periodo-de-inscripcion-en-la-escuela-de-ajedrez-de-la-u-p-de-herencia","status":"publish","type":"post","link":"https:\/\/www.bfv.cloud\/ajedrezeuropa\/abierto-el-periodo-de-inscripcion-en-la-escuela-de-ajedrez-de-la-u-p-de-herencia\/","title":{"rendered":"ABIERTO EL PERIODO DE INSCRIPCI\u00d3N EN LA ESCUELA DE AJEDREZ DE LA U.P. DE HERENCIA"},"content":{"rendered":"<\/p>\n<div class=\"separator\" style=\"clear: both;text-align: left\">\n<div class=\"separator\" style=\"clear: both;text-align: left\"><span style=\"font-family: georgia\"><b><\/p>\n<div class=\"separator\" style=\"clear: both;font-size: x-large;text-align: center\"><a href=\"https:\/\/www.bfv.cloud\/ajedrezeuropa\/wp-content\/uploads\/2020\/10\/FOLLETO-UP-2020-2021-facebook1-1.jpg\" style=\"clear: left;float: left;margin-bottom: 1em;margin-right: 1em\"><img decoding=\"async\" border=\"0\" data-original-height=\"955\" data-original-width=\"675\" height=\"320\" src=\"https:\/\/blogger.googleusercontent.com\/img\/b\/R29vZ2xl\/AVvXsEg_9MYjyQekf5wjz6XS_lvs2YBMTSR9oiEorYjJy9FNDQUpCdnoOCxv7kQbZDz6HkKbBsc1gDVuZuNzPTT__LLMUp2gyMMcveQlkRjwK5eCMdqgLwCcOb39igjm0n4T299xBxiJTNZ-HtU\/s320\/FOLLETO-UP-2020-2021-facebook1-1.jpg\" \/><\/a><\/div>\n<p><\/b><\/span><\/p>\n<h2 style=\"text-align: left\"><span style=\"font-size: x-large\"><span style=\"font-family: georgia\"><b>Transcurridos m\u00e1s de 7 meses desde el decreto de&nbsp;<\/b><\/span><b style=\"font-family: georgia\">\u00abestado de alarma\u00bb y, como consecuencia, <\/b><b style=\"font-family: georgia\">de la suspensi\u00f3n de las clases ajedrez en todas nuestras escuelas, comienza a abrirse camino la reanudaci\u00f3n de las actividades.<\/b><b style=\"font-family: georgia\"> <\/b><b style=\"font-family: georgia\">La primera escuela en iniciar el periodo de inscripci\u00f3n es la dependiente de la Universidad Popular de Herencia. Las clases de la escuela de ajedrez de la U.P. de Herencia comenzar\u00e1n la primera semana de noviembre con los grupos que se formen en los horarios ofertados, aunque existe la posibilidad de combinarlos o unirlos.&nbsp;<\/b><\/span><\/h2>\n<h2 style=\"text-align: left\"><b style=\"font-family: georgia\"><span style=\"font-size: x-large\">\u00a1\u00a1Os esperamos!!<\/span><\/b><\/h2>\n<\/div>\n<div class=\"separator\" style=\"clear: both;text-align: left\"><span style=\"font-family: georgia;font-size: large\"><b><br \/><\/b><\/span><b style=\"font-family: georgia;font-size: x-large\"><\/p>\n<div class=\"separator\" style=\"clear: both;text-align: center\"><a href=\"https:\/\/www.bfv.cloud\/ajedrezeuropa\/wp-content\/uploads\/2020\/10\/FOLLETO-UP-2020-2021-facebook2-724x1024-1.jpg\" style=\"margin-left: 1em;margin-right: 1em\"><img fetchpriority=\"high\" decoding=\"async\" border=\"0\" data-original-height=\"111\" data-original-width=\"713\" height=\"101\" src=\"https:\/\/blogger.googleusercontent.com\/img\/b\/R29vZ2xl\/AVvXsEj-50_Psj4xNTuzbyCwCXu_hN8r6ib2sdeht4Wu2c-5gxp7STFHleUeuvlLUKz_blxuZazowkDF5Li_zzGjmmNs68zw7ejK2W6q-ZQp5cTWJplBzoePAO5159ocKtrytLX8ANJ3xnVDzRE\/w640-h101\/FOLLETO-UP-2020-2021-facebook2-724x1024.jpg\" width=\"640\" \/><\/a><\/div>\n<p><\/p>\n<div class=\"separator\" style=\"clear: both;text-align: center\"><a href=\"https:\/\/www.bfv.cloud\/ajedrezeuropa\/wp-content\/uploads\/2020\/10\/FOLLETO-UP-2020-2021-facebook4-724x1024-1.jpg\" style=\"margin-left: 1em;margin-right: 1em\"><img decoding=\"async\" border=\"0\" data-original-height=\"314\" data-original-width=\"693\" height=\"290\" src=\"https:\/\/blogger.googleusercontent.com\/img\/b\/R29vZ2xl\/AVvXsEiqMUw0OAYhL_qAC1qJ1jEfWcjJ7VTUUTcRCjWd3OhPhsD6RRoHrJ9QhimiFClU4ovVCIlgPJSmuCVNYjqedy6qY4_kWytlP2F8S61PVgxHwgCHvawbmwF3ki4y6O1-EZ9VeFNlNF0S2Xw\/w640-h290\/FOLLETO-UP-2020-2021-facebook4-724x1024.jpg\" width=\"640\" \/><\/a><\/div>\n<p><\/b><\/div>\n<p><span style=\"color: #990000\"><\/p>\n<div style=\"text-align: center\"><b style=\"font-family: georgia;font-size: x-large\">En los pr\u00f3ximos d\u00edas se publicar\u00e1n las condiciones de inscripci\u00f3n para nuestras escuelas de ajedrez de Alc\u00e1zar de San Juan, Villafranca de los Caballeros y Consuegra.<\/b><\/div>\n<p><\/span><\/div><\/p>\n","protected":false},"excerpt":{"rendered":"<p>Transcurridos m\u00e1s de 7 meses desde el decreto de&nbsp;\u00abestado de alarma\u00bb y, como consecuencia, de la suspensi\u00f3n de las clases ajedrez en todas nuestras escuelas, comienza a abrirse camino la reanudaci\u00f3n de las actividades. La primera escuela en iniciar el periodo de inscripci\u00f3n es la dependiente de la Universidad Popular de Herencia. Las clases de [&hellip;]<\/p>\n","protected":false},"author":1,"featured_media":3520,"comment_status":"open","ping_status":"closed","sticky":false,"template":"","format":"standard","meta":{"footnotes":""},"categories":[1],"tags":[],"class_list":["post-3519","post","type-post","status-publish","format-standard","has-post-thumbnail","hentry","category-noticias"],"_links":{"self":[{"href":"https:\/\/www.bfv.cloud\/ajedrezeuropa\/wp-json\/wp\/v2\/posts\/3519","targetHints":{"allow":["GET"]}}],"collection":[{"href":"https:\/\/www.bfv.cloud\/ajedrezeuropa\/wp-json\/wp\/v2\/posts"}],"about":[{"href":"https:\/\/www.bfv.cloud\/ajedrezeuropa\/wp-json\/wp\/v2\/types\/post"}],"author":[{"embeddable":true,"href":"https:\/\/www.bfv.cloud\/ajedrezeuropa\/wp-json\/wp\/v2\/users\/1"}],"replies":[{"embeddable":true,"href":"https:\/\/www.bfv.cloud\/ajedrezeuropa\/wp-json\/wp\/v2\/comments?post=3519"}],"version-history":[{"count":1,"href":"https:\/\/www.bfv.cloud\/ajedrezeuropa\/wp-json\/wp\/v2\/posts\/3519\/revisions"}],"predecessor-version":[{"id":3523,"href":"https:\/\/www.bfv.cloud\/ajedrezeuropa\/wp-json\/wp\/v2\/posts\/3519\/revisions\/3523"}],"wp:featuredmedia":[{"embeddable":true,"href":"https:\/\/www.bfv.cloud\/ajedrezeuropa\/wp-json\/wp\/v2\/media\/3520"}],"wp:attachment":[{"href":"https:\/\/www.bfv.cloud\/ajedrezeuropa\/wp-json\/wp\/v2\/media?parent=3519"}],"wp:term":[{"taxonomy":"category","embeddable":true,"href":"https:\/\/www.bfv.cloud\/ajedrezeuropa\/wp-json\/wp\/v2\/categories?post=3519"},{"taxonomy":"post_tag","embeddable":true,"href":"https:\/\/www.bfv.cloud\/ajedrezeuropa\/wp-json\/wp\/v2\/tags?post=3519"}],"curies":[{"name":"wp","href":"https:\/\/api.w.org\/{rel}","templated":true}]}}