{"id":3524,"date":"2025-09-09T11:30:00","date_gmt":"2025-09-09T11:30:00","guid":{"rendered":"https:\/\/www.bfv.cloud\/ajedrezeuropa\/index.php\/2025\/09\/09\/abiertas-las-inscripciones-para-nuestras-escuelas-deportivas-de-alcazar-de-san-juan-illescas-consuegra-y-villafranca-de-los-caballeros\/"},"modified":"2025-11-20T11:03:47","modified_gmt":"2025-11-20T11:03:47","slug":"abiertas-las-inscripciones-para-nuestras-escuelas-deportivas-de-alcazar-de-san-juan-illescas-consuegra-y-villafranca-de-los-caballeros","status":"publish","type":"post","link":"https:\/\/www.bfv.cloud\/ajedrezeuropa\/abiertas-las-inscripciones-para-nuestras-escuelas-deportivas-de-alcazar-de-san-juan-illescas-consuegra-y-villafranca-de-los-caballeros\/","title":{"rendered":"ABIERTAS LAS INSCRIPCIONES PARA NUESTRAS ESCUELAS DEPORTIVAS DE ALC\u00c1ZAR DE SAN JUAN, ILLESCAS, CONSUEGRA Y VILLAFRANCA DE LOS CABALLEROS"},"content":{"rendered":"<p>&nbsp;<a href=\"https:\/\/www.bfv.cloud\/ajedrezeuropa\/wp-content\/uploads\/2025\/09\/CARTEL20ESCUELA20AJEDREZ20ILLESCAS202025-26-1.jpeg\" style=\"clear: left;margin-bottom: 1em;margin-right: 1em;text-align: center\"><img fetchpriority=\"high\" decoding=\"async\" border=\"0\" data-original-height=\"1749\" data-original-width=\"1235\" height=\"400\" src=\"https:\/\/blogger.googleusercontent.com\/img\/b\/R29vZ2xl\/AVvXsEhvRlKSZcE1SFBJjtN2fliZ5is76kR3q5na69dJoS3kzwXoctFsE1D72qeWq4cl4ZcPYKh971GKTxKs44oCqGdkeBuQHu1d523mS3wJoTc8qO9wSZgtF_gMR6B0eTpJn8Mb12lCfUJybwCJQZb6dGaKYvMPGDhIu8XenqVX2rqeqa462_sEOl7kZpdiduw\/w283-h400\/CARTEL%20ESCUELA%20AJEDREZ%20ILLESCAS%202025-26.jpeg\" width=\"283\" \/><\/a><a href=\"https:\/\/www.bfv.cloud\/ajedrezeuropa\/wp-content\/uploads\/2025\/09\/CARTEL20CLASES20ALCAZAR202025202620--scaled.jpg\" style=\"margin-left: 1em;margin-right: 1em;text-align: right\"><img decoding=\"async\" border=\"0\" data-original-height=\"4945\" data-original-width=\"3494\" height=\"379\" src=\"https:\/\/blogger.googleusercontent.com\/img\/b\/R29vZ2xl\/AVvXsEiaWP1aze3VLzRBlzbaGnI5smKsYDN_wbJi5o79JyzErs6Ay8_S1Zzr7fQ1EEqzCd__XwwfO4Xro_kvpg1wxHpuKtyzQL32VTitSDGZmEMTXQmaQAY9lZZbPxU_TtjrrZrokTaDU4B8ZMOI5RQEDmqRsYYV2J2SkK5GKqGRNy2B7bZRBwKAGEkOZhvRFPY\/w283-h379\/CARTEL%20CLASES%20ALCAZAR%202025%2026%20-.jpg\" width=\"283\" \/><\/a><\/p>\n<p><span style=\"font-size: large\"><span style=\"font-family: helvetica\">A finales de este mes de septiembre comenzar\u00e1n las clases en nuestras 4 escuelas deportivas, conforme al siguiente orden temporal:<\/span><span style=\"font-family: helvetica\">&nbsp;<\/span><span style=\"font-family: helvetica\"><b>s\u00e1bado 27 de septiembre, por la ma\u00f1ana, en el centro juvenil Covadonga de Alc\u00e1zar de San Juan, y ese mismo d\u00eda, por la tarde, en la casa de la cultura de Villafranca de los Caballeros;<\/b>&nbsp;<\/span><b style=\"font-family: helvetica\">mi\u00e9rcoles 1 de octubre, por la tarde, en el Espacio de Creaci\u00f3n Joven de Illescas; y, por \u00faltimo, el martes 7 de octubre en Consuegra (en horario de tarde) en el CEIP Stmo. Cristo de la Vera Cruz.<\/b><\/span><\/p>\n<\/p>\n<div class=\"separator\" style=\"clear: both;text-align: center\"><a href=\"https:\/\/www.bfv.cloud\/ajedrezeuropa\/wp-content\/uploads\/2025\/09\/CARTEL20CLASES20VILLAFRANCA2020252026-scaled.jpg\" style=\"clear: left;float: left;margin-bottom: 1em;margin-right: 1em\"><img decoding=\"async\" border=\"0\" data-original-height=\"3463\" data-original-width=\"2446\" height=\"400\" src=\"https:\/\/blogger.googleusercontent.com\/img\/b\/R29vZ2xl\/AVvXsEiQHO8RuNl9L2CkoNab6i7e16J36yF0Na6IsCDf2DiU5dwnFarV3wiLpAF1QRwzB8He45j3Vm61teVQbjNCKK8Uc0zY69200MUWd-Cu4avLgrBvqOQf5-xZG3nsA9zuVsG8lglRwqRMXXYEJNT-n8Yam9-iGwqQjIcIT46Jf6MgNrt5HCzLjWm4-mnsueU\/w283-h400\/CARTEL%20CLASES%20VILLAFRANCA%202025%2026.jpg\" width=\"283\" \/><\/a><a href=\"https:\/\/www.bfv.cloud\/ajedrezeuropa\/wp-content\/uploads\/2025\/09\/020ALTA20EN20AYMO20E20INSCRIPCION.jpeg\" style=\"clear: right;margin-bottom: 1em;margin-left: 1em\"><img loading=\"lazy\" decoding=\"async\" border=\"0\" data-original-height=\"1350\" data-original-width=\"1080\" height=\"400\" src=\"https:\/\/blogger.googleusercontent.com\/img\/b\/R29vZ2xl\/AVvXsEgxo0mlQma-MKKuCfFKaV4IiyzmAkCy_AcRTV9cb2Nsr5YXsWvPLeEaHq4HSps14bKolwMpiAfvyVRYkf8uvaQAVR2rxpAF3FtNg0bmAHkjsUb2ferAGruK4RcUC-CJqnUHmI78moJ4zxISfCSlUdZVEGWnmQmxmUFIZTVUK53nrWmCjEPyA_VwnJAKiu4\/w320-h400\/0%20ALTA%20EN%20AYMO%20E%20INSCRIPCION.jpeg\" width=\"320\" \/><\/a><\/div>\n<\/p>\n<p><a href=\"https:\/\/www.bfv.cloud\/ajedrezeuropa\/wp-content\/uploads\/2025\/09\/CARTEL20ESCUELAS20DEPORTIVAS.jpg\" style=\"margin-left: 1em;margin-right: 1em;text-align: center\"><img loading=\"lazy\" decoding=\"async\" border=\"0\" data-original-height=\"2048\" data-original-width=\"1448\" height=\"640\" src=\"https:\/\/blogger.googleusercontent.com\/img\/b\/R29vZ2xl\/AVvXsEgHJux66egGyCXSuQxb1Yt6EdGs78Q9xtVKvGdMCVPX8ZcOqbE6Q6idRs2UpGfGTtB6n82aqXVmyVVYv55T52LFQ9ZtGzMv8XMoO2owvo7AtlIMRawqGZCC36MgedDTDB7-SVQnQR5KQZUZ5_h6tLh9K1efCmoD9yPkN-b9eXfi8kmZrBbCq2Go-s1EZbk\/w452-h640\/CARTEL%20ESCUELAS%20DEPORTIVAS.jpg\" width=\"452\" \/><\/a><\/p>\n<p><b style=\"font-family: helvetica\"><i style=\"font-weight: 400\"><span style=\"font-size: large\">Las inscripciones para las escuelas de ajedrez de Consuegra y Villafranca se gestionan directamente desde los servicios de deportes de cada ayuntamiento.<\/span><\/i><\/b><\/p>\n<p><b style=\"font-family: helvetica\"><i style=\"font-weight: 400\"><span style=\"font-size: large\"><span style=\"font-style: normal\">Las inscripciones&nbsp;<\/span><b style=\"font-style: normal\"><i>para las escuelas de Alc\u00e1zar de San Juan e Illescas se realizan rellenando el formulario correspondiente<\/i><\/b><span style=\"font-style: normal\">&nbsp;a la escuela elegida y envi\u00e1ndolo a:&nbsp;&nbsp;<\/span><a href=\"mailto:felixtoribio@nuestroajedrezeneuropa.com\" style=\"font-style: normal\">felixtoribio@nuestroajedrezeneuropa.com<\/a><\/span><\/i><\/b><\/p>\n<p><\/p>\n<div class=\"separator\" style=\"clear: both;text-align: center\"><a href=\"https:\/\/www.bfv.cloud\/ajedrezeuropa\/wp-content\/uploads\/2025\/09\/FICHA20INSCRIP20ESC20AJEDREZ20TEMP202025-26_001.jpg\" style=\"clear: left;float: left;margin-bottom: 1em;margin-right: 1em\"><img loading=\"lazy\" decoding=\"async\" border=\"0\" data-original-height=\"842\" data-original-width=\"595\" height=\"400\" src=\"https:\/\/blogger.googleusercontent.com\/img\/b\/R29vZ2xl\/AVvXsEiqZhiY8WW5KX89jTiRGKoUlHLwgRu6HoKHrwbmTcyUevLN74vvmV3Q3sHymR7yD9hN5iOEAKxrZtSt5aVmfTZ7In0BeJHK0XIbbh2MZ-EhzpFmtxNR73PL3T8NhoLjN2RLvWF4DohXA90NZYyUwOIDSIkCc7yJTM_du-ybd7fVryS6QWur9VhqPu5hXxQ\/w283-h400\/FICHA%20INSCRIP%20ESC%20AJEDREZ%20TEMP%202025-26_001.jpg\" width=\"283\" \/>&nbsp; &nbsp;<\/a><a href=\"https:\/\/www.bfv.cloud\/ajedrezeuropa\/wp-content\/uploads\/2025\/09\/FICHA20INSCRIPCION20ESCUELA20AJEDREZ20TEMP202025-26_001.jpg\" style=\"clear: right;margin-bottom: 1em;margin-left: 1em\"><img loading=\"lazy\" decoding=\"async\" border=\"0\" data-original-height=\"842\" data-original-width=\"595\" height=\"400\" src=\"https:\/\/blogger.googleusercontent.com\/img\/b\/R29vZ2xl\/AVvXsEg0AjI_XbDaguLSuSsp8bCTSOAA5QsFRX8qU0-GR4K5bYz-Mx7_lU0ReWfR2l6_Dgkxm2aeiCBwYLfP-HV0R6I8hys60H5_qjrovKlpLTHRYuhpVepDYMaWhxbzOmyGTBc05R2IdVWcYdv_9y3xHbOdIbwUp7tPdA-el9RVwil-7yPioCqAsWqf24BeRPM\/w283-h400\/FICHA%20INSCRIPCION%20ESCUELA%20AJEDREZ%20TEMP%202025-26_001.jpg\" width=\"283\" \/><\/a><\/div>\n<\/p>\n<p><b style=\"font-family: helvetica;font-size: x-large\"><i style=\"font-weight: 400\"><br \/><\/i><\/b><\/p>\n","protected":false},"excerpt":{"rendered":"<p>&nbsp; A finales de este mes de septiembre comenzar\u00e1n las clases en nuestras 4 escuelas deportivas, conforme al siguiente orden temporal:&nbsp;s\u00e1bado 27 de septiembre, por la ma\u00f1ana, en el centro juvenil Covadonga de Alc\u00e1zar de San Juan, y ese mismo d\u00eda, por la tarde, en la casa de la cultura de Villafranca de los Caballeros;&nbsp;mi\u00e9rcoles [&hellip;]<\/p>\n","protected":false},"author":1,"featured_media":3525,"comment_status":"open","ping_status":"closed","sticky":false,"template":"","format":"standard","meta":{"footnotes":""},"categories":[1],"tags":[],"class_list":["post-3524","post","type-post","status-publish","format-standard","has-post-thumbnail","hentry","category-noticias"],"_links":{"self":[{"href":"https:\/\/www.bfv.cloud\/ajedrezeuropa\/wp-json\/wp\/v2\/posts\/3524","targetHints":{"allow":["GET"]}}],"collection":[{"href":"https:\/\/www.bfv.cloud\/ajedrezeuropa\/wp-json\/wp\/v2\/posts"}],"about":[{"href":"https:\/\/www.bfv.cloud\/ajedrezeuropa\/wp-json\/wp\/v2\/types\/post"}],"author":[{"embeddable":true,"href":"https:\/\/www.bfv.cloud\/ajedrezeuropa\/wp-json\/wp\/v2\/users\/1"}],"replies":[{"embeddable":true,"href":"https:\/\/www.bfv.cloud\/ajedrezeuropa\/wp-json\/wp\/v2\/comments?post=3524"}],"version-history":[{"count":1,"href":"https:\/\/www.bfv.cloud\/ajedrezeuropa\/wp-json\/wp\/v2\/posts\/3524\/revisions"}],"predecessor-version":[{"id":3532,"href":"https:\/\/www.bfv.cloud\/ajedrezeuropa\/wp-json\/wp\/v2\/posts\/3524\/revisions\/3532"}],"wp:featuredmedia":[{"embeddable":true,"href":"https:\/\/www.bfv.cloud\/ajedrezeuropa\/wp-json\/wp\/v2\/media\/3525"}],"wp:attachment":[{"href":"https:\/\/www.bfv.cloud\/ajedrezeuropa\/wp-json\/wp\/v2\/media?parent=3524"}],"wp:term":[{"taxonomy":"category","embeddable":true,"href":"https:\/\/www.bfv.cloud\/ajedrezeuropa\/wp-json\/wp\/v2\/categories?post=3524"},{"taxonomy":"post_tag","embeddable":true,"href":"https:\/\/www.bfv.cloud\/ajedrezeuropa\/wp-json\/wp\/v2\/tags?post=3524"}],"curies":[{"name":"wp","href":"https:\/\/api.w.org\/{rel}","templated":true}]}}