{"id":3537,"date":"2013-06-02T19:57:00","date_gmt":"2013-06-02T19:57:00","guid":{"rendered":"https:\/\/www.bfv.cloud\/ajedrezeuropa\/index.php\/2013\/06\/02\/tres-importantes-medallas-en-el-escolar-regional\/"},"modified":"2025-11-20T11:03:54","modified_gmt":"2025-11-20T11:03:54","slug":"tres-importantes-medallas-en-el-escolar-regional","status":"publish","type":"post","link":"https:\/\/www.bfv.cloud\/ajedrezeuropa\/tres-importantes-medallas-en-el-escolar-regional\/","title":{"rendered":"TRES IMPORTANTES MEDALLAS EN EL ESCOLAR REGIONAL"},"content":{"rendered":"<div style=\"text-align: center\">\n<span style=\"color: #274e13;font-family: Verdana, sans-serif\"><b><u>2 SUBCAMPEONAS DE CASTILLA- LA MANCHA&nbsp;<\/u><\/b><\/span><\/div>\n<div style=\"text-align: center\">\n<span style=\"color: #274e13;font-family: Verdana, sans-serif\"><b><u>Y UN TERCER PUESTO MASCULINO<\/u><\/b><\/span><\/div>\n<table align=\"center\" cellpadding=\"0\" cellspacing=\"0\" class=\"tr-caption-container\" style=\"margin-left: auto;margin-right: auto;text-align: center\">\n<tbody>\n<tr>\n<td style=\"text-align: center\"><a href=\"https:\/\/www.bfv.cloud\/ajedrezeuropa\/wp-content\/uploads\/2013\/06\/Equipo.jpg\" style=\"margin-left: auto;margin-right: auto\"><img fetchpriority=\"high\" decoding=\"async\" border=\"0\" height=\"427\" src=\"https:\/\/blogger.googleusercontent.com\/img\/b\/R29vZ2xl\/AVvXsEh3rqdnRcDBvAV21grNUy-et_yAVP5yLQ8H6twr5mCqdigUjYvK8kPwA_3JddLWCEdL86EdfOKum77CvFHjemC4AVWjv1qszwS5azyh8W1EGUDLgbGO1IFywL5MrMk7eVOa-Q9tPisgH8c\/s640\/Equipo.jpg\" width=\"640\" \/><\/a><\/td>\n<\/tr>\n<tr>\n<td class=\"tr-caption\" style=\"text-align: center\">Los 8 jugadores de Nuestro Ajedrez en Europa antes de la<br \/>\u00faltima ronda<\/td>\n<\/tr>\n<\/tbody>\n<\/table>\n<div style=\"text-align: left\">\n<span style=\"color: #274e13;font-family: Verdana, sans-serif\"><b>Hoy domingo ha finalizado el Campeonato del Deporte en Edad Escolar de Castilla-La Mancha confirmando el mejor resultado de Nuestro Ajedrez en Europa en esta competici\u00f3n oficial. Los t\u00edtulos de subcampeonas regionales logrados por Irene Sim\u00f3n en la categor\u00eda infantil femenina y por Silvia Toribio en el cadete femenino, unidos al tercer puesto de Javier Valdepe\u00f1as en el infantil masculino, al 5\u00ba puesto logrado por Isaac Lozano &nbsp;en el cadete masculino y a la 6\u00aa plaza de Leo de Giorgi en esta misma categor\u00eda, son el fruto al trabajo met\u00f3dico y continuado que se viene realizando desde las escuelas de ajedrez de Alc\u00e1zar y Villafranca a lo largo de los a\u00f1os. La consecuencia de estos puestos de honor ser\u00e1 la presencia de Irene y Javier en la final nacional de la categor\u00eda infantil que se celebrar\u00e1 a finales de este mes en la poblaci\u00f3n coru\u00f1esa de Padr\u00f3n. Por el contrario, el cadete nacional de ajedrez en su modalidad masculina y femenina ha sido excluido, por primera vez, del calendario de competiciones en una pol\u00e9mica decisi\u00f3n del Consejo Superior de Deportes justificada por los consabidos recortes econ\u00f3micos.<\/b><\/span><\/div>\n<div style=\"text-align: left\">\n<\/div>\n<div style=\"text-align: left\">\n<span style=\"color: #274e13;font-family: Verdana, sans-serif\"><b><u>Tres chicas m\u00e1s han jugado su primer regional escolar<\/u><\/b><\/span><\/div>\n<div style=\"text-align: left\">\n<span style=\"color: #274e13;font-family: Verdana, sans-serif\"><b><u><br \/><\/u><\/b><\/span><\/div>\n<div style=\"text-align: left\">\n<span style=\"color: #274e13;font-family: Verdana, sans-serif\"><b>Adem\u00e1s de estos 5 jugadores, la delegaci\u00f3n del proyecto se ha completado con otras 3 chicas que han tenido la oportunidad de vivir su primera competici\u00f3n escolar de \u00e1mbito auton\u00f3mico. De esta forma, Marta Espinosa, Isabel Marcos-Alberca y Alba P\u00edriz han competido dentro del infantil femenino, alcanzando la 9\u00aa, 10\u00aa y 11\u00aa plaza, respectivamente.<\/b><\/span><\/div>\n<table align=\"center\" cellpadding=\"0\" cellspacing=\"0\" class=\"tr-caption-container\" style=\"margin-left: auto;margin-right: auto;text-align: center\">\n<tbody>\n<tr>\n<td style=\"text-align: center\"><a href=\"https:\/\/www.bfv.cloud\/ajedrezeuropa\/wp-content\/uploads\/2013\/06\/lagunaRuidera.jpg\" style=\"margin-left: auto;margin-right: auto\"><img decoding=\"async\" border=\"0\" height=\"300\" src=\"https:\/\/blogger.googleusercontent.com\/img\/b\/R29vZ2xl\/AVvXsEi7L8YcI2jlJxEYExtPfPDdwMYEFamDGurP2AWSZfiBpmy8ZVc0Pe2myywMjxoR0y4APLTXhHukCr1hJAjBqMP4RFJFXIizpyTvx9f0fSX8_cjsPlxN6VGaqQo54wrt06a3J2KElwTc_es\/s400\/lagunaRuidera.jpg\" width=\"400\" \/><\/a><\/td>\n<\/tr>\n<tr>\n<td class=\"tr-caption\" style=\"text-align: center\">\u00abLa Colgada\u00bb presenta este impresionante aspecto<\/td>\n<\/tr>\n<\/tbody>\n<\/table>\n<p><span style=\"color: #274e13;font-family: Verdana, sans-serif\"><b><u>Otros datos significativos a tener en cuenta<\/u><\/b><\/span><\/p>\n<div>\n<span style=\"color: #274e13;font-family: Verdana, sans-serif\"><b><u><br \/><\/u><\/b><\/span><\/div>\n<div>\n<span style=\"color: #274e13;font-family: Verdana, sans-serif\"><b>Analizando con cierto detalle la actuaci\u00f3n de los chicos y chicas de Nuestro Ajedrez en Europa, descubrimos otros datos que resultan muy ilustrativos del excelente campeonato que han realizado. As\u00ed vemos que ninguno de los 5 valorados con elo internacional han perdido puntuaci\u00f3n:<\/b><\/span><\/div>\n<div>\n<span style=\"color: #274e13;font-family: Verdana, sans-serif\"><b>&#8211; Isaac Lozano con 1.649 e Irene Sim\u00f3n con 1.508 de elo FIDE se quedan con esta misma valoraci\u00f3n.<\/b><\/span><\/div>\n<div>\n<span style=\"color: #274e13;font-family: Verdana, sans-serif\"><b>&#8211; Leo de Giorgi, mejora en 11 puntos alcanzando los 1.582.<\/b><\/span><\/div>\n<div>\n<span style=\"color: #274e13;font-family: Verdana, sans-serif\"><b>&#8211; Javier Valdepe\u00f1as, sube 22 puntos llegando a los 1.589.<\/b><\/span><\/div>\n<div>\n<span style=\"color: #274e13;font-family: Verdana, sans-serif\"><b>&#8211; Silvia Toribio, con la mayor subida del torneo y tras empatar a puntuaci\u00f3n total y al primer desempate con la campeona de su categor\u00eda, obtiene 34 puntos m\u00e1s que le har\u00e1n llegar a los 1.346 en la pr\u00f3xima lista de la FIDE que se har\u00e1 p\u00fablica el 1 de julio.&nbsp;<\/b><\/span><\/div>\n<div>\n<span style=\"color: #274e13;font-family: Verdana, sans-serif\"><b><br \/><\/b><\/span><\/div>\n<div>\n<span style=\"color: #274e13;font-family: Verdana, sans-serif\"><b>En resumen, no s\u00f3lo se ha conseguido el mayor n\u00famero de clasificados (8) de cuantos clubes y escuelas hay en Castilla-La Mancha, tambi\u00e9n se han logrado los mejores resultados y el mayor n\u00famero de jugadores para la fase final de Espa\u00f1a, &nbsp;aportando participantes en los 4 torneos por categor\u00edas.<\/b><\/span><\/p>\n<div style=\"text-align: left\">\n<span style=\"color: #274e13;font-family: Verdana, sans-serif\"><b><br \/><\/b><\/span><\/div>\n<\/div>\n","protected":false},"excerpt":{"rendered":"<p>2 SUBCAMPEONAS DE CASTILLA- LA MANCHA&nbsp; Y UN TERCER PUESTO MASCULINO Los 8 jugadores de Nuestro Ajedrez en Europa antes de la\u00faltima ronda Hoy domingo ha finalizado el Campeonato del Deporte en Edad Escolar de Castilla-La Mancha confirmando el mejor resultado de Nuestro Ajedrez en Europa en esta competici\u00f3n oficial. Los t\u00edtulos de subcampeonas regionales [&hellip;]<\/p>\n","protected":false},"author":1,"featured_media":3538,"comment_status":"open","ping_status":"closed","sticky":false,"template":"","format":"standard","meta":{"footnotes":""},"categories":[1],"tags":[],"class_list":["post-3537","post","type-post","status-publish","format-standard","has-post-thumbnail","hentry","category-noticias"],"_links":{"self":[{"href":"https:\/\/www.bfv.cloud\/ajedrezeuropa\/wp-json\/wp\/v2\/posts\/3537","targetHints":{"allow":["GET"]}}],"collection":[{"href":"https:\/\/www.bfv.cloud\/ajedrezeuropa\/wp-json\/wp\/v2\/posts"}],"about":[{"href":"https:\/\/www.bfv.cloud\/ajedrezeuropa\/wp-json\/wp\/v2\/types\/post"}],"author":[{"embeddable":true,"href":"https:\/\/www.bfv.cloud\/ajedrezeuropa\/wp-json\/wp\/v2\/users\/1"}],"replies":[{"embeddable":true,"href":"https:\/\/www.bfv.cloud\/ajedrezeuropa\/wp-json\/wp\/v2\/comments?post=3537"}],"version-history":[{"count":1,"href":"https:\/\/www.bfv.cloud\/ajedrezeuropa\/wp-json\/wp\/v2\/posts\/3537\/revisions"}],"predecessor-version":[{"id":3540,"href":"https:\/\/www.bfv.cloud\/ajedrezeuropa\/wp-json\/wp\/v2\/posts\/3537\/revisions\/3540"}],"wp:featuredmedia":[{"embeddable":true,"href":"https:\/\/www.bfv.cloud\/ajedrezeuropa\/wp-json\/wp\/v2\/media\/3538"}],"wp:attachment":[{"href":"https:\/\/www.bfv.cloud\/ajedrezeuropa\/wp-json\/wp\/v2\/media?parent=3537"}],"wp:term":[{"taxonomy":"category","embeddable":true,"href":"https:\/\/www.bfv.cloud\/ajedrezeuropa\/wp-json\/wp\/v2\/categories?post=3537"},{"taxonomy":"post_tag","embeddable":true,"href":"https:\/\/www.bfv.cloud\/ajedrezeuropa\/wp-json\/wp\/v2\/tags?post=3537"}],"curies":[{"name":"wp","href":"https:\/\/api.w.org\/{rel}","templated":true}]}}