{"id":3541,"date":"2019-09-02T19:20:00","date_gmt":"2019-09-02T19:20:00","guid":{"rendered":"https:\/\/www.bfv.cloud\/ajedrezeuropa\/index.php\/2019\/09\/02\/xxiii-torneo-de-feria-abierto-de-villafranca\/"},"modified":"2025-11-20T11:03:58","modified_gmt":"2025-11-20T11:03:58","slug":"xxiii-torneo-de-feria-abierto-de-villafranca","status":"publish","type":"post","link":"https:\/\/www.bfv.cloud\/ajedrezeuropa\/xxiii-torneo-de-feria-abierto-de-villafranca\/","title":{"rendered":"XXIII TORNEO DE FERIA ABIERTO DE VILLAFRANCA"},"content":{"rendered":"<div class=\"separator\" style=\"clear: both;text-align: center\">\n<a href=\"https:\/\/www.bfv.cloud\/ajedrezeuropa\/wp-content\/uploads\/2019\/09\/CARTELferiaVillafranca2019.jpg\" style=\"clear: right;float: right;margin-bottom: 1em;margin-left: 1em\"><img fetchpriority=\"high\" decoding=\"async\" border=\"0\" data-original-height=\"1600\" data-original-width=\"1146\" height=\"640\" src=\"https:\/\/blogger.googleusercontent.com\/img\/b\/R29vZ2xl\/AVvXsEiZPdxei0hLVo2VnizToF6rHPpXH_OGZZr7sj4qrUP_pBX5fyb9E-EhgpmnIGRh8X0LN7NgvBYFshpLqb0J-0EiZ7AbXDI-2H0NokzUxCnV4x3_QGfkJn4kKjQ_VOuMgkEcrjVJaOTJa64\/s640\/CARTEL+feria+Villafranca+2019.jpg\" width=\"454\" \/><\/a><\/div>\n<p><span style=\"font-size: large\"><b>El s\u00e1bado 14 de septiembre se celebrar\u00e1 la 23\u00aa edici\u00f3n del torneo de feria de Villafranca de los Caballeros. En esta ocasi\u00f3n se realizar\u00e1 en jornada de tarde, comenzando a las 16,30 horas.<\/b><\/span><br \/>\n<span style=\"font-size: large\"><b>Las inscripciones se realizan a trav\u00e9s del correo electr\u00f3nico indicado en el cartel y en las bases que publicamos junto al resto de caracter\u00edsticas del torneo.<\/b><\/span><br \/>\n<span style=\"font-size: large\"><b>Como es habitual, los trofeos ser\u00e1n placas artesanales elaboradas por la Alfarer\u00eda de los Hermanos Pe\u00f1o de Villafranca, que se repartir\u00e1n entre las categor\u00edas masculina y femenina: sub12, sub16 y absoluta.<\/b><\/span><br \/>\n<span style=\"font-size: large\"><b>\u00a1\u00a1Os esperamos!!<\/b><\/span><\/p>\n<div class=\"separator\" style=\"clear: both;text-align: center\">\n<a href=\"https:\/\/www.bfv.cloud\/ajedrezeuropa\/wp-content\/uploads\/2019\/09\/BASESDELXXIIITORNEOFERIA2019VILLAFRANCA_001.jpg\" style=\"margin-left: 1em;margin-right: 1em\"><img decoding=\"async\" border=\"0\" data-original-height=\"1600\" data-original-width=\"1131\" height=\"640\" src=\"https:\/\/blogger.googleusercontent.com\/img\/b\/R29vZ2xl\/AVvXsEiRx8ksVYG06si_rvcxSRGna_FeqMpg_d6W6wP7VTEwwcKShYba64-dwqXLxWcZy4ib3r65nQdO7xLzXi6QN9pDo-rLlcKZXXD3ZOVrCI8yz8KGvsEFUPrVaHfYg2wRqGRSydxgJPL4RYQ\/s640\/BASES+DEL+XXIII+TORNEO+FERIA+2019+VILLAFRANCA_001.jpg\" width=\"450\" \/><\/a><\/div>\n<p><span style=\"font-size: large\"><b><br \/><\/b><\/span><\/p>\n","protected":false},"excerpt":{"rendered":"<p>El s\u00e1bado 14 de septiembre se celebrar\u00e1 la 23\u00aa edici\u00f3n del torneo de feria de Villafranca de los Caballeros. En esta ocasi\u00f3n se realizar\u00e1 en jornada de tarde, comenzando a las 16,30 horas. Las inscripciones se realizan a trav\u00e9s del correo electr\u00f3nico indicado en el cartel y en las bases que publicamos junto al resto [&hellip;]<\/p>\n","protected":false},"author":1,"featured_media":3542,"comment_status":"open","ping_status":"closed","sticky":false,"template":"","format":"standard","meta":{"footnotes":""},"categories":[1],"tags":[],"class_list":["post-3541","post","type-post","status-publish","format-standard","has-post-thumbnail","hentry","category-noticias"],"_links":{"self":[{"href":"https:\/\/www.bfv.cloud\/ajedrezeuropa\/wp-json\/wp\/v2\/posts\/3541","targetHints":{"allow":["GET"]}}],"collection":[{"href":"https:\/\/www.bfv.cloud\/ajedrezeuropa\/wp-json\/wp\/v2\/posts"}],"about":[{"href":"https:\/\/www.bfv.cloud\/ajedrezeuropa\/wp-json\/wp\/v2\/types\/post"}],"author":[{"embeddable":true,"href":"https:\/\/www.bfv.cloud\/ajedrezeuropa\/wp-json\/wp\/v2\/users\/1"}],"replies":[{"embeddable":true,"href":"https:\/\/www.bfv.cloud\/ajedrezeuropa\/wp-json\/wp\/v2\/comments?post=3541"}],"version-history":[{"count":1,"href":"https:\/\/www.bfv.cloud\/ajedrezeuropa\/wp-json\/wp\/v2\/posts\/3541\/revisions"}],"predecessor-version":[{"id":3544,"href":"https:\/\/www.bfv.cloud\/ajedrezeuropa\/wp-json\/wp\/v2\/posts\/3541\/revisions\/3544"}],"wp:featuredmedia":[{"embeddable":true,"href":"https:\/\/www.bfv.cloud\/ajedrezeuropa\/wp-json\/wp\/v2\/media\/3542"}],"wp:attachment":[{"href":"https:\/\/www.bfv.cloud\/ajedrezeuropa\/wp-json\/wp\/v2\/media?parent=3541"}],"wp:term":[{"taxonomy":"category","embeddable":true,"href":"https:\/\/www.bfv.cloud\/ajedrezeuropa\/wp-json\/wp\/v2\/categories?post=3541"},{"taxonomy":"post_tag","embeddable":true,"href":"https:\/\/www.bfv.cloud\/ajedrezeuropa\/wp-json\/wp\/v2\/tags?post=3541"}],"curies":[{"name":"wp","href":"https:\/\/api.w.org\/{rel}","templated":true}]}}