{"id":3545,"date":"2010-03-02T00:29:00","date_gmt":"2010-03-02T00:29:00","guid":{"rendered":"https:\/\/www.bfv.cloud\/ajedrezeuropa\/index.php\/2010\/03\/02\/campeonato-escolar-y-por-edades-de-toledo-2010\/"},"modified":"2025-11-20T11:04:00","modified_gmt":"2025-11-20T11:04:00","slug":"campeonato-escolar-y-por-edades-de-toledo-2010","status":"publish","type":"post","link":"https:\/\/www.bfv.cloud\/ajedrezeuropa\/campeonato-escolar-y-por-edades-de-toledo-2010\/","title":{"rendered":"CAMPEONATO ESCOLAR Y POR EDADES DE TOLEDO 2010"},"content":{"rendered":"<div class=\"separator\" style=\"clear: both;text-align: center\"><a href=\"https:\/\/blogger.googleusercontent.com\/img\/b\/R29vZ2xl\/AVvXsEh1JorD5VXCUhqptH5eCSrwAe8EBP4KchQ0_ltNaINdeA_DDAg34Olt2lIRB4UT1Jn7qZ56BmztXuh5ueZ2thvWaMRSuIfZL_ZUPLr9tudLBatmgz9vCQHT6qdxN7LO2aHw77NMo4qGzF8\/s1600-h\/LAS+CHICAS+Y+%C3%93SCAR+EN+TOLEDO.jpg\" style=\"margin-left: 1em;margin-right: 1em\"><img fetchpriority=\"high\" decoding=\"async\" border=\"0\" height=\"300\" src=\"https:\/\/blogger.googleusercontent.com\/img\/b\/R29vZ2xl\/AVvXsEh1JorD5VXCUhqptH5eCSrwAe8EBP4KchQ0_ltNaINdeA_DDAg34Olt2lIRB4UT1Jn7qZ56BmztXuh5ueZ2thvWaMRSuIfZL_ZUPLr9tudLBatmgz9vCQHT6qdxN7LO2aHw77NMo4qGzF8\/s400\/LAS+CHICAS+Y+%C3%93SCAR+EN+TOLEDO.jpg\" width=\"400\" \/><\/a><\/div>\n<p>Faltando solamente una ronda para la finalizaci\u00f3n del campeonato escolar y por edades de Toledo 2010, la Escuela Deportiva Municipal de Ajedrez de Villafranca, tiene grandes opciones de clasificar a varios de nuestros chicos y de nuestras chicas para las fases regionales de ambas competiciones oficiales. En la categor\u00eda cadete (sub-16), Blanca Y\u00e9benes, ya est\u00e1 clasificada tanto para el regional escolar como para el federado por edades, ocupando la segunda plaza femenina en la clasificaci\u00f3n provisional. En cuanto a los chicos, son m\u00faltiples las opciones de clasificaci\u00f3n, tanto para Jorge Sim\u00f3n, l\u00edder en solitario con 4 puntos y medio, como para Santiago Talavera, tercero con 4 puntos y tambi\u00e9n para Daniel P\u00eeriz, quinto con 3 puntos y medio. Por su parte, la categor\u00eda infantil del escolar, est\u00e1 totalmente abierta a cualquier posibilidad de clasificaci\u00f3n para Jes\u00fas Mar\u00eda Bricio, que disputar\u00e1 la \u00faltima ronda con las piezas blancas en la mesa 1, para Jorge D\u00edaz, que jugar\u00e1 en la mesa 5 con negras y, por \u00faltimo, para Silvia Toribio, con blancas en la mesa 8. Por lo que respecta a la clasificaci\u00f3n por edades, este es su estado actual:<\/p>\n<div align=\"center\">SUB-14: <\/div>\n<div align=\"center\">Jes\u00fas M\u00aa Bricio, 2\u00ba con 6 puntos.<\/div>\n<div align=\"center\">Jorge D\u00edaz, 4\u00ba con 5 puntos.<\/div>\n<div align=\"center\">SUB-12:<\/div>\n<div align=\"center\">Silvia Toribio, 2\u00aa femenina con 5 puntos<\/div>\n<div align=\"center\">SUB-10:<\/div>\n<div align=\"center\">Irene Sim\u00f3n, 2\u00aa femenina con 4 puntos.<\/div>\n<div align=\"center\">SUB-8:<\/div>\n<div align=\"center\">\u00d3scar Roncero, 5\u00ba con 2 puntos.<\/div>\n<div align=\"center\">Mar\u00eda Oliver, 1\u00aa ni\u00f1a con 1 punto.<\/div>\n<div align=\"left\">Desde nuestra p\u00e1gina de ajedrez les deseamos a todos nuestros chicos y chicas lo mejor para este \u00faltimo y decisivo d\u00eda. El pr\u00f3ximo s\u00e1bado, 6 de marzo, nuestros 17 jugadores presentes en estos campeonatos, disfutar\u00e1n de una nueva jornada de juego y emoci\u00f3n. Para todos ellos&nbsp;la mayor de las suertes.<\/div>\n","protected":false},"excerpt":{"rendered":"<p>Faltando solamente una ronda para la finalizaci\u00f3n del campeonato escolar y por edades de Toledo 2010, la Escuela Deportiva Municipal de Ajedrez de Villafranca, tiene grandes opciones de clasificar a varios de nuestros chicos y de nuestras chicas para las fases regionales de ambas competiciones oficiales. En la categor\u00eda cadete (sub-16), Blanca Y\u00e9benes, ya est\u00e1 [&hellip;]<\/p>\n","protected":false},"author":1,"featured_media":0,"comment_status":"open","ping_status":"closed","sticky":false,"template":"","format":"standard","meta":{"footnotes":""},"categories":[1],"tags":[],"class_list":["post-3545","post","type-post","status-publish","format-standard","hentry","category-noticias"],"_links":{"self":[{"href":"https:\/\/www.bfv.cloud\/ajedrezeuropa\/wp-json\/wp\/v2\/posts\/3545","targetHints":{"allow":["GET"]}}],"collection":[{"href":"https:\/\/www.bfv.cloud\/ajedrezeuropa\/wp-json\/wp\/v2\/posts"}],"about":[{"href":"https:\/\/www.bfv.cloud\/ajedrezeuropa\/wp-json\/wp\/v2\/types\/post"}],"author":[{"embeddable":true,"href":"https:\/\/www.bfv.cloud\/ajedrezeuropa\/wp-json\/wp\/v2\/users\/1"}],"replies":[{"embeddable":true,"href":"https:\/\/www.bfv.cloud\/ajedrezeuropa\/wp-json\/wp\/v2\/comments?post=3545"}],"version-history":[{"count":1,"href":"https:\/\/www.bfv.cloud\/ajedrezeuropa\/wp-json\/wp\/v2\/posts\/3545\/revisions"}],"predecessor-version":[{"id":3546,"href":"https:\/\/www.bfv.cloud\/ajedrezeuropa\/wp-json\/wp\/v2\/posts\/3545\/revisions\/3546"}],"wp:attachment":[{"href":"https:\/\/www.bfv.cloud\/ajedrezeuropa\/wp-json\/wp\/v2\/media?parent=3545"}],"wp:term":[{"taxonomy":"category","embeddable":true,"href":"https:\/\/www.bfv.cloud\/ajedrezeuropa\/wp-json\/wp\/v2\/categories?post=3545"},{"taxonomy":"post_tag","embeddable":true,"href":"https:\/\/www.bfv.cloud\/ajedrezeuropa\/wp-json\/wp\/v2\/tags?post=3545"}],"curies":[{"name":"wp","href":"https:\/\/api.w.org\/{rel}","templated":true}]}}