{"id":3547,"date":"2021-03-08T12:37:00","date_gmt":"2021-03-08T12:37:00","guid":{"rendered":"https:\/\/www.bfv.cloud\/ajedrezeuropa\/index.php\/2021\/03\/08\/el-equipo-escolar-de-nuestro-ajedrez-en-europa-clasificado-para-la-2a-fase-del-torneo-mundial-de-la-expo-de-dubai\/"},"modified":"2025-11-20T11:04:07","modified_gmt":"2025-11-20T11:04:07","slug":"el-equipo-escolar-de-nuestro-ajedrez-en-europa-clasificado-para-la-2a-fase-del-torneo-mundial-de-la-expo-de-dubai","status":"publish","type":"post","link":"https:\/\/www.bfv.cloud\/ajedrezeuropa\/el-equipo-escolar-de-nuestro-ajedrez-en-europa-clasificado-para-la-2a-fase-del-torneo-mundial-de-la-expo-de-dubai\/","title":{"rendered":"EL EQUIPO ESCOLAR DE NUESTRO AJEDREZ EN EUROPA CLASIFICADO PARA LA 2\u00aa FASE DEL TORNEO MUNDIAL DE LA EXPO DE DUBAI"},"content":{"rendered":"<p>&nbsp;<\/p>\n<table align=\"center\" cellpadding=\"0\" cellspacing=\"0\" class=\"tr-caption-container\" style=\"margin-left: auto;margin-right: auto\">\n<tbody>\n<tr>\n<td style=\"text-align: center\"><a href=\"https:\/\/www.bfv.cloud\/ajedrezeuropa\/wp-content\/uploads\/2021\/03\/GRUPOTRINITARIOSRONDA6.jpg\" style=\"margin-left: auto;margin-right: auto\"><img fetchpriority=\"high\" decoding=\"async\" border=\"0\" data-original-height=\"1060\" data-original-width=\"2047\" height=\"332\" src=\"https:\/\/blogger.googleusercontent.com\/img\/b\/R29vZ2xl\/AVvXsEinqVRhaAewOt4cv2rjDxmlpOOuTgPqm3rv-9wOHh1SeORNzOO3RvlSZD1JeoDdBRQHbpqQBsyFeC4-u5PARr7BcLAgwiq98VzY35mh3A2m8Cv4s6La5b8iMLxYlu-IZ7efNieeF2S1vMg\/w640-h332\/GRUPO+TRINITARIOS+RONDA+6.jpg\" title=\"Los 4 jugadores de Trinitarios durante la ronda 6\" width=\"640\" \/><\/a><\/td>\n<\/tr>\n<tr>\n<td class=\"tr-caption\" style=\"text-align: center\">Los 4 jugadores de Trinitarios durante la ronda 6<\/td>\n<\/tr>\n<\/tbody>\n<\/table>\n<p><span style=\"text-align: justify\"><u><span style=\"font-family: georgia;font-size: large\"><b>El m\u00e9rito de una dif\u00edcil<br \/>\nclasificaci\u00f3n<\/b><\/span><\/u><\/span><\/p>\n<p class=\"MsoNormal\" style=\"line-height: normal;margin-bottom: .0001pt;margin-bottom: 0cm;text-align: justify\"><span style=\"font-family: georgia;font-size: large\"><b>Ayer se hac\u00edan oficiales los 120 equipos<br \/>\nque han superado la 1\u00aa fase del Torneo Mundial de Ajedrez de la Exposici\u00f3n<br \/>\nUniversal de Dubai. Entre estos 120 mejores equipos se encuentra el del Colegio<br \/>\nSant\u00edsima Trinidad, que compite en representaci\u00f3n de las escuelas deportivas de<br \/>\najedrez de Villafranca de los Caballeros y Alc\u00e1zar de San Juan. En esta fase<br \/>\npreliminar han quedado eliminados 176 colegios e institutos tras no superar el<br \/>\ncorte en la clasificaci\u00f3n final. El pase a la siguiente eliminatoria ha sido<br \/>\nposible gracias a los 15 puntos de encuentro y 32,5 puntos de partidas<br \/>\nobtenidos por el equipo castellano manchego dentro del muy exigente grupo 33,<br \/>\ncompuesto por equipos de 3 nacionalidades distintas.&nbsp;<br \/>Es necesario volver a se\u00f1alar la excelente<br \/>\ncolaboraci\u00f3n de los centros educativos a los que pertenecen los 8 jugadores del<br \/>\nequipo de Nuestro Ajedrez en Europa. Gracias a las direcciones y el profesorado<br \/>\ndel Colegio Sant\u00edsima Trinidad, de la Fundaci\u00f3n Escuela Teresiana de Mora, del<br \/>\nIES Pe\u00f1as Negras de Mora y del IES Valdehierro de Madridejos, se ha hecho<br \/>\nposible la participaci\u00f3n de sus alumnos en este torneo de primer orden mundial.<br \/>\nLa composici\u00f3n del joven equipo, de entre 9 y 16 a\u00f1os de edad, que ha logrado<br \/>\nla clasificaci\u00f3n para la 2\u00aa fase del Torneo Mundial de la Expo de Dubai,<br \/>\norganizado por el pabell\u00f3n de Espa\u00f1a, es la siguiente:&nbsp;<\/b><\/span><\/p>\n<p class=\"MsoNormal\" style=\"line-height: normal;margin-bottom: .0001pt;margin-bottom: 0cm;text-align: justify\"><span style=\"font-size: medium\"><b><span style=\"color: black;font-family: Verdana, sans-serif\"><\/p>\n<table cellpadding=\"0\" cellspacing=\"0\" class=\"tr-caption-container\" style=\"float: left\">\n<tbody>\n<tr>\n<td style=\"text-align: center\"><a href=\"https:\/\/www.bfv.cloud\/ajedrezeuropa\/wp-content\/uploads\/2021\/03\/ALONSO1.jpg\" style=\"clear: left;margin-bottom: 1em;margin-left: auto;margin-right: auto\"><img decoding=\"async\" border=\"0\" data-original-height=\"561\" data-original-width=\"517\" height=\"400\" src=\"https:\/\/blogger.googleusercontent.com\/img\/b\/R29vZ2xl\/AVvXsEhlLpIqCTbj3IjmY84MKYhYJtMzPCA6fOH-ZDTrATRl2GdIKVFg2zpXFhxw0FW3RTyM0wZG8fBO_cHbNPFw_UoarkZXNWsFNm_4O8xVLP_UwrqXju-YavloemhkpbxXYpVFyAoaT_F_LOA\/w369-h400\/ALONSO+1.jpg\" width=\"369\" \/><\/a><\/td>\n<\/tr>\n<tr>\n<td class=\"tr-caption\" style=\"text-align: center\">Alonso durante una ronda en el Colegio<br \/>de la Fundaci\u00f3n Teresiana en Mora<\/td>\n<\/tr>\n<\/tbody>\n<\/table>\n<p><\/span><\/b><b><span style=\"font-family: Verdana, sans-serif\">&nbsp;<\/span><\/b><\/span><\/p>\n<p class=\"MsoNormal\" style=\"line-height: normal;margin-bottom: .0001pt;margin-bottom: 0cm;text-align: justify\"><b><span style=\"color: black\"><span style=\"font-family: arial;font-size: medium\">&#8211; Alonso L\u00f3pez N\u00fa\u00f1ez (Escuela de ajedrez<br \/>\nde Villafranca)<\/span><\/span><\/b><\/p>\n<p class=\"MsoNormal\" style=\"line-height: normal;margin-bottom: .0001pt;margin-bottom: 0cm;text-align: justify\"><b><span style=\"color: black\"><span style=\"font-family: arial;font-size: large\">&#8211; \u00c1ngel Collado Alcolado (Escuela de<br \/>\najedrez de Alc\u00e1zar)<\/span><\/span><\/b><\/p>\n<p class=\"MsoNormal\" style=\"line-height: normal;margin-bottom: .0001pt;margin-bottom: 0cm;text-align: justify\"><b><span style=\"color: black\"><span style=\"font-family: arial;font-size: large\">&#8211; Gabriel Amador And\u00fajar (Escuela de<br \/>\najedrez de Villafranca)<\/span><\/span><\/b><\/p>\n<p class=\"MsoNormal\" style=\"line-height: normal;margin-bottom: .0001pt;margin-bottom: 0cm;text-align: justify\"><b><span style=\"color: black\"><span style=\"font-family: arial;font-size: large\">&#8211; Jaime Vila Castillo (Escuela de ajedrez<br \/>\nde Alc\u00e1zar)<\/span><\/span><\/b><\/p>\n<p class=\"MsoNormal\" style=\"line-height: normal;margin-bottom: .0001pt;margin-bottom: 0cm;text-align: justify\"><b><span style=\"color: black\"><span style=\"font-family: arial;font-size: large\">&#8211; Luis Arias Riveira (Escuela de ajedrez<br \/>\nde Alc\u00e1zar)<\/span><\/span><\/b><\/p>\n<p class=\"MsoNormal\" style=\"line-height: normal;margin-bottom: .0001pt;margin-bottom: 0cm;text-align: justify\"><b><span style=\"color: black\"><span style=\"font-family: arial;font-size: large\">&#8211; \u00d3scar Ortega Olivares (Escuela de<br \/>\najedrez de Villafranca)<\/span><\/span><\/b><\/p>\n<p class=\"MsoNormal\" style=\"line-height: normal;margin-bottom: .0001pt;margin-bottom: 0cm;text-align: justify\"><b><span style=\"color: black\"><span style=\"font-family: arial;font-size: large\">&#8211; Jos\u00e9 Miguel Romero Flores (Escuela de<br \/>\najedrez de Alc\u00e1zar)<\/span><\/span><\/b><\/p>\n<p class=\"MsoNormal\" style=\"line-height: normal;margin-bottom: .0001pt;margin-bottom: 0cm;text-align: justify\"><b><span style=\"color: black\"><span style=\"font-family: arial;font-size: large\">&#8211; Jorge Arias Riveira (Escuela de ajedrez<br \/>\nde Alc\u00e1zar) <\/span><span style=\"font-family: Verdana, sans-serif;font-size: large\"><\/span><\/span><\/b><\/p>\n<p class=\"MsoNormal\" style=\"line-height: normal;margin-bottom: .0001pt;margin-bottom: 0cm;text-align: justify\"><span style=\"font-size: large\"><b><span style=\"color: black;font-family: Verdana, sans-serif\">&nbsp;<\/span><\/b><i><u><span style=\"font-family: georgia\"><b>Una 2\u00aa fase de gran<br \/>\nnivel con 15 grupos de 8 equipos<\/b><\/span><\/u><\/i><\/span><\/p>\n<p class=\"MsoNormal\" style=\"line-height: normal;margin-bottom: .0001pt;margin-bottom: 0cm;text-align: justify\"><b style=\"text-align: left\"><\/p>\n<table cellpadding=\"0\" cellspacing=\"0\" class=\"tr-caption-container\" style=\"float: right;font-family: Verdana, sans-serif;font-size: large\">\n<tbody>\n<tr>\n<td style=\"text-align: center\"><a href=\"https:\/\/www.bfv.cloud\/ajedrezeuropa\/wp-content\/uploads\/2021\/03\/LUISYJOSEMIGUEL.jpg\" style=\"clear: right;margin-bottom: 1em;margin-left: auto;margin-right: auto\"><img decoding=\"async\" border=\"0\" data-original-height=\"1131\" data-original-width=\"1908\" height=\"238\" src=\"https:\/\/blogger.googleusercontent.com\/img\/b\/R29vZ2xl\/AVvXsEhZyZE5XKJswJK64PSHNOJoamIUi5Q0uoXeRpH6vTQygzr9lLFQPKgx6KcX18ySB-2PYUSo3U8xYTNkubU2EPu3kGxmERXJmALvnRhFpmvX4N2j-pyizNKDyQ5BVNpc509ScCcnpKbbGe0\/w400-h238\/LUIS+Y+JOSE+MIGUEL.jpg\" width=\"400\" \/><\/a><\/td>\n<\/tr>\n<tr>\n<td class=\"tr-caption\" style=\"text-align: center\">Luis y Jos\u00e9 Miguel<\/td>\n<\/tr>\n<\/tbody>\n<\/table>\n<p><span style=\"font-family: georgia;font-size: large\">Pasada la eliminatoria preliminar, el torneo<br \/>\nalcanzar\u00e1 la 2\u00aa fase compuesta por los 120 clasificados divididos en 15 grupos<br \/>\na raz\u00f3n de 8 equipos por grupo. Esta fase se desarrollar\u00e1 entre el 15 de marzo<br \/>\ny el 30 de abril en modalidad online, pasando a la semifinal los 2 primeros de<br \/>\ncada grupo. Los 15 grupos que se formar\u00e1n en los pr\u00f3ximos d\u00edas, ser\u00e1n de un<br \/>\nalto nivel competitivo y contar\u00e1n con poco m\u00e1s de una docena de equipos<br \/>\nespa\u00f1oles al quedar previamente eliminados un gran n\u00famero de ellos. La<br \/>\nparticipaci\u00f3n en uno de estos grupos es ya un premio para los cerca de 1.000<br \/>\nchicos y chicas que competir\u00e1n durante el pr\u00f3ximo mes y medio.<\/span><\/p>\n<table cellpadding=\"0\" cellspacing=\"0\" class=\"tr-caption-container\" style=\"float: left;font-family: Verdana, sans-serif;font-size: large\">\n<tbody>\n<tr>\n<td style=\"text-align: center\"><a href=\"https:\/\/www.bfv.cloud\/ajedrezeuropa\/wp-content\/uploads\/2021\/03\/ANGELYJAIME.jpg\" style=\"clear: left;margin-bottom: 1em;margin-left: auto;margin-right: auto\"><img loading=\"lazy\" decoding=\"async\" border=\"0\" data-original-height=\"983\" data-original-width=\"1705\" height=\"230\" src=\"https:\/\/blogger.googleusercontent.com\/img\/b\/R29vZ2xl\/AVvXsEhMM2buItMRWP6cs9-oLj5UfdYK1cUHUEir1lLgm8XDoSjnS1TLJN0atfK4ZIHnw9WnVsAYoJGJcDrKmOOBP_rv95ynqqU2AIat0OSG7kq4E8A2pyL6vn6n5spVEiNQSE1OZR7kiyo8RFA\/w400-h230\/ANGEL+Y+JAIME.jpg\" width=\"400\" \/><\/a><\/td>\n<\/tr>\n<tr>\n<td class=\"tr-caption\" style=\"text-align: center\">\u00c1ngel y Jaime<\/td>\n<\/tr>\n<\/tbody>\n<\/table>\n<p><\/b><\/p>\n<p class=\"MsoNormal\" style=\"line-height: normal;margin-bottom: .0001pt;margin-bottom: 0cm\"><b><u><span style=\"font-family: georgia;font-size: large\">Una semifinal a 30 equipos y una gran<br \/>\nfinal con los 12 mejores en Dubai<\/span><\/u><\/b><\/p>\n<p class=\"MsoNormal\" style=\"line-height: normal;margin-bottom: .0001pt;margin-bottom: 0cm\"><span style=\"font-family: georgia;font-size: large\"><b><span style=\"color: black\">&nbsp;<\/span><\/b><b>La semifinal estar\u00e1 compuesta por 30<br \/>\nequipos y ser\u00e1 la \u00faltima fase jugada de forma online a trav\u00e9s de la plataforma<br \/>\nChess24. A la gran final que se disputar\u00e1 en Dubai a finales de 2021 de manera<br \/>\npresencial, estar\u00e1n invitados los 12 mejor clasificados de estos 30 y supondr\u00e1<br \/>\nla culminaci\u00f3n de un gran trabajo.<\/b><\/span><\/p>\n<p class=\"MsoNormal\" style=\"line-height: normal;margin-bottom: .0001pt;margin-bottom: 0cm\"><b><span style=\"color: black\"><span style=\"font-family: georgia\"><span style=\"font-size: large\">Ya veremos lo que sucede. Por el momento,<br \/>\nlos jovenc\u00edsimos jugadores de Nuestro Ajedrez en Europa, han logrado estar<br \/>\nentre los 120 mejores de este mundial y esto, por s\u00ed solo, ya tiene un enorme<br \/>\nm\u00e9rito.<\/span><span style=\"font-size: 12pt\"><\/span><\/span><\/span><\/b><\/p>\n<p class=\"MsoNormal\" style=\"line-height: normal;margin-bottom: .0001pt;margin-bottom: 0cm\"><span style=\"color: black;font-size: 12pt\"><span style=\"font-family: georgia\">&nbsp;<\/span><\/span><\/p>\n","protected":false},"excerpt":{"rendered":"<p>&nbsp; Los 4 jugadores de Trinitarios durante la ronda 6 El m\u00e9rito de una dif\u00edcil clasificaci\u00f3n Ayer se hac\u00edan oficiales los 120 equipos que han superado la 1\u00aa fase del Torneo Mundial de Ajedrez de la Exposici\u00f3n Universal de Dubai. Entre estos 120 mejores equipos se encuentra el del Colegio Sant\u00edsima Trinidad, que compite en [&hellip;]<\/p>\n","protected":false},"author":1,"featured_media":3548,"comment_status":"open","ping_status":"closed","sticky":false,"template":"","format":"standard","meta":{"footnotes":""},"categories":[1],"tags":[],"class_list":["post-3547","post","type-post","status-publish","format-standard","has-post-thumbnail","hentry","category-noticias"],"_links":{"self":[{"href":"https:\/\/www.bfv.cloud\/ajedrezeuropa\/wp-json\/wp\/v2\/posts\/3547","targetHints":{"allow":["GET"]}}],"collection":[{"href":"https:\/\/www.bfv.cloud\/ajedrezeuropa\/wp-json\/wp\/v2\/posts"}],"about":[{"href":"https:\/\/www.bfv.cloud\/ajedrezeuropa\/wp-json\/wp\/v2\/types\/post"}],"author":[{"embeddable":true,"href":"https:\/\/www.bfv.cloud\/ajedrezeuropa\/wp-json\/wp\/v2\/users\/1"}],"replies":[{"embeddable":true,"href":"https:\/\/www.bfv.cloud\/ajedrezeuropa\/wp-json\/wp\/v2\/comments?post=3547"}],"version-history":[{"count":1,"href":"https:\/\/www.bfv.cloud\/ajedrezeuropa\/wp-json\/wp\/v2\/posts\/3547\/revisions"}],"predecessor-version":[{"id":3552,"href":"https:\/\/www.bfv.cloud\/ajedrezeuropa\/wp-json\/wp\/v2\/posts\/3547\/revisions\/3552"}],"wp:featuredmedia":[{"embeddable":true,"href":"https:\/\/www.bfv.cloud\/ajedrezeuropa\/wp-json\/wp\/v2\/media\/3548"}],"wp:attachment":[{"href":"https:\/\/www.bfv.cloud\/ajedrezeuropa\/wp-json\/wp\/v2\/media?parent=3547"}],"wp:term":[{"taxonomy":"category","embeddable":true,"href":"https:\/\/www.bfv.cloud\/ajedrezeuropa\/wp-json\/wp\/v2\/categories?post=3547"},{"taxonomy":"post_tag","embeddable":true,"href":"https:\/\/www.bfv.cloud\/ajedrezeuropa\/wp-json\/wp\/v2\/tags?post=3547"}],"curies":[{"name":"wp","href":"https:\/\/api.w.org\/{rel}","templated":true}]}}