{"id":3553,"date":"2022-12-19T14:44:00","date_gmt":"2022-12-19T14:44:00","guid":{"rendered":"https:\/\/www.bfv.cloud\/ajedrezeuropa\/index.php\/2022\/12\/19\/xvi-torneo-de-navidad-ajedrez-por-la-igualdad\/"},"modified":"2025-11-20T11:04:15","modified_gmt":"2025-11-20T11:04:15","slug":"xvi-torneo-de-navidad-ajedrez-por-la-igualdad","status":"publish","type":"post","link":"https:\/\/www.bfv.cloud\/ajedrezeuropa\/xvi-torneo-de-navidad-ajedrez-por-la-igualdad\/","title":{"rendered":"XVI TORNEO DE NAVIDAD AJEDREZ POR LA IGUALDAD"},"content":{"rendered":"<\/p>\n<div class=\"separator\" style=\"clear: both;text-align: center\"><a href=\"https:\/\/www.bfv.cloud\/ajedrezeuropa\/wp-content\/uploads\/2022\/12\/TORNEO20IGUALDAD202022-scaled.jpg\" style=\"clear: left;float: left;margin-bottom: 1em;margin-right: 1em\"><img fetchpriority=\"high\" decoding=\"async\" border=\"0\" data-original-height=\"3495\" data-original-width=\"2508\" height=\"640\" src=\"https:\/\/blogger.googleusercontent.com\/img\/b\/R29vZ2xl\/AVvXsEhWHRmXimzhNyhcsz_NYFjCRM5Weqpw8nEvcm1160r7JHOL7-vhMb9NOhPCBLq6Zmu9pXpKKE03WELarayZKQXmDqPM03facH3kEvi5mDD7l3Q9VOwU-xHZ31ssIPG3HDJ_aXawtNMj_llw2JWjNLViBM2Gp1bz7-rZeuk-IHFfVQw0TB_Pp5N4MsQM\/w460-h640\/TORNEO%20IGUALDAD%202022.jpg\" width=\"460\" \/><\/a><\/div>\n<\/p>\n<p><span style=\"font-family: helvetica;font-size: large\">Tras dos a\u00f1os de ausencia, regresa el Torneo de Navidad \u00abAjedrez por la Igualdad\u00bb. La XVI edici\u00f3n se celebrar\u00e1 el s\u00e1bado 7 de enero de 2023 en el sal\u00f3n de actos de la casa de la cultura de Villafranca de los Caballeros, con 2 categor\u00edas diferenciadas para el reparto de trofeos: sub-12 y absoluta. El plazo de inscripci\u00f3n quedar\u00e1 abierto el 1 de enero y finalizar\u00e1 el 4 de enero de 2023. El ritmo de juego ser\u00e1 de 15 minutos por jugador + 5 segundos de incremento por movimiento a un total de 6 rondas. Los torneos comenzar\u00e1n a las 10 de la ma\u00f1ana y finalizar\u00e1n sobre las 14 horas, aproximadamente. En el cartel y las bases ten\u00e9is m\u00e1s informaci\u00f3n.<\/span><\/p>\n<div><span style=\"font-family: helvetica;font-size: large\">\u00a1\u00a1Os esperamos!!<\/span><\/div>\n<div>\n<div class=\"separator\" style=\"clear: both;text-align: center\"><a href=\"https:\/\/www.bfv.cloud\/ajedrezeuropa\/wp-content\/uploads\/2022\/12\/BASES20DEL20XVI20TORNEO20AJEDREZ20POR20LA20IGUALDAD20202220S-12_001.jpg\" style=\"margin-left: 1em;margin-right: 1em\"><img decoding=\"async\" border=\"0\" data-original-height=\"842\" data-original-width=\"595\" height=\"640\" src=\"https:\/\/blogger.googleusercontent.com\/img\/b\/R29vZ2xl\/AVvXsEic66A2P8AlAO8jatWUviH69cj2OsqtqVvcu8hadQ9lWakpIRHI9ys943fbqWNtp_0J9uEQt7u5_L2qjOWf-m8mTvAH531ZWVc2zOClJgBHknFHDTB2Jrn_mcKPLDqlIKBjkNM-7Z_EzpF0dqG0TD9y0ED4oc1tG1-C-zOd61nb_crHSlzxEHekRbVS\/w452-h640\/BASES%20DEL%20XVI%20TORNEO%20AJEDREZ%20POR%20LA%20IGUALDAD%202022%20S-12_001.jpg\" width=\"452\" \/><\/a><\/div>\n<p><\/p>\n<div class=\"separator\" style=\"clear: both;text-align: center\"><a href=\"https:\/\/www.bfv.cloud\/ajedrezeuropa\/wp-content\/uploads\/2022\/12\/BASES20DEL20XVI20TORNEO20AJEDREZ20POR20LA20IGUALDAD202022_001.jpg\" style=\"margin-left: 1em;margin-right: 1em\"><img decoding=\"async\" border=\"0\" data-original-height=\"842\" data-original-width=\"595\" height=\"640\" src=\"https:\/\/blogger.googleusercontent.com\/img\/b\/R29vZ2xl\/AVvXsEhEGP7ShwhyWjrBEEd6bhKbvlg5mCu4w3yaVMfYE5QszlHh_5spuMS05dF_Qptpt7YFMXV4akINJv2jJv7MtdJxWbplZoWl8zFrNxN7s2FafjG0KXxORnl6H6xKGRILZmRN8Jejnq0-yLMyXxOVmGIHNobfousBJrC6uY8cgU6rH_WhE_W0GsDGzgUb\/w452-h640\/BASES%20DEL%20XVI%20TORNEO%20AJEDREZ%20POR%20LA%20IGUALDAD%202022_001.jpg\" width=\"452\" \/><\/a><\/div>\n<p><span style=\"font-family: helvetica;font-size: large\"><br \/><\/span><\/div>\n","protected":false},"excerpt":{"rendered":"<p>Tras dos a\u00f1os de ausencia, regresa el Torneo de Navidad \u00abAjedrez por la Igualdad\u00bb. La XVI edici\u00f3n se celebrar\u00e1 el s\u00e1bado 7 de enero de 2023 en el sal\u00f3n de actos de la casa de la cultura de Villafranca de los Caballeros, con 2 categor\u00edas diferenciadas para el reparto de trofeos: sub-12 y absoluta. El [&hellip;]<\/p>\n","protected":false},"author":1,"featured_media":3554,"comment_status":"open","ping_status":"closed","sticky":false,"template":"","format":"standard","meta":{"footnotes":""},"categories":[1],"tags":[],"class_list":["post-3553","post","type-post","status-publish","format-standard","has-post-thumbnail","hentry","category-noticias"],"_links":{"self":[{"href":"https:\/\/www.bfv.cloud\/ajedrezeuropa\/wp-json\/wp\/v2\/posts\/3553","targetHints":{"allow":["GET"]}}],"collection":[{"href":"https:\/\/www.bfv.cloud\/ajedrezeuropa\/wp-json\/wp\/v2\/posts"}],"about":[{"href":"https:\/\/www.bfv.cloud\/ajedrezeuropa\/wp-json\/wp\/v2\/types\/post"}],"author":[{"embeddable":true,"href":"https:\/\/www.bfv.cloud\/ajedrezeuropa\/wp-json\/wp\/v2\/users\/1"}],"replies":[{"embeddable":true,"href":"https:\/\/www.bfv.cloud\/ajedrezeuropa\/wp-json\/wp\/v2\/comments?post=3553"}],"version-history":[{"count":1,"href":"https:\/\/www.bfv.cloud\/ajedrezeuropa\/wp-json\/wp\/v2\/posts\/3553\/revisions"}],"predecessor-version":[{"id":3557,"href":"https:\/\/www.bfv.cloud\/ajedrezeuropa\/wp-json\/wp\/v2\/posts\/3553\/revisions\/3557"}],"wp:featuredmedia":[{"embeddable":true,"href":"https:\/\/www.bfv.cloud\/ajedrezeuropa\/wp-json\/wp\/v2\/media\/3554"}],"wp:attachment":[{"href":"https:\/\/www.bfv.cloud\/ajedrezeuropa\/wp-json\/wp\/v2\/media?parent=3553"}],"wp:term":[{"taxonomy":"category","embeddable":true,"href":"https:\/\/www.bfv.cloud\/ajedrezeuropa\/wp-json\/wp\/v2\/categories?post=3553"},{"taxonomy":"post_tag","embeddable":true,"href":"https:\/\/www.bfv.cloud\/ajedrezeuropa\/wp-json\/wp\/v2\/tags?post=3553"}],"curies":[{"name":"wp","href":"https:\/\/api.w.org\/{rel}","templated":true}]}}