{"id":356,"date":"2012-07-25T21:34:00","date_gmt":"2012-07-25T21:34:00","guid":{"rendered":"https:\/\/www.bfv.cloud\/ajedrezeuropa\/index.php\/2012\/07\/25\/manana-se-decide-el-campeon-regional-por-equipos-sub-16\/"},"modified":"2025-11-20T10:16:36","modified_gmt":"2025-11-20T10:16:36","slug":"manana-se-decide-el-campeon-regional-por-equipos-sub-16","status":"publish","type":"post","link":"https:\/\/www.bfv.cloud\/ajedrezeuropa\/manana-se-decide-el-campeon-regional-por-equipos-sub-16\/","title":{"rendered":"MA\u00d1ANA SE DECIDE EL CAMPE\u00d3N REGIONAL POR EQUIPOS SUB-16"},"content":{"rendered":"<div class=\"separator\" style=\"clear: both;text-align: center\"><a href=\"https:\/\/www.bfv.cloud\/ajedrezeuropa\/wp-content\/uploads\/2012\/07\/fotoscampeonatoregionalS-162012001.jpg\" style=\"margin-left: 1em;margin-right: 1em\"><img fetchpriority=\"high\" decoding=\"async\" border=\"0\" height=\"300\" src=\"https:\/\/blogger.googleusercontent.com\/img\/b\/R29vZ2xl\/AVvXsEgIaqBReBMy6_A91CT0ZETGLcqgPsXkfQ1BiHJCYhcT0f2W3ZT6Ff1Mb6EWXWo0HSWSd0sZgjGmQHYi4pB0f7pMCOdNfBOYSUMmN_vxXUSOJ1UN8SW2GgTdLVak8dWgbYd709G30e1iNdI\/s400\/fotos+campeonato+regional+S-16+2012+001.jpg\" width=\"400\" \/><\/a><\/div>\n<p><span style=\"color: #274e13;font-family: Arial, Helvetica, sans-serif\">Tendremos que esperar hasta la \u00faltima ronda para conocer al vencedor de esta 3\u00aa edici\u00f3n del Campeonato Regional por Equipos sub-16. En la jornada de hoy se han disputado la 4\u00aa y 5\u00aa rondas, habiendo dejado la clasificaci\u00f3n provisional extremadamente igualada en la lucha por el t\u00edtulo de campe\u00f3n de Castilla-La Mancha. Ahora, la diferencia entre Tomelloso y Nuestro Ajedrez en Europa se ha recortado a&nbsp;1\/2 punto del primer desempate ya que en la puntuaci\u00f3n principal continuan empatados, en este caso a 8 puntos tras contabilizar 3 victorias y 2 empates, respectivamente, en las 5 rondas celebradas. El equilibrio en los resultados de ambos equipos es tal que tambi\u00e9n&nbsp;son los \u00fanicos que se mantienen si ninguna derrota.<\/span><\/p>\n<p><span style=\"color: #274e13;font-family: Arial\">Para nuestro renovado equipo sub-16 es todo un \u00e9xito permanecer hasta la ronda final con posibilidades reales de victoria, aunque, visto lo visto, es&nbsp;simplemente una constataci\u00f3n de que nuestras escuelas de Alc\u00e1zar y Villafranca guardan un enorme potencial de chicos y chicas&nbsp;dispuestos a&nbsp;tomar el relevo de sus compa\u00f1eros en el momento adecuado y con la preparaci\u00f3n debida.<\/span><\/p>\n<p><span style=\"color: #274e13;font-family: Arial\">Por el momento, nos quedamos con sus ganas de luchar, aprender y mejorar, aprovechando para enviarles una enorme felicitaci\u00f3n por su espl\u00e9ndido campeonato. Por supuesto que esta&nbsp;gran satisfacci\u00f3n que manifestamos se encuentra al margen de lo que los enfrentamientos de la 6\u00aa ronda puedan definir en la clasificaci\u00f3n final, porque entendemos que los m\u00e9ritos ya han sido conseguidos en el curso de los anteriores d\u00edas de igualada y disputada competici\u00f3n.<\/span><\/p>\n<p><span style=\"color: #274e13;font-family: Arial\">Para finalizar el torneo, el sistema suizo de emparejamiento nos ha dejado un cara a cara con el equipo del club&nbsp;de ajedrez Cuenca 2016, mientras que la representaci\u00f3n tomellosera lo har\u00e1 frente al&nbsp;club de Almagro.&nbsp;<\/span><\/p>\n<p><span style=\"color: #274e13;font-family: Arial\">\u00a1\u00a1Mucha suerte y a competir con esta sana rivalidad que os caracteriza!!<\/span><\/p>\n<p><span style=\"color: #274e13;font-family: Arial\">Para poder seguir los resultados de ma\u00f1ana, aqu\u00ed ten\u00e9is el enlace:<\/span><\/p>\n<div align=\"center\"><a href=\"http:\/\/chess-results.com\/tnr77326.aspx?art=3&amp;rd=6&amp;lan=2&amp;turdet=YES\"><span style=\"color: purple;font-size: large\"><strong>RONDA 6 Y RESULTADOS FINALES<\/strong><\/span><\/a><span style=\"font-size: large\">\ufeff<\/span><\/div>\n","protected":false},"excerpt":{"rendered":"<p>Tendremos que esperar hasta la \u00faltima ronda para conocer al vencedor de esta 3\u00aa edici\u00f3n del Campeonato Regional por Equipos sub-16. En la jornada de hoy se han disputado la 4\u00aa y 5\u00aa rondas, habiendo dejado la clasificaci\u00f3n provisional extremadamente igualada en la lucha por el t\u00edtulo de campe\u00f3n de Castilla-La Mancha. Ahora, la diferencia [&hellip;]<\/p>\n","protected":false},"author":1,"featured_media":357,"comment_status":"open","ping_status":"closed","sticky":false,"template":"","format":"standard","meta":{"footnotes":""},"categories":[1],"tags":[],"class_list":["post-356","post","type-post","status-publish","format-standard","has-post-thumbnail","hentry","category-noticias"],"_links":{"self":[{"href":"https:\/\/www.bfv.cloud\/ajedrezeuropa\/wp-json\/wp\/v2\/posts\/356","targetHints":{"allow":["GET"]}}],"collection":[{"href":"https:\/\/www.bfv.cloud\/ajedrezeuropa\/wp-json\/wp\/v2\/posts"}],"about":[{"href":"https:\/\/www.bfv.cloud\/ajedrezeuropa\/wp-json\/wp\/v2\/types\/post"}],"author":[{"embeddable":true,"href":"https:\/\/www.bfv.cloud\/ajedrezeuropa\/wp-json\/wp\/v2\/users\/1"}],"replies":[{"embeddable":true,"href":"https:\/\/www.bfv.cloud\/ajedrezeuropa\/wp-json\/wp\/v2\/comments?post=356"}],"version-history":[{"count":1,"href":"https:\/\/www.bfv.cloud\/ajedrezeuropa\/wp-json\/wp\/v2\/posts\/356\/revisions"}],"predecessor-version":[{"id":358,"href":"https:\/\/www.bfv.cloud\/ajedrezeuropa\/wp-json\/wp\/v2\/posts\/356\/revisions\/358"}],"wp:featuredmedia":[{"embeddable":true,"href":"https:\/\/www.bfv.cloud\/ajedrezeuropa\/wp-json\/wp\/v2\/media\/357"}],"wp:attachment":[{"href":"https:\/\/www.bfv.cloud\/ajedrezeuropa\/wp-json\/wp\/v2\/media?parent=356"}],"wp:term":[{"taxonomy":"category","embeddable":true,"href":"https:\/\/www.bfv.cloud\/ajedrezeuropa\/wp-json\/wp\/v2\/categories?post=356"},{"taxonomy":"post_tag","embeddable":true,"href":"https:\/\/www.bfv.cloud\/ajedrezeuropa\/wp-json\/wp\/v2\/tags?post=356"}],"curies":[{"name":"wp","href":"https:\/\/api.w.org\/{rel}","templated":true}]}}