{"id":3562,"date":"2022-06-29T19:20:00","date_gmt":"2022-06-29T19:20:00","guid":{"rendered":"https:\/\/www.bfv.cloud\/ajedrezeuropa\/index.php\/2022\/06\/29\/nuestro-proyecto-de-ajedrez-educativo-en-el-xvi-congreso-mundial-de-ciudades-educadoras-de-andog-corea\/"},"modified":"2025-11-20T11:04:20","modified_gmt":"2025-11-20T11:04:20","slug":"nuestro-proyecto-de-ajedrez-educativo-en-el-xvi-congreso-mundial-de-ciudades-educadoras-de-andog-corea","status":"publish","type":"post","link":"https:\/\/www.bfv.cloud\/ajedrezeuropa\/nuestro-proyecto-de-ajedrez-educativo-en-el-xvi-congreso-mundial-de-ciudades-educadoras-de-andog-corea\/","title":{"rendered":"NUESTRO PROYECTO DE AJEDREZ EDUCATIVO EN EL XVI CONGRESO MUNDIAL DE CIUDADES EDUCADORAS DE ANDOG (COREA)"},"content":{"rendered":"<p>&nbsp;<\/p>\n<div class=\"separator\" style=\"clear: both;text-align: center\"><a href=\"https:\/\/www.bfv.cloud\/ajedrezeuropa\/wp-content\/uploads\/2022\/06\/120CARTEL20ANDONG.jpg\" style=\"margin-left: 1em;margin-right: 1em\"><img fetchpriority=\"high\" decoding=\"async\" border=\"0\" data-original-height=\"1013\" data-original-width=\"1800\" height=\"360\" src=\"https:\/\/blogger.googleusercontent.com\/img\/b\/R29vZ2xl\/AVvXsEja5LtOIPkJorhH3V2E-fxoaJWA_tPiQvR5PhJW5p59ZfBBgHGBrbum-foINyizFa2Etj4Xu2ggWB27s54RpFXC--mPdVQEzA3CSQ5dSIQI2K1lRBXEYYD6WyCPNZi6Doilu9UWM835AghdeSi76Pq1E1q7NWvhK4TPvyo51vDSMYfs2HElvmGaInU9\/w640-h360\/1%20CARTEL%20ANDONG.jpg\" width=\"640\" \/><\/a><\/div>\n<p><\/p>\n<p><span style=\"font-family: Montserrat;font-size: large\">El proyecto que estamos desarrollando desde 2017 en la ciudad toledana de Illescas ha sido seleccionado como experiencia, a&nbsp; la que se dedicar\u00e1 un taller tem\u00e1tico, por el Comit\u00e9 Cient\u00edfico del XVI Congreso de Ciudades Educadoras que se celebrar\u00e1 del 25 al 28 de octubre en la ciudad coreana de Andong. Para Nuestro Ajedrez en Europa y para el mundo del ajedrez, en general, esta es una elecci\u00f3n muy relevante que destaca el trabajo que se viene realizando en Illescas. \u00abEl ajedrez en la escuela, una estrategia educativa\u00bb, se ha consolidado como una herramienta transversal de enorme utilidad para la Educaci\u00f3n y es valorado enormemente por el profesorado, los alumnos y alumnas y sus familias.<\/span><\/p>\n<p><span style=\"font-family: Montserrat;font-size: large\">Desde aqu\u00ed queremos agradecer a los responsables del ayuntamiento de Illescas y a todas las familias de la ciudad su inter\u00e9s, su colaboraci\u00f3n y su apoyo.&nbsp;<\/span><\/p>\n<p><span style=\"font-family: Montserrat;font-size: large\">Ampliaremos toda la informaci\u00f3n sobre esta resoluci\u00f3n porque todo lo que conlleva este congreso internacional merece ser contado con m\u00e1s detenimiento.<\/span><\/p>\n","protected":false},"excerpt":{"rendered":"<p>&nbsp; El proyecto que estamos desarrollando desde 2017 en la ciudad toledana de Illescas ha sido seleccionado como experiencia, a&nbsp; la que se dedicar\u00e1 un taller tem\u00e1tico, por el Comit\u00e9 Cient\u00edfico del XVI Congreso de Ciudades Educadoras que se celebrar\u00e1 del 25 al 28 de octubre en la ciudad coreana de Andong. Para Nuestro Ajedrez [&hellip;]<\/p>\n","protected":false},"author":1,"featured_media":3563,"comment_status":"open","ping_status":"closed","sticky":false,"template":"","format":"standard","meta":{"footnotes":""},"categories":[1],"tags":[],"class_list":["post-3562","post","type-post","status-publish","format-standard","has-post-thumbnail","hentry","category-noticias"],"_links":{"self":[{"href":"https:\/\/www.bfv.cloud\/ajedrezeuropa\/wp-json\/wp\/v2\/posts\/3562","targetHints":{"allow":["GET"]}}],"collection":[{"href":"https:\/\/www.bfv.cloud\/ajedrezeuropa\/wp-json\/wp\/v2\/posts"}],"about":[{"href":"https:\/\/www.bfv.cloud\/ajedrezeuropa\/wp-json\/wp\/v2\/types\/post"}],"author":[{"embeddable":true,"href":"https:\/\/www.bfv.cloud\/ajedrezeuropa\/wp-json\/wp\/v2\/users\/1"}],"replies":[{"embeddable":true,"href":"https:\/\/www.bfv.cloud\/ajedrezeuropa\/wp-json\/wp\/v2\/comments?post=3562"}],"version-history":[{"count":1,"href":"https:\/\/www.bfv.cloud\/ajedrezeuropa\/wp-json\/wp\/v2\/posts\/3562\/revisions"}],"predecessor-version":[{"id":3564,"href":"https:\/\/www.bfv.cloud\/ajedrezeuropa\/wp-json\/wp\/v2\/posts\/3562\/revisions\/3564"}],"wp:featuredmedia":[{"embeddable":true,"href":"https:\/\/www.bfv.cloud\/ajedrezeuropa\/wp-json\/wp\/v2\/media\/3563"}],"wp:attachment":[{"href":"https:\/\/www.bfv.cloud\/ajedrezeuropa\/wp-json\/wp\/v2\/media?parent=3562"}],"wp:term":[{"taxonomy":"category","embeddable":true,"href":"https:\/\/www.bfv.cloud\/ajedrezeuropa\/wp-json\/wp\/v2\/categories?post=3562"},{"taxonomy":"post_tag","embeddable":true,"href":"https:\/\/www.bfv.cloud\/ajedrezeuropa\/wp-json\/wp\/v2\/tags?post=3562"}],"curies":[{"name":"wp","href":"https:\/\/api.w.org\/{rel}","templated":true}]}}