{"id":3565,"date":"2012-09-04T23:15:00","date_gmt":"2012-09-04T23:15:00","guid":{"rendered":"https:\/\/www.bfv.cloud\/ajedrezeuropa\/index.php\/2012\/09\/04\/xvi-torneo-abierto-de-villafranca-y-noticias-de-nuestro-ajedrez\/"},"modified":"2025-11-20T11:04:25","modified_gmt":"2025-11-20T11:04:25","slug":"xvi-torneo-abierto-de-villafranca-y-noticias-de-nuestro-ajedrez","status":"publish","type":"post","link":"https:\/\/www.bfv.cloud\/ajedrezeuropa\/xvi-torneo-abierto-de-villafranca-y-noticias-de-nuestro-ajedrez\/","title":{"rendered":"XVI TORNEO ABIERTO DE VILLAFRANCA Y NOTICIAS DE NUESTRO AJEDREZ"},"content":{"rendered":"<div class=\"separator\" style=\"clear: both;text-align: center\"><a href=\"https:\/\/www.bfv.cloud\/ajedrezeuropa\/wp-content\/uploads\/2012\/09\/carteldevillafrancaenJPG.jpg\" style=\"clear: right;float: right;margin-bottom: 1em;margin-left: 1em\"><img fetchpriority=\"high\" decoding=\"async\" border=\"0\" height=\"400\" src=\"https:\/\/blogger.googleusercontent.com\/img\/b\/R29vZ2xl\/AVvXsEgQA7dXo8T_pENPuuDXXwJr3iYvwR4NdqwMZu97Rt2nQLKVxUemQc_duBHf8DAhz76t3cLMfWkqJiqzsIX-v8CZk3MWKXoEZJMyaWdzbkBHZ7NVQMyYDZLR2kGDzOX5QMWr8hYFzrIUWWs\/s400\/cartel+de+villafranca+en+JPG.JPG\" width=\"282\" \/><\/a><strong><span style=\"color: blue;, sans-serif\">El domingo 16 de septiembre se celebrar\u00e1 el XVI TORNEO DE FERIA \u00abABIERTO DE VILLAFRANCA\u00bb en el sal\u00f3n de actos de la casa de la cultura. El torneo comenzar\u00e1 a las 10 de la ma\u00f1ana y finalizar\u00e1 cerca de las 2 de la tarde tras 5 rondas a un ritmo de juego de 20 minutos por jugador a ca\u00edda de bandera. Las inscripciones pueden realizarse hasta el 14 de septiembre en la direcci\u00f3n de correo:&nbsp;&nbsp;&nbsp;&nbsp; <a href=\"mailto:felixtoribio@terra.es\">felixtoribio@terra.es<\/a><\/span><\/strong><\/div>\n<h2 class=\"separator\" style=\"clear: both;text-align: center\"><span style=\"color: purple\"><u>NOTICIAS DE \u00abNUESTRO AJEDREZ\u00bb<\/u><\/span><\/h2>\n<div class=\"separator\" style=\"clear: both;text-align: center\"><a href=\"https:\/\/www.bfv.cloud\/ajedrezeuropa\/wp-content\/uploads\/2012\/09\/regionaledades2012029.jpg\" style=\"clear: left;float: left;margin-bottom: 1em;margin-right: 1em\"><img decoding=\"async\" border=\"0\" height=\"240\" src=\"https:\/\/blogger.googleusercontent.com\/img\/b\/R29vZ2xl\/AVvXsEgfYt-Wgou5QvlPF6Mn4cTMFuqZhohyCLVxvYxpdz7wIe2Tf2rtcHwVmeZ8ZKspvk5kWcQZ-4bFn_tw4GXEwCTBAYCr79WQwZ-8-MLX-OD4X2mCEPmeVG-_V3ae7T4-9ShCWjKxwPtIatk\/s320\/regional+edades+2012+029.jpg\" width=\"320\" \/><\/a><\/div>\n<p>&nbsp;<a href=\"https:\/\/www.bfv.cloud\/ajedrezeuropa\/wp-content\/uploads\/2012\/09\/regionaledades2012046.jpg\" style=\"clear: right;float: right;margin-bottom: 1em;margin-left: 1em\"><img decoding=\"async\" border=\"0\" height=\"240\" src=\"https:\/\/blogger.googleusercontent.com\/img\/b\/R29vZ2xl\/AVvXsEj_QkPA03Jr-3FVYO3Os2PBoMZudtWwsIHTf4v80gyUAC8Pu2JgaRIEsd4M98R_Y0-YjkBGpWyG_GSD2KSyWyYKMxXzrM-Z0Ymk0YUOye4ULYJvIKOjzJCkQJG-0yfubdlYU1dieDQnk6U\/s320\/regional+edades+2012+046.jpg\" width=\"320\" \/><\/a><\/p>\n<div class=\"separator\" style=\"clear: both;text-align: left\">\ufeff<strong><span style=\"color: purple;, sans-serif\">Tambi\u00e9n queremos destacar la participaci\u00f3n de los hermanos Sim\u00f3n Escalona en el XVIII Torneo de Vio\u00f1o de Pi\u00e9lagos en Cantabria. Irene y Jorge llevan disputadas 7 rondas de este importante torneo internacional que comenz\u00f3 el 31 de agosto, habiendo sumado 2,5 puntos y 4,5 puntos respectivamente. A falta de las 2 \u00faltimas rondas, Jorge, est\u00e1 situado en la posici\u00f3n 23\u00aa de la clasificaci\u00f3n provisional, mientras Irene ocupa la plaza 77. Queremos felicitar a ambos por su juego y resultados durante este torneo, a la vez que os adelantamos la publicaci\u00f3n de una informaci\u00f3n especial sobre la variaci\u00f3n de elo internacional de nuestros jugadores y jugadoras a principios del mes de octubre.<\/span><\/strong><\/div>\n<div class=\"separator\" style=\"clear: both;text-align: left\"><strong><span style=\"color: purple;font-family: Trebuchet MS\">Asimismo, en las \u00faltimas semanas, se han disputado distintos torneos de ferias en&nbsp;Castilla-La Mancha, destacando los resultados obtenidos por&nbsp;3 j\u00f3venes ajedrecistas de nuestras escuelas de&nbsp;Alc\u00e1zar y Villafranca. Por parte de la escuela alcazare\u00f1a hay que rese\u00f1ar las actuaciones de&nbsp;Javier Valdepe\u00f1as en Campo de Criptana y Tomelloso, y Jos\u00e9 \u00c1ngel Vela en Campo de Criptana.&nbsp;Mientras que Isaac Lozano, perteneciente a nuestra escuela de Villafranca, lograba la 2\u00aa posici\u00f3n en el XXX torneo de feria de Oca\u00f1a. \u00a1\u00a1Enhorabuena&nbsp;a todos!!&nbsp;<\/span><\/strong><\/div>\n<div class=\"separator\" style=\"clear: both;text-align: center\">\n<\/div>\n<div class=\"separator\" style=\"clear: both;text-align: left\">\n<\/div>\n","protected":false},"excerpt":{"rendered":"<p>El domingo 16 de septiembre se celebrar\u00e1 el XVI TORNEO DE FERIA \u00abABIERTO DE VILLAFRANCA\u00bb en el sal\u00f3n de actos de la casa de la cultura. El torneo comenzar\u00e1 a las 10 de la ma\u00f1ana y finalizar\u00e1 cerca de las 2 de la tarde tras 5 rondas a un ritmo de juego de 20 minutos [&hellip;]<\/p>\n","protected":false},"author":1,"featured_media":3566,"comment_status":"open","ping_status":"closed","sticky":false,"template":"","format":"standard","meta":{"footnotes":""},"categories":[1],"tags":[],"class_list":["post-3565","post","type-post","status-publish","format-standard","has-post-thumbnail","hentry","category-noticias"],"_links":{"self":[{"href":"https:\/\/www.bfv.cloud\/ajedrezeuropa\/wp-json\/wp\/v2\/posts\/3565","targetHints":{"allow":["GET"]}}],"collection":[{"href":"https:\/\/www.bfv.cloud\/ajedrezeuropa\/wp-json\/wp\/v2\/posts"}],"about":[{"href":"https:\/\/www.bfv.cloud\/ajedrezeuropa\/wp-json\/wp\/v2\/types\/post"}],"author":[{"embeddable":true,"href":"https:\/\/www.bfv.cloud\/ajedrezeuropa\/wp-json\/wp\/v2\/users\/1"}],"replies":[{"embeddable":true,"href":"https:\/\/www.bfv.cloud\/ajedrezeuropa\/wp-json\/wp\/v2\/comments?post=3565"}],"version-history":[{"count":1,"href":"https:\/\/www.bfv.cloud\/ajedrezeuropa\/wp-json\/wp\/v2\/posts\/3565\/revisions"}],"predecessor-version":[{"id":3569,"href":"https:\/\/www.bfv.cloud\/ajedrezeuropa\/wp-json\/wp\/v2\/posts\/3565\/revisions\/3569"}],"wp:featuredmedia":[{"embeddable":true,"href":"https:\/\/www.bfv.cloud\/ajedrezeuropa\/wp-json\/wp\/v2\/media\/3566"}],"wp:attachment":[{"href":"https:\/\/www.bfv.cloud\/ajedrezeuropa\/wp-json\/wp\/v2\/media?parent=3565"}],"wp:term":[{"taxonomy":"category","embeddable":true,"href":"https:\/\/www.bfv.cloud\/ajedrezeuropa\/wp-json\/wp\/v2\/categories?post=3565"},{"taxonomy":"post_tag","embeddable":true,"href":"https:\/\/www.bfv.cloud\/ajedrezeuropa\/wp-json\/wp\/v2\/tags?post=3565"}],"curies":[{"name":"wp","href":"https:\/\/api.w.org\/{rel}","templated":true}]}}