{"id":3570,"date":"2015-04-29T22:00:00","date_gmt":"2015-04-29T22:00:00","guid":{"rendered":"https:\/\/www.bfv.cloud\/ajedrezeuropa\/index.php\/2015\/04\/29\/el-campeonato-regional-por-equipos-contara-con-la-participacion-de-nuestro-ajedrez-en-europa\/"},"modified":"2025-11-20T11:04:25","modified_gmt":"2025-11-20T11:04:25","slug":"el-campeonato-regional-por-equipos-contara-con-la-participacion-de-nuestro-ajedrez-en-europa","status":"publish","type":"post","link":"https:\/\/www.bfv.cloud\/ajedrezeuropa\/el-campeonato-regional-por-equipos-contara-con-la-participacion-de-nuestro-ajedrez-en-europa\/","title":{"rendered":"EL CAMPEONATO REGIONAL POR EQUIPOS CONTAR\u00c1 CON LA PARTICIPACI\u00d3N DE NUESTRO AJEDREZ EN EUROPA"},"content":{"rendered":"<div style=\"margin-bottom: .0001pt;margin: 0cm;text-align: justify\">\n<b><u><span style=\"font-family: Arial, sans-serif\">Despu\u00e9s<br \/>\nde 2 a\u00f1os de ausencia obligada<\/span><\/u><\/b><\/div>\n<div style=\"margin-bottom: .0001pt;margin: 0cm;text-align: justify\">\n<span style=\"font-family: Arial, sans-serif\">La<br \/>\nFederaci\u00f3n de Ajedrez de Castilla-La Mancha ha hecho p\u00fablicas las bases y<br \/>\ncondiciones para la participaci\u00f3n de los clubes de la regi\u00f3n en el Campeonato<br \/>\npor Equipos de la categor\u00eda absoluta. El hotel Universidad de Albacete volver\u00e1<br \/>\na acoger la competici\u00f3n de mayor nivel de la temporada en el calendario<br \/>\nauton\u00f3mico durante los d\u00edas 4, 5, 6 y 7 de junio, confirm\u00e1ndose las fechas<br \/>\ninicialmente previstas, a pesar de nuestra reiterada petici\u00f3n de cambio para<br \/>\nfacilitar la participaci\u00f3n de los jugadores que lograron el t\u00edtulo de campe\u00f3n<br \/>\nprovincial de Toledo con el equipo de NUESTRO AJEDREZ EN EUROPA hace unos<br \/>\nmeses. Recordemos que en 2013 y 2014 result\u00f3 imposible nuestra participaci\u00f3n al<br \/>\ncoincidir estos d\u00edas de principios de junio con los ex\u00e1menes m\u00e1s importantes en<br \/>\nla ense\u00f1anza universitaria y segundo a\u00f1o de bachillerato, aunque seguimos<br \/>\nconsiderando una prioridad deportiva nuestra participaci\u00f3n en esta competici\u00f3n.<\/span><\/div>\n<table cellpadding=\"0\" cellspacing=\"0\" class=\"tr-caption-container\" style=\"float: right;text-align: center\">\n<tbody>\n<tr>\n<td style=\"text-align: center\"><img decoding=\"async\" alt=\"logofederacion\" src=\"http:\/\/www.faclm.org\/images\/stories\/Imagenes\/Federacion\/logofederacion.jpg\" height=\"183\" style=\"margin-left: auto;margin-right: auto\" width=\"200\" \/><\/td>\n<\/tr>\n<tr>\n<td class=\"tr-caption\" style=\"text-align: center\">Logo de la FACLM<\/td>\n<\/tr>\n<\/tbody>\n<\/table>\n<div style=\"margin-bottom: .0001pt;margin: 0cm;text-align: justify\">\n<span style=\"font-family: Arial, sans-serif\">&nbsp;<\/span><b><u><span style=\"font-family: Arial, Helvetica, sans-serif\">Un<br \/>\ngran esfuerzo en las competiciones por equipos<\/span><\/u><\/b><span style=\"font-family: Arial, Helvetica, sans-serif\">&nbsp;<\/span><\/div>\n<div class=\"MsoBodyText\" style=\"text-align: justify\">\n<span style=\"color: windowtext;font-size: 12.0pt\"><span style=\"font-family: Arial, Helvetica, sans-serif\">Tan importante son para el proyecto<br \/>\nlas competiciones por equipos que gran parte de nuestro presupuesto econ\u00f3mico<br \/>\nlo dedicamos a ello, empezando por los provinciales de Toledo, con 7 equipos<br \/>\ndel proyecto en el campeonato absoluto y 2 m\u00e1s en el provincial sub-16;<br \/>\nsiguiendo por los regionales, con presencia durante m\u00e1s de una d\u00e9cada en el<br \/>\nabsoluto y con la clasificaci\u00f3n de uno de los equipos sub-16 todas las<br \/>\ntemporadas, salvo una, desde la creaci\u00f3n de este torneo hace 7 a\u00f1os; y<br \/>\nterminando por la participaci\u00f3n con 2 equipos en el Campeonato de Espa\u00f1a de<br \/>\nClubes sub-16 que se ha celebrado en Benidorm durante 6 a\u00f1os consecutivos.<\/span><\/span><span style=\"color: windowtext;font-family: Arial, Helvetica, sans-serif;font-size: 12pt\">&nbsp;<\/span><\/div>\n<div class=\"MsoBodyText\" style=\"text-align: justify\">\n<b><u><span style=\"color: windowtext;font-size: 12.0pt\"><span style=\"font-family: Arial, Helvetica, sans-serif\">El compromiso de un club<br \/>\ncampe\u00f3n<\/span><\/span><\/u><\/b><b><u><span style=\"color: windowtext;font-size: 12.0pt\"><span style=\"font-family: Arial, Helvetica, sans-serif\">&nbsp;<\/span><\/span><\/u><\/b><\/div>\n<div class=\"MsoBodyText\" style=\"text-align: justify\">\n<span style=\"color: windowtext;font-size: 12.0pt\"><span style=\"font-family: Arial, Helvetica, sans-serif\">Muy pocos clubes en la regi\u00f3n<br \/>\npueden presentar un compromiso tan grande con el ajedrez por equipos y menos<br \/>\na\u00fan pueden estar avalados por una trayectoria como la de NUESTRO AJEDREZ EN<br \/>\nEUROPA, con un bronce nacional y 2 t\u00edtulos de campeones regionales en categor\u00eda<br \/>\nsub-16, y el m\u00e1s reciente t\u00edtulo de campe\u00f3n provincial de Toledo en categor\u00eda<br \/>\nabsoluta. Sin embargo, por encima de cualquier situaci\u00f3n o calendario adverso,<br \/>\nes precisamente este compromiso de club campe\u00f3n el que nos impulsa a retomar<br \/>\nnuestra participaci\u00f3n en el regional por equipos esta temporada. Ya estamos<br \/>\ntrabajando para llevar la mejor formaci\u00f3n posible, teniendo en cuenta que<br \/>\nexisten dos premisas importantes a la hora de conformar el equipo:<\/span><\/span><\/div>\n<div class=\"MsoBodyText\" style=\"text-align: justify\">\n<span style=\"color: windowtext;font-size: 12.0pt\"><span style=\"font-family: Arial, Helvetica, sans-serif\">1\u00ba.- Priorizar los estudios de<br \/>\nnuestros jugadores sobre su presencia en el torneo.<\/span><\/span><\/div>\n<div class=\"MsoBodyText\" style=\"text-align: justify\">\n<span style=\"color: windowtext;font-size: 12.0pt\"><span style=\"font-family: Arial, Helvetica, sans-serif\">2\u00ba.- En la medida de lo posible,<br \/>\ndar cabida a los jugadores sub-16 con menos compromisos escolares, para que<br \/>\npuedan vivir la experiencia de un campeonato que resulta siempre muy<br \/>\ninteresante.<\/span><\/span><\/div>\n<div class=\"MsoBodyText\" style=\"text-align: justify\">\n<span style=\"color: windowtext;font-size: 12.0pt\"><span style=\"font-family: Arial, Helvetica, sans-serif\">En las pr\u00f3ximas semanas estaremos<br \/>\nen condiciones de presentar el orden de fuerza del equipo con el que viajaremos<br \/>\na Albacete.<\/span><\/span><span style=\"color: windowtext;font-family: Arial, Helvetica, sans-serif;font-size: 12pt\">&nbsp;<\/span><\/div>\n<div class=\"MsoBodyText\" style=\"text-align: justify\">\n<span style=\"color: windowtext;font-size: 12.0pt\"><span style=\"font-family: Arial, Helvetica, sans-serif\">&nbsp;&nbsp;&nbsp;&nbsp;&nbsp;&nbsp;&nbsp;&nbsp;&nbsp;&nbsp;&nbsp;&nbsp;&nbsp;&nbsp;&nbsp;&nbsp;&nbsp;&nbsp;&nbsp;&nbsp;&nbsp;&nbsp;&nbsp;&nbsp;&nbsp;&nbsp;&nbsp;&nbsp;&nbsp;&nbsp;&nbsp;&nbsp;&nbsp;&nbsp;&nbsp;&nbsp;&nbsp;&nbsp;&nbsp;&nbsp;&nbsp;&nbsp;&nbsp;&nbsp;&nbsp;&nbsp;&nbsp;&nbsp;&nbsp;&nbsp;&nbsp;&nbsp;&nbsp;&nbsp;&nbsp;&nbsp;&nbsp;&nbsp;&nbsp;&nbsp;&nbsp;&nbsp;&nbsp;&nbsp;&nbsp;&nbsp;&nbsp;&nbsp;&nbsp;&nbsp;&nbsp;&nbsp;&nbsp;&nbsp;&nbsp;&nbsp;&nbsp;&nbsp;&nbsp;&nbsp;&nbsp;&nbsp;&nbsp;&nbsp;&nbsp;&nbsp;&nbsp;&nbsp;&nbsp;&nbsp;&nbsp;&nbsp;&nbsp;&nbsp;&nbsp;&nbsp;&nbsp;&nbsp;&nbsp;&nbsp;&nbsp;&nbsp;&nbsp;&nbsp;&nbsp; <\/span><\/span><\/div>\n<div class=\"MsoBodyText\" style=\"text-align: justify\">\n<\/div>\n<p><span style=\"font-size: 12pt\"><span style=\"font-family: Arial, Helvetica, sans-serif\">&nbsp; &nbsp; &nbsp; &nbsp; &nbsp; &nbsp; &nbsp; &nbsp; &nbsp; &nbsp; &nbsp; &nbsp; &nbsp; &nbsp; &nbsp; &nbsp; &nbsp; &nbsp; &nbsp; &nbsp; &nbsp; &nbsp; &nbsp; &nbsp; &nbsp; &nbsp; &nbsp; &nbsp; &nbsp; &nbsp; &nbsp; &nbsp; &nbsp; &nbsp; &nbsp; &nbsp; &nbsp; &nbsp; &nbsp; &nbsp; &nbsp; &nbsp; &nbsp; &nbsp; &nbsp; &nbsp; &nbsp; &nbsp; &nbsp; &nbsp; &nbsp; &nbsp; &nbsp; &nbsp; &nbsp; F\u00e9lix Toribio G\u00f3mez&nbsp;&nbsp;<\/span><\/span><\/p>\n","protected":false},"excerpt":{"rendered":"<p>Despu\u00e9s de 2 a\u00f1os de ausencia obligada La Federaci\u00f3n de Ajedrez de Castilla-La Mancha ha hecho p\u00fablicas las bases y condiciones para la participaci\u00f3n de los clubes de la regi\u00f3n en el Campeonato por Equipos de la categor\u00eda absoluta. El hotel Universidad de Albacete volver\u00e1 a acoger la competici\u00f3n de mayor nivel de la temporada [&hellip;]<\/p>\n","protected":false},"author":1,"featured_media":0,"comment_status":"open","ping_status":"closed","sticky":false,"template":"","format":"standard","meta":{"footnotes":""},"categories":[1],"tags":[],"class_list":["post-3570","post","type-post","status-publish","format-standard","hentry","category-noticias"],"_links":{"self":[{"href":"https:\/\/www.bfv.cloud\/ajedrezeuropa\/wp-json\/wp\/v2\/posts\/3570","targetHints":{"allow":["GET"]}}],"collection":[{"href":"https:\/\/www.bfv.cloud\/ajedrezeuropa\/wp-json\/wp\/v2\/posts"}],"about":[{"href":"https:\/\/www.bfv.cloud\/ajedrezeuropa\/wp-json\/wp\/v2\/types\/post"}],"author":[{"embeddable":true,"href":"https:\/\/www.bfv.cloud\/ajedrezeuropa\/wp-json\/wp\/v2\/users\/1"}],"replies":[{"embeddable":true,"href":"https:\/\/www.bfv.cloud\/ajedrezeuropa\/wp-json\/wp\/v2\/comments?post=3570"}],"version-history":[{"count":1,"href":"https:\/\/www.bfv.cloud\/ajedrezeuropa\/wp-json\/wp\/v2\/posts\/3570\/revisions"}],"predecessor-version":[{"id":3571,"href":"https:\/\/www.bfv.cloud\/ajedrezeuropa\/wp-json\/wp\/v2\/posts\/3570\/revisions\/3571"}],"wp:attachment":[{"href":"https:\/\/www.bfv.cloud\/ajedrezeuropa\/wp-json\/wp\/v2\/media?parent=3570"}],"wp:term":[{"taxonomy":"category","embeddable":true,"href":"https:\/\/www.bfv.cloud\/ajedrezeuropa\/wp-json\/wp\/v2\/categories?post=3570"},{"taxonomy":"post_tag","embeddable":true,"href":"https:\/\/www.bfv.cloud\/ajedrezeuropa\/wp-json\/wp\/v2\/tags?post=3570"}],"curies":[{"name":"wp","href":"https:\/\/api.w.org\/{rel}","templated":true}]}}