{"id":3572,"date":"2012-01-03T20:41:00","date_gmt":"2012-01-03T20:41:00","guid":{"rendered":"https:\/\/www.bfv.cloud\/ajedrezeuropa\/index.php\/2012\/01\/03\/nuestro-ajedrez-en-europa-en-manchacentro-tv\/"},"modified":"2025-11-20T11:04:26","modified_gmt":"2025-11-20T11:04:26","slug":"nuestro-ajedrez-en-europa-en-manchacentro-tv","status":"publish","type":"post","link":"https:\/\/www.bfv.cloud\/ajedrezeuropa\/nuestro-ajedrez-en-europa-en-manchacentro-tv\/","title":{"rendered":"NUESTRO AJEDREZ EN EUROPA EN MANCHACENTRO TV"},"content":{"rendered":"<div class=\"separator\" style=\"clear: both;text-align: center\"><object><\/object><\/div>\n<p>\n<strong><span style=\"font-family: Verdana, sans-serif\">El viernes 23 de diciembre se emit\u00eda un interesante reportaje sobre la escuela de ajedrez de Alc\u00e1zar y el proyecto \u00abNuestro Ajedrez en Europa\u00bb dentro del programa \u00abCiudad Deportiva\u00bb de Manchacentro TV. Adem\u00e1s&nbsp;la&nbsp;grabaci\u00f3n cuenta con las opiniones de alumnos, alumnas y madres, enriqueciendo de esta forma los puntos de vista sobre el trabajo que realizamos en nuestras escuelas. <\/span><\/strong><br \/>\n<strong><span style=\"font-family: Verdana, sans-serif\">Es un hecho que el ajedrez est\u00e1 lejos de contar con la publicidad audiovisual y escrita&nbsp;que&nbsp;tienen otros deportes. Cuestiones objetivas, y hasta comerciales, le han llevado&nbsp;al alejamiento casi absoluto de las noticias de inter\u00e9s, aunque en parte la responsabilidad habr\u00eda que buscarla en el propio mundo del ajedrez y su incapacidad para comunicarse con la mayor parte&nbsp;de la opini\u00f3n p\u00fablica. De cualquier modo, nuestro empe\u00f1o es acercar el ajedrez a todo el mundo y que se convierta en una herramienta formativa y social de primer nivel. En cuanto a la proyecci\u00f3n p\u00fablica y medi\u00e1tica del proyecto, debemos indicar que especialmente desde su creaci\u00f3n en mayo de 2008, hemos procurado prestar&nbsp;mucha atenci\u00f3n a la difusi\u00f3n en los medios de comunicaci\u00f3n de&nbsp;todas las actividades que programamos, as\u00ed como de los resultados y los \u00e9xitos que vamos cosechando. <\/span><\/strong><\/p>\n","protected":false},"excerpt":{"rendered":"<p>El viernes 23 de diciembre se emit\u00eda un interesante reportaje sobre la escuela de ajedrez de Alc\u00e1zar y el proyecto \u00abNuestro Ajedrez en Europa\u00bb dentro del programa \u00abCiudad Deportiva\u00bb de Manchacentro TV. Adem\u00e1s&nbsp;la&nbsp;grabaci\u00f3n cuenta con las opiniones de alumnos, alumnas y madres, enriqueciendo de esta forma los puntos de vista sobre el trabajo que realizamos [&hellip;]<\/p>\n","protected":false},"author":1,"featured_media":0,"comment_status":"open","ping_status":"closed","sticky":false,"template":"","format":"standard","meta":{"footnotes":""},"categories":[1],"tags":[],"class_list":["post-3572","post","type-post","status-publish","format-standard","hentry","category-noticias"],"_links":{"self":[{"href":"https:\/\/www.bfv.cloud\/ajedrezeuropa\/wp-json\/wp\/v2\/posts\/3572","targetHints":{"allow":["GET"]}}],"collection":[{"href":"https:\/\/www.bfv.cloud\/ajedrezeuropa\/wp-json\/wp\/v2\/posts"}],"about":[{"href":"https:\/\/www.bfv.cloud\/ajedrezeuropa\/wp-json\/wp\/v2\/types\/post"}],"author":[{"embeddable":true,"href":"https:\/\/www.bfv.cloud\/ajedrezeuropa\/wp-json\/wp\/v2\/users\/1"}],"replies":[{"embeddable":true,"href":"https:\/\/www.bfv.cloud\/ajedrezeuropa\/wp-json\/wp\/v2\/comments?post=3572"}],"version-history":[{"count":1,"href":"https:\/\/www.bfv.cloud\/ajedrezeuropa\/wp-json\/wp\/v2\/posts\/3572\/revisions"}],"predecessor-version":[{"id":3573,"href":"https:\/\/www.bfv.cloud\/ajedrezeuropa\/wp-json\/wp\/v2\/posts\/3572\/revisions\/3573"}],"wp:attachment":[{"href":"https:\/\/www.bfv.cloud\/ajedrezeuropa\/wp-json\/wp\/v2\/media?parent=3572"}],"wp:term":[{"taxonomy":"category","embeddable":true,"href":"https:\/\/www.bfv.cloud\/ajedrezeuropa\/wp-json\/wp\/v2\/categories?post=3572"},{"taxonomy":"post_tag","embeddable":true,"href":"https:\/\/www.bfv.cloud\/ajedrezeuropa\/wp-json\/wp\/v2\/tags?post=3572"}],"curies":[{"name":"wp","href":"https:\/\/api.w.org\/{rel}","templated":true}]}}