{"id":3574,"date":"2013-08-01T16:53:00","date_gmt":"2013-08-01T16:53:00","guid":{"rendered":"https:\/\/www.bfv.cloud\/ajedrezeuropa\/index.php\/2013\/08\/01\/desde-hoy-el-campus-esta-en-villafranca\/"},"modified":"2025-11-20T11:04:34","modified_gmt":"2025-11-20T11:04:34","slug":"desde-hoy-el-campus-esta-en-villafranca","status":"publish","type":"post","link":"https:\/\/www.bfv.cloud\/ajedrezeuropa\/desde-hoy-el-campus-esta-en-villafranca\/","title":{"rendered":"DESDE HOY, EL CAMPUS EST\u00c1 EN VILLAFRANCA"},"content":{"rendered":"<table cellpadding=\"0\" cellspacing=\"0\" class=\"tr-caption-container\" style=\"float: right;margin-left: 1em;text-align: right\">\n<tbody>\n<tr>\n<td style=\"text-align: center\"><a href=\"https:\/\/www.bfv.cloud\/ajedrezeuropa\/wp-content\/uploads\/2013\/08\/fotosaulasVillafrancaVIcampusdeajedrez001.jpg\" style=\"clear: right;margin-bottom: 1em;margin-left: auto;margin-right: auto\"><img fetchpriority=\"high\" decoding=\"async\" border=\"0\" height=\"233\" src=\"https:\/\/blogger.googleusercontent.com\/img\/b\/R29vZ2xl\/AVvXsEg_a_gNTR88ti6a3lbUjNZWK-5kDzN6uZsIGm1CZrF4rEYyMzYZzi_EZVT1ic-4Gjdas5SgGoRkaqXS9z8y9KHCZah3AU3LRhs5dWey8_DCr6ssI2DsJPlIhcGv4uSAPhyT1q5fLzXv1DI\/s320\/fotos+aulas+Villafranca+VI+campus+de+ajedrez+001.jpg\" width=\"320\" \/><\/a><\/td>\n<\/tr>\n<tr>\n<td class=\"tr-caption\" style=\"text-align: center\">En ocasiones los grupos se dividen y fusionan<br \/>\nseg\u00fan las necesidades de aprendizaje<\/td>\n<\/tr>\n<\/tbody>\n<\/table>\n<p><span style=\"font-family: Verdana, sans-serif\"><b>Hoy jueves, la sexta edici\u00f3n del campus de verano, ha retomado sus clases en las aulas de la casa de la cultura de Villafranca de los Caballeros tras cumplir el primer periodo de 3 d\u00edas en \u00abLa Covadonga\u00bb de Alc\u00e1zar de San Juan. Hasta su clausura en el acto que tendr\u00e1 lugar a partir de las 7 y media de la tarde en el sal\u00f3n de conferencias del propio centro cultural, los chicos y chicas que comparten estos d\u00edas de aprendizaje y entrenamiento en jornadas diarias de m\u00e1s de 6 horas, disfrutar\u00e1n de una actividad pensada para mejorar su capacidad de an\u00e1lisis y concentraci\u00f3n.<\/b><\/span><\/p>\n<table cellpadding=\"0\" cellspacing=\"0\" class=\"tr-caption-container\" style=\"float: left;margin-right: 1em;text-align: left\">\n<tbody>\n<tr>\n<td style=\"text-align: center\"><a href=\"https:\/\/www.bfv.cloud\/ajedrezeuropa\/wp-content\/uploads\/2013\/08\/fotosaulasVillafrancaVIcampusdeajedrez008.jpg\" style=\"clear: left;margin-bottom: 1em;margin-left: auto;margin-right: auto\"><img decoding=\"async\" border=\"0\" height=\"178\" src=\"https:\/\/blogger.googleusercontent.com\/img\/b\/R29vZ2xl\/AVvXsEiO41ALVENopM8IpcnsxvshiYeS-LLhWqk-njU6YfLf-B5jmAIXx7GD2X_Ba17i1avD5REiroCK8EdSQeBSvYuIk6I5ztSCYVvVySc7zeXzFPifA6_YnxXDXo8dRNeCNxxkLqIF2_yeIkA\/s320\/fotos+aulas+Villafranca+VI+campus+de+ajedrez+008.jpg\" width=\"320\" \/><\/a><\/td>\n<\/tr>\n<tr>\n<td class=\"tr-caption\" style=\"text-align: center\">5 magn\u00edficas aficionadas al ajedrez, entre las que se<br \/>\nencuentran 2 jugadoras de los recientes<br \/>\ncampeonatos de Espa\u00f1a por edades<\/td>\n<\/tr>\n<\/tbody>\n<\/table>\n<p>&nbsp;<span style=\"font-family: Verdana, sans-serif\"><b>Por otra parte, los datos que aporta este campus son dif\u00edcilmente superables, tanto por intensidad del trabajo como por el progreso de sus alumnos y alumnas. De entre casi la treintena de participantes, 8 han estado presentes en alguna de las categor\u00edas de los recientes campeonatos de Espa\u00f1a por edades y, al menos otra decena de ellos, llevar\u00e1n el nombre de nuestros clubes a los pr\u00f3ximos campeonatos de Espa\u00f1a por equipos de la categor\u00eda sub-16 que se celebrar\u00e1n a primeros de diciembre en Benidorm.<\/b><\/span><\/p>\n<table align=\"center\" cellpadding=\"0\" cellspacing=\"0\" class=\"tr-caption-container\" style=\"margin-left: auto;margin-right: auto;text-align: center\">\n<tbody>\n<tr>\n<td style=\"text-align: center\"><a href=\"https:\/\/www.bfv.cloud\/ajedrezeuropa\/wp-content\/uploads\/2013\/08\/fotosaulasVillafrancaVIcampusdeajedrez007.jpg\" style=\"clear: right;margin-bottom: 1em;margin-left: auto;margin-right: auto;text-align: center\"><img decoding=\"async\" border=\"0\" height=\"196\" src=\"https:\/\/blogger.googleusercontent.com\/img\/b\/R29vZ2xl\/AVvXsEjs6uUGFKzzmFncOJQ67CH6sGd_ARDVbp6l4RLpqPyuyD37bIWhpvSmsvGekxUCSG_IebRFHM1CVuCYvqle99yxZ2lYXjphvn7Dp4gEhgjLracNV_J_CshV48HJ4r7Hj5UzGEb6yUrXu64\/s320\/fotos+aulas+Villafranca+VI+campus+de+ajedrez+007.jpg\" width=\"320\" \/><\/a><\/td>\n<\/tr>\n<tr>\n<td class=\"tr-caption\" style=\"text-align: center\">Otro grupo de alumnos de nuestro campus<\/td>\n<\/tr>\n<\/tbody>\n<\/table>\n<p><\/p>\n<table cellpadding=\"0\" cellspacing=\"0\" class=\"tr-caption-container\" style=\"float: left;margin-right: 1em;text-align: left\">\n<tbody>\n<tr>\n<td style=\"text-align: center\"><a href=\"https:\/\/www.bfv.cloud\/ajedrezeuropa\/wp-content\/uploads\/2013\/08\/fotosaulasVillafrancaVIcampusdeajedrez006.jpg\" style=\"clear: left;margin-bottom: 1em;margin-left: auto;margin-right: auto\"><img loading=\"lazy\" decoding=\"async\" border=\"0\" height=\"320\" src=\"https:\/\/blogger.googleusercontent.com\/img\/b\/R29vZ2xl\/AVvXsEhvlKcgH3PdIJe2dUDxvar_GlLuhJ3_M3uczI0DUDOMXwEQZSTMWgAWaGDGoZk9Z289n8-htK7VbleYoiZSjPn5yPEAoEke4eqcpLtYyPoKLY6IjRJxk9F6O_jEgI2_QR2YqSFxA_nFd2A\/s320\/fotos+aulas+Villafranca+VI+campus+de+ajedrez+006.jpg\" width=\"271\" \/><\/a><\/td>\n<\/tr>\n<tr>\n<td class=\"tr-caption\" style=\"text-align: center\">Fernando Visier es una de las leyendas<br \/>\ndel ajedrez espa\u00f1ol<\/td>\n<\/tr>\n<\/tbody>\n<\/table>\n<p><span style=\"font-family: Verdana, sans-serif\"><b>Como hemos reiterado durante los actos celebrados, despu\u00e9s de 6 a\u00f1os de existencia del proyecto \u00abNuestro Ajedrez en Europa\u00bb y de la consolidaci\u00f3n de una parte importante de las actividades previstas, ha &nbsp;<\/b><\/span><br \/>\n&nbsp;<span style=\"font-family: Verdana, sans-serif\"><b>llegado la hora de ampliar y completar todas sus posibilidades.<\/b><\/span><\/p>\n<table cellpadding=\"0\" cellspacing=\"0\" class=\"tr-caption-container\" style=\"float: right;margin-left: 1em;text-align: right\">\n<tbody>\n<tr>\n<td style=\"text-align: center\"><a href=\"https:\/\/www.bfv.cloud\/ajedrezeuropa\/wp-content\/uploads\/2013\/08\/fotosaulasVillafrancaVIcampusdeajedrez003.jpg\" style=\"clear: right;margin-bottom: 1em;margin-left: auto;margin-right: auto\"><img loading=\"lazy\" decoding=\"async\" border=\"0\" height=\"220\" src=\"https:\/\/blogger.googleusercontent.com\/img\/b\/R29vZ2xl\/AVvXsEhCC8m61Hk7FozIysXdgyw4ep6aMgkSPnNwRYta8UpzGMaKbYCClJmVX50zmG0gJ7x7rQZZl4ctQxWuqeXFtTcFxuMZhQ6x906Luu1Dbnlqx6bcrJYxPzCH5TQvSgFItH8DNoSuengbGbA\/s320\/fotos+aulas+Villafranca+VI+campus+de+ajedrez+003.jpg\" width=\"320\" \/><\/a><\/td>\n<\/tr>\n<tr>\n<td class=\"tr-caption\" style=\"text-align: center\">El trabajo espec\u00edfico con nuestra jugadoras<br \/>\nse desarrolla en todos los grupos<br \/>\nde tecnificaci\u00f3n<\/td>\n<\/tr>\n<\/tbody>\n<\/table>\n<p><span style=\"font-family: Verdana, sans-serif\"><b>Este nuevo plan de avance va a estar sometido, pr\u00f3ximamente, al estudio y valoraci\u00f3n de emprendedores, cargos p\u00fablicos, t\u00e9cnicos, profesionales y deportistas de distinta \u00edndole, y ser\u00e1n ellos los que perfilar\u00e1n los pr\u00f3ximos pasos a seguir.<\/b><\/span><\/p>\n<div class=\"separator\" style=\"clear: both;text-align: center\">\n<\/div>\n<table align=\"center\" cellpadding=\"0\" cellspacing=\"0\" class=\"tr-caption-container\" style=\"clear: left;float: left;margin-bottom: 1em;margin-right: 1em;text-align: right\">\n<tbody>\n<tr>\n<td style=\"text-align: center\"><a href=\"https:\/\/www.bfv.cloud\/ajedrezeuropa\/wp-content\/uploads\/2013\/08\/fotosaulasVillafrancaVIcampusdeajedrez004.jpg\" style=\"clear: right;margin-bottom: 1em;margin-left: auto;margin-right: auto\"><img loading=\"lazy\" decoding=\"async\" border=\"0\" height=\"243\" src=\"https:\/\/blogger.googleusercontent.com\/img\/b\/R29vZ2xl\/AVvXsEjqR7oYKh1MHpCydg54r6nQ9ZTh0G_fuMORdfE7DmoaOUVatTY4QzcwVlFGczhaD1zAhxR7usaOXXnsj6oIeqP_yajChmqoUjU5jyZyC2JXwnBV8LcS1Xyu4K2TVmkj0azlaNJtOtH336k\/s320\/fotos+aulas+Villafranca+VI+campus+de+ajedrez+004.jpg\" width=\"320\" \/><\/a><\/td>\n<\/tr>\n<tr>\n<td class=\"tr-caption\" style=\"text-align: center\">Entre los 7 chicos que vemos en este grupo se<br \/>\nencuentran 4 participantes en las categor\u00edas<br \/>\nsub-14 y sub-16 de los recientes campeonatos<br \/>\nnacionales jugados en Salobre\u00f1a<\/td>\n<\/tr>\n<\/tbody>\n<\/table>\n","protected":false},"excerpt":{"rendered":"<p>En ocasiones los grupos se dividen y fusionan seg\u00fan las necesidades de aprendizaje Hoy jueves, la sexta edici\u00f3n del campus de verano, ha retomado sus clases en las aulas de la casa de la cultura de Villafranca de los Caballeros tras cumplir el primer periodo de 3 d\u00edas en \u00abLa Covadonga\u00bb de Alc\u00e1zar de San [&hellip;]<\/p>\n","protected":false},"author":1,"featured_media":3575,"comment_status":"open","ping_status":"closed","sticky":false,"template":"","format":"standard","meta":{"footnotes":""},"categories":[1],"tags":[],"class_list":["post-3574","post","type-post","status-publish","format-standard","has-post-thumbnail","hentry","category-noticias"],"_links":{"self":[{"href":"https:\/\/www.bfv.cloud\/ajedrezeuropa\/wp-json\/wp\/v2\/posts\/3574","targetHints":{"allow":["GET"]}}],"collection":[{"href":"https:\/\/www.bfv.cloud\/ajedrezeuropa\/wp-json\/wp\/v2\/posts"}],"about":[{"href":"https:\/\/www.bfv.cloud\/ajedrezeuropa\/wp-json\/wp\/v2\/types\/post"}],"author":[{"embeddable":true,"href":"https:\/\/www.bfv.cloud\/ajedrezeuropa\/wp-json\/wp\/v2\/users\/1"}],"replies":[{"embeddable":true,"href":"https:\/\/www.bfv.cloud\/ajedrezeuropa\/wp-json\/wp\/v2\/comments?post=3574"}],"version-history":[{"count":1,"href":"https:\/\/www.bfv.cloud\/ajedrezeuropa\/wp-json\/wp\/v2\/posts\/3574\/revisions"}],"predecessor-version":[{"id":3581,"href":"https:\/\/www.bfv.cloud\/ajedrezeuropa\/wp-json\/wp\/v2\/posts\/3574\/revisions\/3581"}],"wp:featuredmedia":[{"embeddable":true,"href":"https:\/\/www.bfv.cloud\/ajedrezeuropa\/wp-json\/wp\/v2\/media\/3575"}],"wp:attachment":[{"href":"https:\/\/www.bfv.cloud\/ajedrezeuropa\/wp-json\/wp\/v2\/media?parent=3574"}],"wp:term":[{"taxonomy":"category","embeddable":true,"href":"https:\/\/www.bfv.cloud\/ajedrezeuropa\/wp-json\/wp\/v2\/categories?post=3574"},{"taxonomy":"post_tag","embeddable":true,"href":"https:\/\/www.bfv.cloud\/ajedrezeuropa\/wp-json\/wp\/v2\/tags?post=3574"}],"curies":[{"name":"wp","href":"https:\/\/api.w.org\/{rel}","templated":true}]}}