{"id":3582,"date":"2011-02-22T21:00:00","date_gmt":"2011-02-22T21:00:00","guid":{"rendered":"https:\/\/www.bfv.cloud\/ajedrezeuropa\/index.php\/2011\/02\/22\/nuestro-ajedrez-en-europa-de-alcazar-con-opciones-de-titulo-en-el-escolar-de-ciudad-real\/"},"modified":"2025-11-20T11:04:39","modified_gmt":"2025-11-20T11:04:39","slug":"nuestro-ajedrez-en-europa-de-alcazar-con-opciones-de-titulo-en-el-escolar-de-ciudad-real","status":"publish","type":"post","link":"https:\/\/www.bfv.cloud\/ajedrezeuropa\/nuestro-ajedrez-en-europa-de-alcazar-con-opciones-de-titulo-en-el-escolar-de-ciudad-real\/","title":{"rendered":"NUESTRO AJEDREZ EN EUROPA DE ALC\u00c1ZAR CON OPCIONES DE T\u00cdTULO EN EL ESCOLAR DE CIUDAD REAL"},"content":{"rendered":"<p>\ufeff \ufeff\ufeff\ufeff\ufeff\ufeff\ufeff <\/p>\n<table cellpadding=\"0\" cellspacing=\"0\" class=\"tr-caption-container\" style=\"margin-left: auto;margin-right: auto;text-align: center\">\n<tbody>\n<tr>\n<td style=\"text-align: center\"><a href=\"https:\/\/www.bfv.cloud\/ajedrezeuropa\/wp-content\/uploads\/2011\/02\/fotosprovincialciudadreal2011006.jpg\" style=\"clear: left;margin-bottom: 1em;margin-left: auto;margin-right: auto\"><img fetchpriority=\"high\" decoding=\"async\" border=\"0\" height=\"300\" src=\"https:\/\/blogger.googleusercontent.com\/img\/b\/R29vZ2xl\/AVvXsEiNZGSx67gado6k5p4JVxN4U7m9tDbyfm6dyv3tSnXRhsnoLPkO-4-MfWXWYt0CMALHTwMMp_Zq3f5Ho8thX9ZSFZj7UDXEfr2S4VcVLKdlLezDhMm22viTIVE4mmvviGXdRSeWl_dX9vI\/s400\/fotos+provincial+ciudad+real+2011+006.jpg\" width=\"400\" \/><\/a><\/td>\n<\/tr>\n<tr>\n<td class=\"tr-caption\" style=\"text-align: center\">Javier Valdepe\u00f1as, 7\u00ba clasificado con 5 puntos<\/td>\n<\/tr>\n<\/tbody>\n<\/table>\n<p>\ufeff\ufeff\ufeff\ufeff\ufeff\ufeff\ufeff \ufeff <\/p>\n<table cellpadding=\"0\" cellspacing=\"0\" class=\"tr-caption-container\" style=\"float: right;margin-left: 1em;text-align: right\">\n<tbody>\n<tr>\n<td style=\"text-align: center\"><a href=\"https:\/\/www.bfv.cloud\/ajedrezeuropa\/wp-content\/uploads\/2011\/02\/cA\u00b3simo2.jpg\" style=\"clear: right;margin-bottom: 1em;margin-left: auto;margin-right: auto\"><img decoding=\"async\" border=\"0\" height=\"300\" src=\"https:\/\/www.bfv.cloud\/ajedrezeuropa\/wp-content\/uploads\/2011\/02\/c25C325B3simo2.jpg\" width=\"400\" \/><\/a><\/td>\n<\/tr>\n<tr>\n<td class=\"tr-caption\" style=\"text-align: center\">Ronda 5: Nerea Infante-Cosimo de Giorgi, ganando las negras tras una <br \/>\nlarga e igualada partida. En la 6\u00aa partida se anot\u00f3 otra victoria con<br \/>\nlo que queda, provisionalmente, 3 \u00ba con 5,5 puntos<\/td>\n<\/tr>\n<\/tbody>\n<\/table>\n<p>\ufeff\ufeff\ufeff\ufeff\ufeff\ufeff <strong><span style=\", serif\">En plena&nbsp;avalancha de competiciones&nbsp;oficiales durante estos primeros meses del a\u00f1o,&nbsp;las&nbsp;iniciadas en enero y principios de febrero&nbsp;ya est\u00e1n finalizando o a punto de hacerlo. Dentro de este \u00faltimo caso se encuentra el Campeonato del Deporte en Edad Escolar de Ciudad Real que celebrar\u00e1 su \u00faltima jornada este domingo 27 de febrero. Las 2 rondas disputadas el pasado fin de semana han aclarado los grupos de candidatos para alzarse con los titulos de campe\u00f3n masculino y femenino en cada una de las categor\u00edas. Esta es la situaci\u00f3n actual:<\/span><\/strong><\/p>\n<div align=\"center\"><strong><em><u><span style=\"font-family: Georgia\">ESCOLAR INFANTIL<\/span><\/u><\/em><\/strong><\/p>\n<div align=\"left\"><strong><span style=\"font-family: Georgia\">Excelente jornada para Cosimo y para Javier que en sus 2 partidas respectivas consiguieron importantes victorias ante rivales m\u00e1s experimentados y de buen nivel ajedrec\u00edstico. Siempre y cuando no se produzcan bajas de \u00faltima hora, los emparejamientos de&nbsp;la 7\u00aa ronda ser\u00e1n:<\/span><\/strong><\/div>\n<div align=\"center\"><strong><span style=\"font-family: Georgia\">Esther Ru\u00edz de Le\u00f3n (5,5 puntos) &#8211; Cosimo de Giorgi (5,5 puntos)<\/span><\/strong><\/div>\n<div align=\"center\"><strong><span style=\"font-family: Georgia\">Nerea Infante (4,5 puntos) &#8211; Javier Valdepe\u00f1as (5 puntos)<\/span><\/strong><\/div>\n<div style=\"text-align: center\"><strong><span style=\"font-family: Georgia\">Nuestros 2 jugadores tienen serias posibilidades de quedar entre los 3 puestos&nbsp;que clasifican para la fase regional que se celebrar\u00e1 en Albacete del 27 al 31 de mayo.<\/span><\/strong><\/div>\n<div align=\"left\"><strong><span style=\"font-family: Georgia\">Adem\u00e1s, en la parte alcazare\u00f1a del proyecto Nuestro Ajedrez en Europa, contamos,&nbsp;en esta categor\u00eda del escolar ciudarreale\u00f1o,&nbsp;con la participaci\u00f3n de Samuel Ortiz, 3 puntos, Fernando Marcos-Alberca, 3 puntos, Alejandro de Bruguera, 1 punto, y Luis Molina, 1 punto. Las mejores 3 puntuaciones, de entre los jugadores de cada escuela o club, conforman la clasificaci\u00f3n por equipos en la que nos encontramos en la 3\u00aa plaza a 1 punto de Tomelloso y a 0,5 de Almagro. Por tanto, tambi\u00e9n por equipos estamos pugnando con los mejores.<\/span><\/strong><\/div>\n<div align=\"left\"><a href=\"http:\/\/chess-results.com\/tnr44035.aspx?art=1&amp;rd=6&amp;lan=2&amp;m=-1&amp;wi=1000\">Pincha aqu\u00ed para resultados y emparejamientos<\/a><\/div>\n<\/div>\n<div style=\"text-align: center\">\n<table align=\"center\" cellpadding=\"0\" cellspacing=\"0\" class=\"tr-caption-container\" style=\"margin-left: auto;margin-right: auto;text-align: center\">\n<tbody>\n<tr>\n<td style=\"text-align: center\"><a href=\"https:\/\/www.bfv.cloud\/ajedrezeuropa\/wp-content\/uploads\/2011\/02\/Alejandroenblancoynegre.jpg\" style=\"margin-left: auto;margin-right: auto\"><img decoding=\"async\" border=\"0\" height=\"240\" src=\"https:\/\/blogger.googleusercontent.com\/img\/b\/R29vZ2xl\/AVvXsEhNu3xt6VtOq5G-z82t5kdQdL9RINinEFiXLkMALOhyhHBl3SG-egyZSJJBVKQhMrqMYgHCPZQ1lELW17dtWwcznggLRpCa6tvuKznAsjlPnV4-oe5Pvr-auiIPROnLMhDfYkE6_SKShh8\/s320\/Alejandro+en+blanco+y+negre.jpg\" width=\"320\" \/><\/a><\/td>\n<\/tr>\n<tr>\n<td class=\"tr-caption\" style=\"text-align: center\">Alejandro de Bruguera se estrena en campeonatos oficiales<\/td>\n<\/tr>\n<\/tbody>\n<\/table>\n<\/div>\n<p><\/p>\n<div align=\"center\"><strong><em><u>ESCOLAR CADETE<\/u><\/em><\/strong><\/div>\n<div style=\"text-align: left\"><strong>La categor\u00eda de los mayores est\u00e1 a s\u00f3lo 1 ronda de su final. La mala 2\u00aa jornada de nuestros 3 jugadores nos dej\u00f3 sin opciones de conseguir un puesto para el regional. Por lo tanto, para Jos\u00e9 \u00c1ngel Vela, 2,5 puntos; Manuel Lorenzo Marcos-Alberca, 2 puntos; y Mario Rubio, con 1 s\u00f3lo punto ya que el pasado domingo no pudo asistir, la 6\u00aa y \u00faltima ronda se presenta sin la tensi\u00f3n del que se juega su clasificaci\u00f3n, aunque es seguro que la motivaci\u00f3n de mejorar y aprender la mantendr\u00e1n presente hasta su movimiento final.<\/strong><\/div>\n<div style=\"text-align: left\"><a href=\"http:\/\/chess-results.com\/tnr44030.aspx?art=1&amp;rd=5&amp;lan=2&amp;m=-1&amp;wi=1000\">Pincha aqu\u00ed para resultados y emparejamientos del cadete<\/a><\/div>\n<div style=\"text-align: left\">\n<\/div>\n<div style=\"text-align: left\"><strong><em><span style=\", serif\">Habr\u00e1 que estar muy pendiente de lo que pueda suceder el domingo en Carri\u00f3n de Calatrava, para saber los chicos de Alc\u00e1zar que acompa\u00f1ar\u00e1n a los 3 jugadores de Villafranca clasificados en el cadete y a la chica clasificada en el infantil por la provincia de Toledo.<\/span><\/em><\/strong><\/div>\n<div style=\"text-align: left\">\n<\/div>\n<div style=\"text-align: left\"><strong><em><span style=\"font-family: Georgia\">En esta aut\u00e9ntica vor\u00e1gine de tableros y piezas, tambi\u00e9n el pr\u00f3ximo domingo 27 de febrero se celebrar\u00e1 la 2\u00aa jornada del Campeonato Absoluto por Equipos de Toledo, donde estamos representados con 4&nbsp; j\u00f3venes equipos. Os remitimos al siguiente enlace para que teng\u00e1is informaci\u00f3n puntual de lo que pasa:<\/span><\/em><\/strong><\/div>\n<div style=\"text-align: left\"><a href=\"http:\/\/chess-results.com\/tnr44451.aspx?lan=2\">Pincha aqu\u00ed para el Campeonato por Equipos de Toledo<\/a><\/p>\n<p><\/p>\n<div align=\"center\"><em><u>Comentario final<\/u><\/em>\ufeff<\/div>\n<p>\nLlegado el momento del cierre de los escolares en Ciudad Real y Toledo por esta temporada, queremos enviar un saludo afectuoso y una felicitaci\u00f3n sincera&nbsp;a todos los chicos y chicas que han participado en estos campeonatos. En las actuales circunstancias socio-econ\u00f3micas todos debemos apoyar la permanencia de las escuelas municipales de ajedrez, ya que es el medio m\u00e1s efectivo&nbsp;para una existencia sostenida de nuestro singular deporte. El esfuerzo de padres y monitores es esencial en este aspecto. Debemos ser conscientes de que&nbsp;un mayor n\u00famero de escuelas ofrece mayores posibilidades de crecimiento y de difusi\u00f3n del ajedrez. De nada sirve organizar torneos en pueblos donde ni siquiera existe un aficionado con ganas de ense\u00f1ar lo que sabe a los m\u00e1s peque\u00f1os. Ahora, m\u00e1s que nunca, resulta imprescindible dise\u00f1ar un proyecto de viabilidad para&nbsp;la ense\u00f1anza met\u00f3dica y estructurada de este legendario juego de estrategia y t\u00e1ctica. Si finalmente nos vemos reducidos a 4 o 5 escuelas por provincia, por muy grande y&nbsp;numerosa que alguna de ellas sea, nos habremos colocado en el borde mismo del precipicio y terminar\u00edamos cayendo al vac\u00edo. Es&nbsp;una importante misi\u00f3n evitar que esto suceda. Est\u00e1 en el c\u00f3digo gen\u00e9tico de la humanidad, y tambi\u00e9n de los animales,&nbsp;la lucha por la supervivencia de la especie, hagamos de esta lucha un objetivo com\u00fan. Queremos aplaudir la idea de luchar abiertamente por la victoria, siempre que sea de una manera leg\u00edtima y deportiva, nada de cartas marcadas, ni de golpes bajos. Tenemos la confianza de que muy pronto una nueva era nacer\u00e1 para el ajedrez alejada de revanchismos y gerontocracias.<\/div>\n","protected":false},"excerpt":{"rendered":"<p>\ufeff \ufeff\ufeff\ufeff\ufeff\ufeff\ufeff Javier Valdepe\u00f1as, 7\u00ba clasificado con 5 puntos \ufeff\ufeff\ufeff\ufeff\ufeff\ufeff\ufeff \ufeff Ronda 5: Nerea Infante-Cosimo de Giorgi, ganando las negras tras una larga e igualada partida. En la 6\u00aa partida se anot\u00f3 otra victoria con lo que queda, provisionalmente, 3 \u00ba con 5,5 puntos \ufeff\ufeff\ufeff\ufeff\ufeff\ufeff En plena&nbsp;avalancha de competiciones&nbsp;oficiales durante estos primeros meses del a\u00f1o,&nbsp;las&nbsp;iniciadas [&hellip;]<\/p>\n","protected":false},"author":1,"featured_media":3583,"comment_status":"open","ping_status":"closed","sticky":false,"template":"","format":"standard","meta":{"footnotes":""},"categories":[1],"tags":[],"class_list":["post-3582","post","type-post","status-publish","format-standard","has-post-thumbnail","hentry","category-noticias"],"_links":{"self":[{"href":"https:\/\/www.bfv.cloud\/ajedrezeuropa\/wp-json\/wp\/v2\/posts\/3582","targetHints":{"allow":["GET"]}}],"collection":[{"href":"https:\/\/www.bfv.cloud\/ajedrezeuropa\/wp-json\/wp\/v2\/posts"}],"about":[{"href":"https:\/\/www.bfv.cloud\/ajedrezeuropa\/wp-json\/wp\/v2\/types\/post"}],"author":[{"embeddable":true,"href":"https:\/\/www.bfv.cloud\/ajedrezeuropa\/wp-json\/wp\/v2\/users\/1"}],"replies":[{"embeddable":true,"href":"https:\/\/www.bfv.cloud\/ajedrezeuropa\/wp-json\/wp\/v2\/comments?post=3582"}],"version-history":[{"count":1,"href":"https:\/\/www.bfv.cloud\/ajedrezeuropa\/wp-json\/wp\/v2\/posts\/3582\/revisions"}],"predecessor-version":[{"id":3587,"href":"https:\/\/www.bfv.cloud\/ajedrezeuropa\/wp-json\/wp\/v2\/posts\/3582\/revisions\/3587"}],"wp:featuredmedia":[{"embeddable":true,"href":"https:\/\/www.bfv.cloud\/ajedrezeuropa\/wp-json\/wp\/v2\/media\/3583"}],"wp:attachment":[{"href":"https:\/\/www.bfv.cloud\/ajedrezeuropa\/wp-json\/wp\/v2\/media?parent=3582"}],"wp:term":[{"taxonomy":"category","embeddable":true,"href":"https:\/\/www.bfv.cloud\/ajedrezeuropa\/wp-json\/wp\/v2\/categories?post=3582"},{"taxonomy":"post_tag","embeddable":true,"href":"https:\/\/www.bfv.cloud\/ajedrezeuropa\/wp-json\/wp\/v2\/tags?post=3582"}],"curies":[{"name":"wp","href":"https:\/\/api.w.org\/{rel}","templated":true}]}}