{"id":3588,"date":"2018-06-06T17:11:00","date_gmt":"2018-06-06T17:11:00","guid":{"rendered":"https:\/\/www.bfv.cloud\/ajedrezeuropa\/index.php\/2018\/06\/06\/encuentro-interescuelas-nuestro-ajedrez-en-europa\/"},"modified":"2025-11-20T11:04:41","modified_gmt":"2025-11-20T11:04:41","slug":"encuentro-interescuelas-nuestro-ajedrez-en-europa","status":"publish","type":"post","link":"https:\/\/www.bfv.cloud\/ajedrezeuropa\/encuentro-interescuelas-nuestro-ajedrez-en-europa\/","title":{"rendered":"ENCUENTRO INTERESCUELAS NUESTRO AJEDREZ EN EUROPA"},"content":{"rendered":"<div class=\"separator\" style=\"clear: both;text-align: center\">\n<a href=\"https:\/\/www.bfv.cloud\/ajedrezeuropa\/wp-content\/uploads\/2018\/06\/CARTELENCUENTROINTERESCUELAS2018.jpg\" style=\"clear: left;float: left;margin-bottom: 1em;margin-right: 1em\"><img fetchpriority=\"high\" decoding=\"async\" border=\"0\" data-original-height=\"1600\" data-original-width=\"1136\" height=\"640\" src=\"https:\/\/blogger.googleusercontent.com\/img\/b\/R29vZ2xl\/AVvXsEgtg8q_vN15CZh3EFnr0RkrnOOfmOFygPZINSLWPAG3BS1engccOq7u39g_z75oFlsOVATaDiPX77upLxhesbXBIoh6pRwdz2iYVtxDqQUUXQYTmkfkXr5bzes-mMyZ8cCOorY3DH7HzT0\/s640\/CARTEL+ENCUENTRO+INTERESCUELAS+2018.jpg\" width=\"450\" \/><\/a><\/div>\n<p><span style=\", serif;font-size: large\"><b>El s\u00e1bado 16 de junio, de 16,30 a 20 horas, tendr\u00e1 lugar en la casa de la cultura de Villafranca de los Caballeros una nueva actividad donde se dar\u00e1n cita l@s chic@s de 6 escuelas de ajedrez de las provincias de Toledo y Ciudad Real. Esta media docena de escuelas est\u00e1n unidas por el v\u00ednculo del proyecto Nuestro Ajedrez en Europa y corresponden a las localidades de: Alc\u00e1zar de San Juan, Herencia, La Puebla de Almoradiel, Quintanar de la Orden, Villaca\u00f1as y Villafranca de los Caballeros.<\/b><\/span><br \/>\n<span style=\", serif;font-size: large\"><b>Tambi\u00e9n est\u00e1n invitados a participar aficionad@s ajedrecistas de cualquiera de estas poblaciones.<\/b><\/span><br \/>\n<span style=\", serif;font-size: large\"><b>Esperamos que jugadores y acompa\u00f1antes disfruten de una divertida tarde de ajedrez.<\/b><\/span><\/p>\n","protected":false},"excerpt":{"rendered":"<p>El s\u00e1bado 16 de junio, de 16,30 a 20 horas, tendr\u00e1 lugar en la casa de la cultura de Villafranca de los Caballeros una nueva actividad donde se dar\u00e1n cita l@s chic@s de 6 escuelas de ajedrez de las provincias de Toledo y Ciudad Real. Esta media docena de escuelas est\u00e1n unidas por el v\u00ednculo [&hellip;]<\/p>\n","protected":false},"author":1,"featured_media":3589,"comment_status":"open","ping_status":"closed","sticky":false,"template":"","format":"standard","meta":{"footnotes":""},"categories":[1],"tags":[],"class_list":["post-3588","post","type-post","status-publish","format-standard","has-post-thumbnail","hentry","category-noticias"],"_links":{"self":[{"href":"https:\/\/www.bfv.cloud\/ajedrezeuropa\/wp-json\/wp\/v2\/posts\/3588","targetHints":{"allow":["GET"]}}],"collection":[{"href":"https:\/\/www.bfv.cloud\/ajedrezeuropa\/wp-json\/wp\/v2\/posts"}],"about":[{"href":"https:\/\/www.bfv.cloud\/ajedrezeuropa\/wp-json\/wp\/v2\/types\/post"}],"author":[{"embeddable":true,"href":"https:\/\/www.bfv.cloud\/ajedrezeuropa\/wp-json\/wp\/v2\/users\/1"}],"replies":[{"embeddable":true,"href":"https:\/\/www.bfv.cloud\/ajedrezeuropa\/wp-json\/wp\/v2\/comments?post=3588"}],"version-history":[{"count":1,"href":"https:\/\/www.bfv.cloud\/ajedrezeuropa\/wp-json\/wp\/v2\/posts\/3588\/revisions"}],"predecessor-version":[{"id":3590,"href":"https:\/\/www.bfv.cloud\/ajedrezeuropa\/wp-json\/wp\/v2\/posts\/3588\/revisions\/3590"}],"wp:featuredmedia":[{"embeddable":true,"href":"https:\/\/www.bfv.cloud\/ajedrezeuropa\/wp-json\/wp\/v2\/media\/3589"}],"wp:attachment":[{"href":"https:\/\/www.bfv.cloud\/ajedrezeuropa\/wp-json\/wp\/v2\/media?parent=3588"}],"wp:term":[{"taxonomy":"category","embeddable":true,"href":"https:\/\/www.bfv.cloud\/ajedrezeuropa\/wp-json\/wp\/v2\/categories?post=3588"},{"taxonomy":"post_tag","embeddable":true,"href":"https:\/\/www.bfv.cloud\/ajedrezeuropa\/wp-json\/wp\/v2\/tags?post=3588"}],"curies":[{"name":"wp","href":"https:\/\/api.w.org\/{rel}","templated":true}]}}