{"id":359,"date":"2011-11-30T18:22:00","date_gmt":"2011-11-30T18:22:00","guid":{"rendered":"https:\/\/www.bfv.cloud\/ajedrezeuropa\/index.php\/2011\/11\/30\/un-diciembre-muy-completo\/"},"modified":"2025-11-20T10:16:37","modified_gmt":"2025-11-20T10:16:37","slug":"un-diciembre-muy-completo","status":"publish","type":"post","link":"https:\/\/www.bfv.cloud\/ajedrezeuropa\/un-diciembre-muy-completo\/","title":{"rendered":"UN DICIEMBRE MUY COMPLETO"},"content":{"rendered":"<p><strong><span style=\", serif\">El calendario que se nos presenta para este mes de diciembre est\u00e1 lleno de citas importantes para nuestro proyecto. Desde el punto de vista competitivo:<\/span><\/strong><\/p>\n<div style=\"text-align: center\">\n<\/div>\n<div style=\"text-align: center\"><strong><span style=\"background-color: lime;, serif\"><u>IV CAMPEONATO DE ESPA\u00d1A POR&nbsp;EQUIPOS SUB-16<\/u><\/span><\/strong><\/div>\n<div style=\"text-align: center\"><strong><span style=\"background-color: lime;font-family: Georgia\">Del 7 al 11 de diciembre en el Hotel Bali de Benidorm, contar\u00e1 con la presencia de nuestros 2 clubes, integrando 8 chicos y 2 chicas las 2 formaciones.<\/span><\/strong><\/div>\n<div style=\"text-align: center\">\n<strong><u><span style=\"color: #6aa84f\">VII TORNEO INTERNACIONAL NUEVAS GENERACIONES SUB-16<\/span><\/u><\/strong><br \/>\n<strong><span style=\"color: #6aa84f\">Coincidiendo con el Campeonato de Espa\u00f1a por Equipos se celebrar\u00e1 este importante torneo organizado por el Hotel Bali, contando con la participaci\u00f3n de nuestro jugador<\/span><\/strong><br \/>\n<strong><span style=\"color: #6aa84f\">Carlos \u00c1lvarez Serrano.<\/span><\/strong><\/div>\n<div style=\"text-align: center\"><strong><u><span style=\"font-family: Georgia\">VI&nbsp;CERRADO FERGOS<\/span><\/u><\/strong><\/div>\n<div style=\"text-align: center\"><strong><span style=\"font-family: Georgia\">Los d\u00edas 3, 4, 8, 10 y 11 se celebrar\u00e1 en Tomelloso la sexta edici\u00f3n de este torneo con la participaci\u00f3n del jugador de nuestra escuela de Alc\u00e1zar <\/span><\/strong><\/div>\n<div style=\"text-align: center\"><strong><span style=\"font-family: Georgia\">Javier Valdepe\u00f1as Octavio.<\/span><\/strong><\/div>\n<div style=\"text-align: center\">\n<\/div>\n<div style=\"text-align: left\"><strong><span style=\"font-family: Georgia\">En lo que se refiere a preparaci\u00f3n y entrenamientos, este es el calendario:<\/span><\/strong><\/div>\n<div style=\"text-align: left\">\n<\/div>\n<div style=\"text-align: center\"><strong><u><span style=\"font-family: Georgia\">S\u00e1bado d\u00eda 3: <\/span><\/u><\/strong><\/div>\n<div style=\"text-align: center\"><strong><span style=\"font-family: Georgia\">&#8211; <u>Clases en Alc\u00e1zar y Villafranca en los horarios habituales<\/u><\/span><\/strong>\ufeff.<\/div>\n<div style=\"text-align: center\"><strong><span style=\", serif\">&#8211;&nbsp;<u>En Villafranca, a partir de las 6 de la tarde, concentraci\u00f3n de los jugadores de los 2 equipos que nos representar\u00e1n en el Campeonato de Espa\u00f1a.<\/u><\/span><\/strong><\/div>\n<div style=\"text-align: center\">\n<\/div>\n<div style=\"text-align: center\"><strong><u><span style=\"font-family: Georgia\">S\u00e1bado d\u00eda 17:<\/span><\/u><\/strong><\/div>\n<div style=\"text-align: center\"><strong><span style=\"font-family: Georgia\">&#8211; <u>Clases en Alc\u00e1zar y Villafranca en los horarios habituales.<\/u><\/span><\/strong><\/div>\n<div style=\"text-align: center\">\n<\/div>\n<div style=\"text-align: center\"><strong><u><span style=\"background-color: lime;font-family: Georgia\">IV CONCENTRACI\u00d3N DE NAVIDAD NUESTRO AJEDREZ EN EUROPA<\/span><\/u><\/strong><\/div>\n<div style=\"text-align: center\"><strong><u><span style=\"background-color: lime;font-family: Georgia\">Los d\u00edas 26, 27 y 28 en la Casa de la Cultura de Villafranca;<\/span><\/u><\/strong><\/div>\n<div style=\"text-align: center\"><strong><u><span style=\"background-color: lime;font-family: Georgia\">Horarios de ma\u00f1ana y tarde.<\/span><\/u><\/strong><\/div>\n<div style=\"text-align: center\"><strong><u><span style=\"background-color: lime;font-family: Georgia\">5 grupos formativos: 1 de tecnificaci\u00f3n, 2 de perfeccionamiento, <\/span><\/u><\/strong><\/div>\n<div style=\"text-align: center\"><strong><u><span style=\"background-color: lime;font-family: Georgia\">1 de avanzado y 1 de iniciaci\u00f3n.<\/span><\/u><\/strong><\/div>\n<div style=\"text-align: center\">\n<\/div>\n<div style=\"text-align: center\"><strong><u><span style=\"font-family: Georgia\">Los s\u00e1bados 10, 24 y 31 de diciembre no habr\u00e1 clases debido a las competiciones y a las fiestas de Navidad.<\/span><\/u><\/strong><\/div>\n<div style=\"text-align: center\">\n<\/div>\n<div style=\"text-align: left\"><strong><span style=\"color: #38761d;font-family: Georgia\">En el aspecto organizativo tambi\u00e9n este mes ser\u00e1 muy importante, de hecho el pr\u00f3ximo lunes d\u00eda 5, la direcci\u00f3n&nbsp;del proyecto \u00abNuestro Ajedrez en Europa\u00bb,&nbsp;presentar\u00e1 ante los alcaldes de Alc\u00e1zar de San Juan y Villafranca de los Caballeros, Diego Ortega y Andr\u00e9s Beldad, y ante los&nbsp;respectivos concejales de deportes, Manuel de la Gu\u00eda y Juan Jos\u00e9 Marchante, el plan de actuaciones para el periodo 2012\/2015 donde se incluyen nuevas actividades y algunos ambiciosos programas de inserci\u00f3n y diversificaci\u00f3n del ajedrez en la sociedad.<\/span><\/strong><\/p>\n<p><strong><span style=\"color: blue;font-family: Georgia\">Adem\u00e1s, el pr\u00f3ximo viernes d\u00eda 9, Manchacentro TV emitir\u00e1 dentro del programa&nbsp;deportivo \u00abPista a Pista\u00bb el reportaje sobre nuestra escuela de Alc\u00e1zar grabado el pasado s\u00e1bado, con entrevistas al Teniente de Alcalde y Presidente del IMD Manuel de la Gu\u00eda, a distintos alumnos y alumnas de la escuela, a una madre, etc.<\/span><\/strong><\/div>\n","protected":false},"excerpt":{"rendered":"<p>El calendario que se nos presenta para este mes de diciembre est\u00e1 lleno de citas importantes para nuestro proyecto. Desde el punto de vista competitivo: IV CAMPEONATO DE ESPA\u00d1A POR&nbsp;EQUIPOS SUB-16 Del 7 al 11 de diciembre en el Hotel Bali de Benidorm, contar\u00e1 con la presencia de nuestros 2 clubes, integrando 8 chicos y [&hellip;]<\/p>\n","protected":false},"author":1,"featured_media":0,"comment_status":"open","ping_status":"closed","sticky":false,"template":"","format":"standard","meta":{"footnotes":""},"categories":[1],"tags":[],"class_list":["post-359","post","type-post","status-publish","format-standard","hentry","category-noticias"],"_links":{"self":[{"href":"https:\/\/www.bfv.cloud\/ajedrezeuropa\/wp-json\/wp\/v2\/posts\/359","targetHints":{"allow":["GET"]}}],"collection":[{"href":"https:\/\/www.bfv.cloud\/ajedrezeuropa\/wp-json\/wp\/v2\/posts"}],"about":[{"href":"https:\/\/www.bfv.cloud\/ajedrezeuropa\/wp-json\/wp\/v2\/types\/post"}],"author":[{"embeddable":true,"href":"https:\/\/www.bfv.cloud\/ajedrezeuropa\/wp-json\/wp\/v2\/users\/1"}],"replies":[{"embeddable":true,"href":"https:\/\/www.bfv.cloud\/ajedrezeuropa\/wp-json\/wp\/v2\/comments?post=359"}],"version-history":[{"count":1,"href":"https:\/\/www.bfv.cloud\/ajedrezeuropa\/wp-json\/wp\/v2\/posts\/359\/revisions"}],"predecessor-version":[{"id":360,"href":"https:\/\/www.bfv.cloud\/ajedrezeuropa\/wp-json\/wp\/v2\/posts\/359\/revisions\/360"}],"wp:attachment":[{"href":"https:\/\/www.bfv.cloud\/ajedrezeuropa\/wp-json\/wp\/v2\/media?parent=359"}],"wp:term":[{"taxonomy":"category","embeddable":true,"href":"https:\/\/www.bfv.cloud\/ajedrezeuropa\/wp-json\/wp\/v2\/categories?post=359"},{"taxonomy":"post_tag","embeddable":true,"href":"https:\/\/www.bfv.cloud\/ajedrezeuropa\/wp-json\/wp\/v2\/tags?post=359"}],"curies":[{"name":"wp","href":"https:\/\/api.w.org\/{rel}","templated":true}]}}