{"id":3591,"date":"2018-03-17T16:47:00","date_gmt":"2018-03-17T16:47:00","guid":{"rendered":"https:\/\/www.bfv.cloud\/ajedrezeuropa\/index.php\/2018\/03\/17\/el-campeonato-regional-por-edades-contara-con-19-ajedrecistas-de-nuestras-escuelas\/"},"modified":"2025-11-20T11:04:43","modified_gmt":"2025-11-20T11:04:43","slug":"el-campeonato-regional-por-edades-contara-con-19-ajedrecistas-de-nuestras-escuelas","status":"publish","type":"post","link":"https:\/\/www.bfv.cloud\/ajedrezeuropa\/el-campeonato-regional-por-edades-contara-con-19-ajedrecistas-de-nuestras-escuelas\/","title":{"rendered":"EL CAMPEONATO REGIONAL POR EDADES CONTAR\u00c1 CON 19 AJEDRECISTAS DE NUESTRAS ESCUELAS"},"content":{"rendered":"<div class=\"separator\" style=\"clear: both;text-align: center\">\n<a href=\"https:\/\/www.bfv.cloud\/ajedrezeuropa\/wp-content\/uploads\/2018\/03\/CartelRegionalporedades2018-1.jpg\" style=\"clear: right;float: right;margin-bottom: 1em;margin-left: 1em\"><img fetchpriority=\"high\" decoding=\"async\" border=\"0\" data-original-height=\"1600\" data-original-width=\"1148\" height=\"400\" src=\"https:\/\/blogger.googleusercontent.com\/img\/b\/R29vZ2xl\/AVvXsEjMU4ZmfYT3DwjKdeYAb1bYGGS0YXWkiiJoWwHp2m48p3Kqdxrlp2l2ThEaxbJNCbjuBTJY8fKdt2IGL2Jcy-jktxjpaYSRaODJctlrA70fKqsJWwYpP8yn5LhA9uDDpP47EmkYLd5_ygw\/s400\/Cartel+Regional+por+edades+2018.jpg\" width=\"283\" \/><\/a><\/div>\n<p><span style=\", serif;font-size: large\"><b>Del 23 al 26 de marzo se disputar\u00e1 en Albacete el Campeonato Regional por Edades de la temporada 2018. La participaci\u00f3n del proyecto \u00abNuestro Ajedrez en Europa\u00bb vuelve a ser muy numerosa con 19 chicos y chicas de las escuelas de Alc\u00e1zar de San Juan y Villafranca de los Caballeros entre las distintas categor\u00edas. En el sub-18, sub-16 y sub-14, habr\u00e1 representaci\u00f3n masculina y femenina, mientras que en el sub-12 y el sub-10&nbsp; competir\u00e1n 5 chicos. Se espera una participaci\u00f3n que rondar\u00e1 los 200 jugadores, aunque a falta de menos de una semana ascienden a 153 las inscripciones realizadas.<\/b><\/span><br \/>\n<span style=\", serif;font-size: large\"><b>La delegaci\u00f3n de ajedrecistas de los clubes Nuestro Ajedrez en Europa y Nuestro Ajedrez por la Igualdad contar\u00e1 con la preparaci\u00f3n de los monitores nacionales Isaac Lozano Osorio y Silvia Toribio Camu\u00f1as.<\/b><\/span><br \/>\n<span style=\"font-family: georgia, times new roman, serif;font-size: large\"><b>Estos son los 13 chicos y las 6 chicas que disputar\u00e1n este campeonato distribuidos por categor\u00edas:<\/b><\/span><\/p>\n<div style=\"text-align: center\">\n<span style=\"font-family: georgia, times new roman, serif;font-size: large\"><b><i><u>Sub-18<\/u><\/i><\/b><\/span><\/div>\n<div style=\"text-align: center\">\n<span style=\"font-family: georgia, times new roman, serif;font-size: large\"><b><i>Roberto L\u00f3pez N\u00fa\u00f1ez<\/i><\/b><\/span><\/div>\n<div style=\"text-align: center\">\n<span style=\"color: blue;font-family: georgia, times new roman, serif;font-size: large\"><b><i>Irene Sim\u00f3n Escalona<\/i><\/b><\/span><\/div>\n<div style=\"text-align: center\">\n<span style=\"font-family: georgia, times new roman, serif;font-size: large\"><b><i><u>Sub-16<\/u><\/i><\/b><\/span><\/div>\n<div style=\"text-align: center\">\n<span style=\"font-family: georgia, times new roman, serif;font-size: large\"><b><i>Alfredo Amador And\u00fajar<\/i><\/b><\/span><\/div>\n<div style=\"text-align: center\">\n<span style=\"font-family: georgia, times new roman, serif;font-size: large\"><b><i>Arturo Mate Mart\u00edn<\/i><\/b><\/span><\/div>\n<div style=\"text-align: center\">\n<span style=\"font-family: georgia, times new roman, serif;font-size: large\"><b><i>Arsenio L\u00f3pez Ochoa<\/i><\/b><\/span><\/div>\n<div style=\"text-align: center\">\n<span style=\"color: blue;font-family: georgia, times new roman, serif;font-size: large\"><b><i>Isabel Marcos-Alberca Lizcano<\/i><\/b><\/span><\/div>\n<div style=\"text-align: center\">\n<span style=\"font-family: georgia, times new roman, serif;font-size: large\"><b><i>Pablo Vela Adri\u00e1n<\/i><\/b><\/span><\/div>\n<div style=\"text-align: center\">\n<span style=\"color: blue;font-family: georgia, times new roman, serif;font-size: large\"><b><i>Clara Vela Adri\u00e1n<\/i><\/b><\/span><\/div>\n<div style=\"text-align: center\">\n<span style=\"color: blue;font-family: georgia, times new roman, serif;font-size: large\"><b><i>Mar\u00eda Oliver Ropero<\/i><\/b><\/span><\/div>\n<div style=\"text-align: center\">\n<span style=\"font-family: georgia, times new roman, serif;font-size: large\"><b><i><u>Sub-14<\/u><\/i><\/b><\/span><\/div>\n<div style=\"text-align: center\">\n<span style=\"font-family: georgia, times new roman, serif;font-size: large\"><b><i>Roberto Yeghiazaryan Petrosyan<\/i><\/b><\/span><\/div>\n<div style=\"text-align: center\">\n<span style=\"font-family: georgia, times new roman, serif;font-size: large\"><b><i>Daniel Climent Castillo<\/i><\/b><\/span><\/div>\n<div style=\"text-align: center\">\n<span style=\"font-family: georgia, times new roman, serif;font-size: large\"><b><i>Adri\u00e1n Alhambra Rubio<\/i><\/b><\/span><\/div>\n<div style=\"text-align: center\">\n<span style=\"color: blue;font-family: georgia, times new roman, serif;font-size: large\"><b><i>Marta Vela Adri\u00e1n<\/i><\/b><\/span><\/div>\n<div style=\"text-align: center\">\n<span style=\"color: blue;font-family: georgia, times new roman, serif;font-size: large\"><b><i>Aurora Corrales Carri\u00f3n<\/i><\/b><\/span><\/div>\n<div style=\"text-align: center\">\n<span style=\"font-family: georgia, times new roman, serif;font-size: large\"><b><i><u>Sub-12<\/u><\/i><\/b><\/span><\/div>\n<div style=\"text-align: center\">\n<span style=\"font-family: georgia, times new roman, serif;font-size: large\"><b><i>Alonso L\u00f3pez N\u00fa\u00f1ez<\/i><\/b><\/span><\/div>\n<div style=\"text-align: center\">\n<span style=\"font-family: georgia, times new roman, serif;font-size: large\"><b><i>Carlos P\u00e9rez Manzanedo<\/i><\/b><\/span><\/div>\n<div style=\"text-align: center\">\n<span style=\"font-family: georgia, times new roman, serif;font-size: large\"><b><i>Gabriel Amador And\u00fajar<\/i><\/b><\/span><\/div>\n<div style=\"text-align: center\">\n<span style=\"font-family: georgia, times new roman, serif;font-size: large\"><b><i>\u00c1ngel Collado Alcolado<\/i><\/b><\/span><\/div>\n<div style=\"text-align: center\">\n<span style=\"font-family: georgia, times new roman, serif;font-size: large\"><b><i><u>Sub-10<\/u><\/i><\/b><\/span><\/div>\n<div style=\"text-align: center\">\n<span style=\"font-family: georgia, times new roman, serif;font-size: large\"><b><i>\u00c1ngel Javier Pozos Marchante<\/i><\/b><\/span><\/div>\n","protected":false},"excerpt":{"rendered":"<p>Del 23 al 26 de marzo se disputar\u00e1 en Albacete el Campeonato Regional por Edades de la temporada 2018. La participaci\u00f3n del proyecto \u00abNuestro Ajedrez en Europa\u00bb vuelve a ser muy numerosa con 19 chicos y chicas de las escuelas de Alc\u00e1zar de San Juan y Villafranca de los Caballeros entre las distintas categor\u00edas. En [&hellip;]<\/p>\n","protected":false},"author":1,"featured_media":3592,"comment_status":"open","ping_status":"closed","sticky":false,"template":"","format":"standard","meta":{"footnotes":""},"categories":[1],"tags":[],"class_list":["post-3591","post","type-post","status-publish","format-standard","has-post-thumbnail","hentry","category-noticias"],"_links":{"self":[{"href":"https:\/\/www.bfv.cloud\/ajedrezeuropa\/wp-json\/wp\/v2\/posts\/3591","targetHints":{"allow":["GET"]}}],"collection":[{"href":"https:\/\/www.bfv.cloud\/ajedrezeuropa\/wp-json\/wp\/v2\/posts"}],"about":[{"href":"https:\/\/www.bfv.cloud\/ajedrezeuropa\/wp-json\/wp\/v2\/types\/post"}],"author":[{"embeddable":true,"href":"https:\/\/www.bfv.cloud\/ajedrezeuropa\/wp-json\/wp\/v2\/users\/1"}],"replies":[{"embeddable":true,"href":"https:\/\/www.bfv.cloud\/ajedrezeuropa\/wp-json\/wp\/v2\/comments?post=3591"}],"version-history":[{"count":1,"href":"https:\/\/www.bfv.cloud\/ajedrezeuropa\/wp-json\/wp\/v2\/posts\/3591\/revisions"}],"predecessor-version":[{"id":3593,"href":"https:\/\/www.bfv.cloud\/ajedrezeuropa\/wp-json\/wp\/v2\/posts\/3591\/revisions\/3593"}],"wp:featuredmedia":[{"embeddable":true,"href":"https:\/\/www.bfv.cloud\/ajedrezeuropa\/wp-json\/wp\/v2\/media\/3592"}],"wp:attachment":[{"href":"https:\/\/www.bfv.cloud\/ajedrezeuropa\/wp-json\/wp\/v2\/media?parent=3591"}],"wp:term":[{"taxonomy":"category","embeddable":true,"href":"https:\/\/www.bfv.cloud\/ajedrezeuropa\/wp-json\/wp\/v2\/categories?post=3591"},{"taxonomy":"post_tag","embeddable":true,"href":"https:\/\/www.bfv.cloud\/ajedrezeuropa\/wp-json\/wp\/v2\/tags?post=3591"}],"curies":[{"name":"wp","href":"https:\/\/api.w.org\/{rel}","templated":true}]}}