{"id":3594,"date":"2017-01-17T18:08:00","date_gmt":"2017-01-17T18:08:00","guid":{"rendered":"https:\/\/www.bfv.cloud\/ajedrezeuropa\/index.php\/2017\/01\/17\/nuestro-proyecto-educativo-llega-a-illescas\/"},"modified":"2025-11-20T11:04:51","modified_gmt":"2025-11-20T11:04:51","slug":"nuestro-proyecto-educativo-llega-a-illescas","status":"publish","type":"post","link":"https:\/\/www.bfv.cloud\/ajedrezeuropa\/nuestro-proyecto-educativo-llega-a-illescas\/","title":{"rendered":"NUESTRO PROYECTO EDUCATIVO LLEGA A ILLESCAS"},"content":{"rendered":"<div class=\"separator\" style=\"clear: both;text-align: center\">\n<a href=\"https:\/\/www.bfv.cloud\/ajedrezeuropa\/wp-content\/uploads\/2017\/01\/Sintitulo-1.jpeg\" style=\"clear: right;float: right;margin-bottom: 1em;margin-left: 1em\"><img fetchpriority=\"high\" decoding=\"async\" border=\"0\" height=\"256\" src=\"https:\/\/blogger.googleusercontent.com\/img\/b\/R29vZ2xl\/AVvXsEjCob9I5YXB1tV35dH6ek9emYW4MfwowIRISvi7hYeAsfu8aI-jDLCr5Ck97LwD3n5a-eS3jpg0rJ-wZLIvbxkbUzmo06MirEaKLz0UdmlvAh5vRMI1XEwdLjhxt-yM3clz2VyH41uO-fQ\/s320\/Sin+titulo-1.jpeg\" width=\"320\" \/><\/a><\/div>\n<p><a href=\"https:\/\/www.bfv.cloud\/ajedrezeuropa\/wp-content\/uploads\/2017\/01\/LOGOCLUBCONNOMBRE.jpg\" style=\"clear: left;float: left;margin-bottom: 1em;margin-right: 1em\"><img decoding=\"async\" border=\"0\" height=\"150\" src=\"https:\/\/blogger.googleusercontent.com\/img\/b\/R29vZ2xl\/AVvXsEhFzlbLosMQEFycpO_RLpOqaygAu7clOjReqR0hefnT-mtAvpd8B5Jj-2dRMjR4UbQlO2_XSaVO4X6osbI_LtREjm89QevRkJVR22v1ZBzFZQt9ftRzq1z63dB17GudH5r4s-03BtShyphenhyphenpI\/s200\/LOGO+CLUB+CON+NOMBRE.jpg\" width=\"200\" \/><\/a><\/p>\n<table class=\"contentpaneopen\" style=\"background-color: white;color: #333333;font-family: sans-serif, Tahoma, Arial, Verdana;font-size: 11px;padding: 0px 2px;width: 680px\">\n<tbody>\n<tr style=\"line-height: normal;margin: 0px;padding: 0px\">\n<td class=\"contentheading\" style=\"color: #005cb9;line-height: normal;margin: 0px;padding: 0px 0px 3px\" width=\"100%\"><span style=\", sans-serif;font-size: large\">A continuaci\u00f3n publicamos la nota de prensa <br \/>elaborada por el ayuntamiento de la ciudad de Illescas para informar de la puesta en marcha de un nuevo y ambicioso proyecto educativo, con el ajedrez como protagonista, en 3 centros p\u00fablicos de ense\u00f1anza primaria de esta localidad toledana. El proyecto, en el que venimos trabajando durante los \u00faltimos meses, es un reto muy importante para todos, comunidad educativa y Nuestro Ajedrez en Europa, y supone la mayor apuesta que se realiza por \u00abEl ajedrez en la escuela\u00bb en toda Castilla-La Mancha.<\/span><br \/>\n<span style=\", sans-serif;font-size: large\"><br \/><\/span><\/p>\n<div class=\"separator\" style=\"clear: both;text-align: center\">\n<a href=\"https:\/\/www.bfv.cloud\/ajedrezeuropa\/wp-content\/uploads\/2017\/01\/cartel-1.jpg\" style=\"margin-left: 1em;margin-right: 1em\"><img decoding=\"async\" border=\"0\" height=\"400\" src=\"https:\/\/blogger.googleusercontent.com\/img\/b\/R29vZ2xl\/AVvXsEiPrEcnQ5Vs3sWUvk0ToZ6AHH0VBiGinT-7DHI0g8TqyYvYKJvXR71GQYdbW09OkArm2Mw3B8j7cz7DVmtKe-5dwHlv3Wgz7DmMzkP0HAuWVGOZE5B3qQ2nCJHFFmszk3_kXu8yucJbrao\/s400\/cartel.jpg\" width=\"307\" \/><\/a><\/div>\n<p><\/p>\n<table border=\"0\" cellpadding=\"0\" class=\"MsoNormalTable\" style=\"background-attachment: initial;background-image: initial;background-position: initial;background-repeat: initial;background-size: initial;width: 680px\">\n<tbody>\n<tr>\n<td style=\"padding: 0cm 0cm 2.25pt 0cm;width: 100.0%\" width=\"100%\">\n<div align=\"center\" class=\"MsoNormal\" style=\"line-height: normal;margin-bottom: .0001pt;margin-bottom: 0cm;text-align: center\">\n<b><u><span style=\"color: #005cb9;, sans-serif;font-size: 16.0pt\">Illescas apuesta por el ajedrez en las<br \/>\n  aulas<\/span><\/u><\/b><\/div>\n<\/td>\n<\/tr>\n<\/tbody>\n<\/table>\n<div class=\"MsoNormal\" style=\"line-height: normal;margin-bottom: .0001pt;margin-bottom: 0cm\">\n<\/div>\n<table border=\"0\" cellpadding=\"0\" class=\"MsoNormalTable\" style=\"background-attachment: initial;background-image: initial;background-position: initial;background-repeat: initial;background-size: initial;width: 680px\">\n<tbody>\n<tr>\n<td style=\"padding: 0cm 0cm 0cm 0cm\" valign=\"top\">\n<div align=\"center\" class=\"MsoNormal\" style=\"line-height: normal;margin-bottom: .0001pt;margin-bottom: 0cm;text-align: center\">\n<i><span style=\"color: #333333;, sans-serif;font-size: 14.0pt\">Inicialmente, ser\u00e1n tres centros los<br \/>\n  que acojan esta iniciativa del proyecto \u201cIllescas, Ciudad Educadora\u201d<\/span><\/i><\/div>\n<div align=\"center\" class=\"MsoNormal\" style=\"line-height: normal;margin-bottom: .0001pt;margin-bottom: 0cm;text-align: center\">\n<\/div>\n<div class=\"separator\" style=\"clear: both;text-align: center\">\n<a href=\"https:\/\/www.bfv.cloud\/ajedrezeuropa\/wp-content\/uploads\/2017\/01\/FOTO1.jpg\" style=\"margin-left: 1em;margin-right: 1em\"><img loading=\"lazy\" decoding=\"async\" border=\"0\" height=\"400\" src=\"https:\/\/blogger.googleusercontent.com\/img\/b\/R29vZ2xl\/AVvXsEhLF9bzelmQhs3rH_QFNk4NDrIr5pjEByat3axLhaZhdagor1jCacPqwI3bNEeWMdtR7BE6y224vuJ-DZCJeVh1rWtpxKjRzplyogdRhrHe7IoOG13tliRRNfvTfNvE_nHB494SJcuXSq4\/s400\/FOTO+1.jpg\" width=\"327\" \/><\/a><\/div>\n<div align=\"center\" class=\"MsoNormal\" style=\"line-height: normal;margin-bottom: .0001pt;margin-bottom: 0cm;text-align: center\">\n<\/div>\n<div class=\"MsoNormal\" style=\"line-height: normal;margin-bottom: .0001pt;margin-bottom: 0cm\">\n<\/div>\n<div class=\"MsoNormal\" style=\"margin-bottom: .0001pt;margin-bottom: 0cm;text-align: justify\">\n<b><span style=\"color: #333333;, sans-serif;font-size: 12.0pt\">El Ayuntamiento de<br \/>\n  Illescas, a trav\u00e9s de la Concejal\u00eda de Educaci\u00f3n y Deportes, colabora con los<br \/>\n  centros de Educaci\u00f3n Infantil y Primaria del municipio, en una actividad<br \/>\n  especial que supone la introducci\u00f3n del ajedrez como actividad escolar. Esta<br \/>\n  acci\u00f3n se enmarca dentro del proyecto \u201cIllescas, Ciudad Educadora\u201d centrado<br \/>\n  en mejorar la calidad de la ense\u00f1anza en la poblaci\u00f3n.<\/span><\/b><\/div>\n<div class=\"MsoNormal\" style=\"margin-bottom: .0001pt;margin-bottom: 0cm;text-align: justify\">\n<\/div>\n<div class=\"MsoNormal\" style=\"margin-bottom: .0001pt;margin-bottom: 0cm;text-align: justify\">\n<b><span style=\"color: #333333;, sans-serif;font-size: 12.0pt\">Seg\u00fan, \u201cNuestro<br \/>\n  ajedrez en Europa\u201d, proyecto dedicado al ajedrez para ni\u00f1os y ni\u00f1as,<br \/>\n  colaborador del Ayuntamiento, Illescas \u201ces la \u00fanica ciudad de Castilla-La<br \/>\n  Mancha que apuesta por esta iniciativa de forma total\u201d. En febrero de 2015,<br \/>\n  la Comisi\u00f3n de Educaci\u00f3n y Deportes del Congreso de los Diputados aprob\u00f3 por<br \/>\n  unanimidad una proposici\u00f3n no de ley que instaba al Gobierno a implantar el programa<br \/>\n  \u201cAjedrez en la Escuela\u201d de acuerdo a las recomendaciones del Parlamento<br \/>\n  Europeo, la Unesco e incluso, el propio Senado espa\u00f1ol.<\/span><\/b><\/div>\n<div class=\"MsoNormal\" style=\"margin-bottom: .0001pt;margin-bottom: 0cm;text-align: justify\">\n<\/div>\n<div class=\"MsoNormal\" style=\"margin-bottom: .0001pt;margin-bottom: 0cm;text-align: justify\">\n<b><span style=\"color: #333333;, sans-serif;font-size: 12.0pt\">De este modo, en<br \/>\n  este mes de enero ha comenzado una actividad especial en la que el ajedrez<br \/>\n  forma parte de las aulas y de las asignaturas. La iniciativa que desarrolla<br \/>\n  el Ayuntamiento de Illescas tiene como objetivo que se asimilen conceptos<br \/>\n  ling\u00fc\u00edsticos, matem\u00e1ticos, culturales y art\u00edsticos, a trav\u00e9s del juego que<br \/>\n  nos propone el ajedrez.<\/span><\/b><\/div>\n<div class=\"MsoNormal\" style=\"margin-bottom: .0001pt;margin-bottom: 0cm;text-align: justify\">\n<\/div>\n<div class=\"MsoNormal\" style=\"margin-bottom: .0001pt;margin-bottom: 0cm;text-align: justify\">\n<b><span style=\"color: #333333;, sans-serif;font-size: 12.0pt\">En principio, son<br \/>\n  tres centros p\u00fablicos de Educaci\u00f3n Infantil y Primaria quienes han<br \/>\n  introducido esta novedad en las clases. Se trata del C.E.I.P La Constituci\u00f3n,<br \/>\n  C.E.I.P. Ilarcuris y C.E.I.P. Mart\u00edn Chico, en cuyos cursos de 1\u00ba y 2\u00ba de<br \/>\n  Primaria ya se ha iniciado la actividad, que sufraga en su totalidad el<br \/>\n  Ayuntamiento de Illescas. Se pretende que en pr\u00f3ximos a\u00f1os se implante en el<br \/>\n  resto de cursos.<\/span><\/b><\/div>\n<div class=\"MsoNormal\" style=\"margin-bottom: .0001pt;margin-bottom: 0cm;text-align: justify\">\n<\/div>\n<div class=\"MsoNormal\" style=\"margin-bottom: .0001pt;margin-bottom: 0cm;text-align: justify\">\n<b><span style=\"color: #333333;, sans-serif;font-size: 12.0pt\">As\u00ed, los martes y<br \/>\n  los mi\u00e9rcoles, un equipo compuesto por cuatro monitores y una persona<br \/>\n  coordinadora trabaja conceptos de Lengua, Matem\u00e1ticas, Ciencias Sociales,<br \/>\n  Valores o Educaci\u00f3n F\u00edsica, a trav\u00e9s del ajedrez. Para ello, se realizan<br \/>\n  desdobles de clase y se hace part\u00edcipe tambi\u00e9n al profesorado; de hecho, cada<br \/>\n  centro ha elegido a un coordinador propio para desarrollar el programa,<br \/>\n  puesto que es imprescindible su implicaci\u00f3n a la hora de elaborar el temario<br \/>\n  y la preparaci\u00f3n de los conceptos a tratar.<\/span><\/b><\/div>\n<div class=\"MsoNormal\" style=\"margin-bottom: .0001pt;margin-bottom: 0cm;text-align: justify\">\n<b><span style=\"color: #333333;, sans-serif;font-size: 12.0pt\"><br \/><\/span><\/b><\/div>\n<div class=\"separator\" style=\"clear: both;text-align: center\">\n<a href=\"https:\/\/www.bfv.cloud\/ajedrezeuropa\/wp-content\/uploads\/2017\/01\/FOTO2.jpg\" style=\"clear: right;float: right;margin-bottom: 1em;margin-left: 1em\"><img loading=\"lazy\" decoding=\"async\" border=\"0\" height=\"300\" src=\"https:\/\/blogger.googleusercontent.com\/img\/b\/R29vZ2xl\/AVvXsEiqkihz5W7uRGPknXRuRFznonXEQa6NEM0FGyRNa9492T_0dMMwvAh5L_N-Ck5AEQLfihpvgX1vjR28SC2ahMVRk4nPa7R5gCWzYMtKjybPogoZd0gb1kmxr_nl_Z6bxAiBoz4__99SPH8\/s400\/FOTO+2.jpg\" width=\"400\" \/><\/a><\/div>\n<div class=\"MsoNormal\" style=\"margin-bottom: .0001pt;margin-bottom: 0cm;text-align: justify\">\n<b style=\"color: #005cb9;font-size: 11px\"><span style=\"color: #333333;, sans-serif;font-size: 12.0pt\">Desde la Concejal\u00eda<br \/>\n  de Educaci\u00f3n y Deportes conf\u00edan en que la experiencia sea \u201cpositiva, tanto<br \/>\n  para el alumnado como para los docentes\u201d; y es que son numerosos los<br \/>\n  beneficios que aporta la pr\u00e1ctica del ajedrez. Su aprendizaje re\u00fane<br \/>\n  caracter\u00edsticas tales que favorece la concentraci\u00f3n, la memoria, el<br \/>\n  razonamiento o la coordinaci\u00f3n. Fomenta la capacidad organizativa, la<br \/>\n  resoluci\u00f3n de problemas y la toma de decisiones, adem\u00e1s, de trabajar la<br \/>\n  creatividad y la imaginaci\u00f3n, entre otros aspectos provechosos.<\/span><\/b><\/div>\n<div class=\"MsoNormal\" style=\"margin-bottom: .0001pt;margin-bottom: 0cm;text-align: justify\">\n<\/div>\n<div class=\"MsoNormal\" style=\"margin-bottom: .0001pt;margin-bottom: 0cm;text-align: justify\">\n<b><span style=\"color: #333333;, sans-serif;font-size: 12.0pt\">Por su parte,<br \/>\n  responsables de \u201cNuestro ajedrez en Europa\u201d explican que se trata de un<br \/>\n  proyecto participativo, abierto para \u201ctodo el alumnado, con un car\u00e1cter<br \/>\n  social y flexible\u201d puesto que se adapta a la manera de trabajar de cada<br \/>\n  centro escolar.<\/span><\/b><\/div>\n<div class=\"MsoNormal\" style=\"margin-bottom: .0001pt;margin-bottom: 0cm;text-align: justify\">\n<b><span style=\"color: #333333;, sans-serif;font-size: 12.0pt\"><br \/><\/span><\/b><\/div>\n<div class=\"separator\" style=\"clear: both;text-align: center\">\n<a href=\"https:\/\/www.bfv.cloud\/ajedrezeuropa\/wp-content\/uploads\/2017\/01\/FOTO3.jpg\" style=\"margin-left: 1em;margin-right: 1em\"><img loading=\"lazy\" decoding=\"async\" border=\"0\" height=\"480\" src=\"https:\/\/blogger.googleusercontent.com\/img\/b\/R29vZ2xl\/AVvXsEhgVkY6jyOkBP2ab1_eV-cIm-4MUE16xp_X_gdLLhp0JTbEdElyKvjF5EVecrunUvnl_zPlMxxJ8nK1RF28fHX1ZT3BcsQ5UQzeuZkjLdbBpHdq50EuAisemMvwByWsNdWAlJ1-RAxUK1g\/s640\/FOTO+3.jpg\" width=\"640\" \/><\/a><\/div>\n<div class=\"MsoNormal\" style=\"margin-bottom: 0.0001pt;text-align: center\">\n<b><span style=\"color: #333333;, sans-serif;font-size: 12.0pt\"><br \/><\/span><\/b><\/div>\n<div class=\"MsoNormal\" style=\"margin-bottom: .0001pt;margin-bottom: 0cm;text-align: justify\">\n<\/div>\n<\/td>\n<\/tr>\n<\/tbody>\n<\/table>\n<div class=\"MsoNormal\">\n<\/div>\n<\/td>\n<\/tr>\n<\/tbody>\n<\/table>\n","protected":false},"excerpt":{"rendered":"<p>A continuaci\u00f3n publicamos la nota de prensa elaborada por el ayuntamiento de la ciudad de Illescas para informar de la puesta en marcha de un nuevo y ambicioso proyecto educativo, con el ajedrez como protagonista, en 3 centros p\u00fablicos de ense\u00f1anza primaria de esta localidad toledana. El proyecto, en el que venimos trabajando durante los [&hellip;]<\/p>\n","protected":false},"author":1,"featured_media":3595,"comment_status":"open","ping_status":"closed","sticky":false,"template":"","format":"standard","meta":{"footnotes":""},"categories":[1],"tags":[],"class_list":["post-3594","post","type-post","status-publish","format-standard","has-post-thumbnail","hentry","category-noticias"],"_links":{"self":[{"href":"https:\/\/www.bfv.cloud\/ajedrezeuropa\/wp-json\/wp\/v2\/posts\/3594","targetHints":{"allow":["GET"]}}],"collection":[{"href":"https:\/\/www.bfv.cloud\/ajedrezeuropa\/wp-json\/wp\/v2\/posts"}],"about":[{"href":"https:\/\/www.bfv.cloud\/ajedrezeuropa\/wp-json\/wp\/v2\/types\/post"}],"author":[{"embeddable":true,"href":"https:\/\/www.bfv.cloud\/ajedrezeuropa\/wp-json\/wp\/v2\/users\/1"}],"replies":[{"embeddable":true,"href":"https:\/\/www.bfv.cloud\/ajedrezeuropa\/wp-json\/wp\/v2\/comments?post=3594"}],"version-history":[{"count":1,"href":"https:\/\/www.bfv.cloud\/ajedrezeuropa\/wp-json\/wp\/v2\/posts\/3594\/revisions"}],"predecessor-version":[{"id":3601,"href":"https:\/\/www.bfv.cloud\/ajedrezeuropa\/wp-json\/wp\/v2\/posts\/3594\/revisions\/3601"}],"wp:featuredmedia":[{"embeddable":true,"href":"https:\/\/www.bfv.cloud\/ajedrezeuropa\/wp-json\/wp\/v2\/media\/3595"}],"wp:attachment":[{"href":"https:\/\/www.bfv.cloud\/ajedrezeuropa\/wp-json\/wp\/v2\/media?parent=3594"}],"wp:term":[{"taxonomy":"category","embeddable":true,"href":"https:\/\/www.bfv.cloud\/ajedrezeuropa\/wp-json\/wp\/v2\/categories?post=3594"},{"taxonomy":"post_tag","embeddable":true,"href":"https:\/\/www.bfv.cloud\/ajedrezeuropa\/wp-json\/wp\/v2\/tags?post=3594"}],"curies":[{"name":"wp","href":"https:\/\/api.w.org\/{rel}","templated":true}]}}