{"id":3602,"date":"2011-10-30T12:36:00","date_gmt":"2011-10-30T12:36:00","guid":{"rendered":"https:\/\/www.bfv.cloud\/ajedrezeuropa\/index.php\/2011\/10\/30\/repetiremos-con-4-equipos-en-el-provincial-absoluto-de-toledo-2012-de-1a-division\/"},"modified":"2025-11-20T11:04:54","modified_gmt":"2025-11-20T11:04:54","slug":"repetiremos-con-4-equipos-en-el-provincial-absoluto-de-toledo-2012-de-1a-division","status":"publish","type":"post","link":"https:\/\/www.bfv.cloud\/ajedrezeuropa\/repetiremos-con-4-equipos-en-el-provincial-absoluto-de-toledo-2012-de-1a-division\/","title":{"rendered":"REPETIREMOS CON 4 EQUIPOS EN EL PROVINCIAL ABSOLUTO DE TOLEDO 2012 DE 1\u00aa DIVISI\u00d3N"},"content":{"rendered":"<div class=\"separator\" style=\"clear: both;text-align: center\"><a href=\"https:\/\/www.bfv.cloud\/ajedrezeuropa\/wp-content\/uploads\/2011\/10\/maquetadetoledo.jpg\" style=\"clear: left;float: left;margin-bottom: 1em;margin-right: 1em\"><img decoding=\"async\" border=\"0\" height=\"240px\" src=\"https:\/\/blogger.googleusercontent.com\/img\/b\/R29vZ2xl\/AVvXsEj-L_rMGdaZa2JOPb7hyphenhyphenaXPbJ4YxRpwGQO9pK_QZORQJBH8zggsLG9CoqCROdUA2__eP6HSQ_YZmE-ku8sK45LjnspdTFckcAYkD2sP9vu0BepbIIHGF5YAzQB0RSDxSdxR0MCJQeFtUIM\/s320\/maqueta+de+toledo.jpg\" width=\"320px\" \/><\/a><\/div>\n<p>El domingo 6 de noviembre comenzar\u00e1 en el Centro Social del Pol\u00edgono de Toledo el Campeonato Provincial por Equipos valedero para la temporada 2012. 4 ser\u00e1n los equipos que representar\u00e1n a nuestros 2 clubes en esta competici\u00f3n que, al retomar sus antiguas fechas de celebraci\u00f3n anteriores a Navidad, servir\u00e1 para el entrenamiento de nuestros j\u00f3venes jugadores de cara a la pr\u00f3xima final del IV CAMPEONATO DE ESPA\u00d1A POR EQUIPOS DE CLUB SUB-16. No obstante, este&nbsp;Provincial Absoluto, presenta interesantes alicientes por s\u00ed mismo y para nuestro propio&nbsp;dise\u00f1o deportivo: en primer lugar, ofrecemos la&nbsp;mayor participaci\u00f3n de&nbsp;jugadores de un&nbsp;\u00fanico proyecto en un provincial de toda Castilla-La Mancha, gracias a la presencia de cerca de 30 ajedrecistas integrantes de nuestras escuelas de Alc\u00e1zar y Villafranca y de los clubes \u00abNuestro Ajedrez&nbsp;en Europa\u00bb y \u00abNuestro Ajedrez por la Igualdad\u00bb. En segundo t\u00e9rmino, la pluralidad de nuestra representaci\u00f3n, que abarca&nbsp;muy diferentes edades y niveles de juego, as\u00ed como la configuraci\u00f3n de equipos mixtos con chicas y chicos en sus \u00f3rdenes de fuerza. Y, por \u00faltimo, la&nbsp;adecuada preparaci\u00f3n de nuestros jugadores y jugadoras que, estamos convencidos, nos permitir\u00e1 luchar como en a\u00f1os anteriores por el t\u00edtulo de campe\u00f3n y otras destacadas plazas en la clasificaci\u00f3n general. <br \/>\nDejando a un lado lo deportivo, esta numerosa y cualificada presencia de nuestro proyecto en este pr\u00f3ximo campeonato de Toledo y en la final del nacional en Benidorm,&nbsp;representan una fuerte inversi\u00f3n de nuestros clubes por el presente y el futuro de \u00abnuestro ajedrez\u00bb, adem\u00e1s de poner de manifiesto el meritorio esfuerzo de los ayuntamientos de Alc\u00e1zar y Villafranca, sobre todo ahora que la crisis&nbsp;se manifiesta con mucha dureza, provocando recortes que afectan a elementos b\u00e1sicos de nuestra sociedad como la sanidad, la educaci\u00f3n, la cultura y el deporte. Esta crisis econ\u00f3mica que viene golpeando instituciones, empresas y familias, y que se hace sentir en lo p\u00fablico y lo privado, no deber\u00eda servir de coartada&nbsp;para empobrecer y menoscabar la formaci\u00f3n y el futuro de nuestras j\u00f3venes generaciones a base de \u00abtijeretazos\u00bb poco o nada meditados, pero, lamentablemente,&nbsp;con unas&nbsp;nefastas consecuencias sociales que se har\u00e1n m\u00e1s patentes&nbsp;dentro de algunos a\u00f1os.<\/p>\n<div class=\"separator\" style=\"clear: both;text-align: center\"><a href=\"https:\/\/www.bfv.cloud\/ajedrezeuropa\/wp-content\/uploads\/2011\/10\/FOTOGRUPOCAMPREGIONALEQUIPOS2011.jpg\" style=\"clear: right;float: right;margin-bottom: 1em;margin-left: 1em\"><img decoding=\"async\" border=\"0\" height=\"239px\" src=\"https:\/\/blogger.googleusercontent.com\/img\/b\/R29vZ2xl\/AVvXsEgv0Uu-9ziXQ8oprnx3PiOPuqr6u2tSG9jCSSZKiYP6mhBPqf-5DtlowwUD_wfAStMI56FUSITiH_mey2gZP6vWoz9v5raxotidx9aqtfHqlxgbt4QJHAG9ZG4hyphenhyphenhyphenhyphenJDvB9JknuuDMxi_Y\/s320\/FOTO+GRUPO+CAMP+REGIONAL+EQUIPOS+2011.jpg\" width=\"320px\" \/><\/a><\/div>\n<p>De vuelta a la&nbsp;informaci\u00f3n sobre este campeonato&nbsp;provincial, a&nbsp;continuaci\u00f3n detallamos los \u00f3rdenes de fuerza de nuestros 4 equipos:<\/p>\n<div style=\"text-align: center\"><strong><u>NUESTRO AJEDREZ EN EUROPA \u00abA\u00bb<\/u><\/strong><\/div>\n<div style=\"text-align: center\"><strong>1.-&nbsp;Santiago Talavera Garc\u00eda (1982)<\/strong><\/div>\n<div style=\"text-align: center\"><strong>2.- Daniel P\u00edriz Fern\u00e1ndez (1947)<\/strong><\/div>\n<div style=\"text-align: center\"><strong>3.- Luis Miguel Monreal Bejarano (1846)<\/strong><\/div>\n<div style=\"text-align: center\"><strong>4.- Jorge Sim\u00f3n Escalona (1809)<\/strong><\/div>\n<div style=\"text-align: center\"><strong>5.- Sergio Valencia de Loma (1709)<\/strong><\/div>\n<div style=\"text-align: center\"><strong>6.- Jos\u00e9 Mar\u00eda Pastrana Fern\u00e1ndez (1640)<\/strong><\/div>\n<div style=\"text-align: center\"><strong>7.- Jos\u00e9 \u00c1ngel Vela Horcajada (1575)<\/strong><\/div>\n<div style=\"text-align: center\">\n<\/div>\n<div style=\"text-align: center\">\n<strong><u>NUESTRO AJEDREZ EN EUROPA \u00abB\u00bb<\/u><\/strong><\/div>\n<div style=\"text-align: center\"><strong>1.- Carlos \u00c1lvarez Serrano (1835)<\/strong><\/div>\n<div style=\"text-align: center\"><strong>2.- Manuel Lorenzo Marcos-Alberca Lizcano (1642)<\/strong><\/div>\n<div style=\"text-align: center\"><strong>3.- Cosimo Leonardo de Giorgi Benavent (1602)<\/strong><\/div>\n<div style=\"text-align: center\"><strong>4.- Jes\u00fas Mar\u00eda Bricio G\u00aa de la Torre (1335)<\/strong><\/div>\n<div style=\"text-align: center\"><strong>5.- Silvia Toribio Camu\u00f1as (1016)<\/strong><\/div>\n<div style=\"text-align: center\"><strong>6.- Isaac Lozano Osorio<\/strong><\/div>\n<div style=\"text-align: center\"><strong>7.- Irene Sim\u00f3n Escalona<\/strong><\/div>\n<div style=\"text-align: center\">\n<\/div>\n<div style=\"text-align: center\"><strong><u>NUESTRO AJEDREZ POR LA IGUALDAD \u00abA\u00bb<\/u><\/strong><\/div>\n<div style=\"text-align: center\"><strong>1.-Antonio Albo Maroto<\/strong><\/div>\n<div style=\"text-align: center\"><strong>2.- Carlos Romo D\u00edaz-Alejo<\/strong><\/div>\n<div style=\"text-align: center\"><strong>3.-&nbsp;Pedro Fern\u00e1ndez Avil\u00e9s<\/strong><\/div>\n<div style=\"text-align: center\"><strong>4.-&nbsp;\u00c1ngel Toledo Camu\u00f1as<\/strong><\/div>\n<div style=\"text-align: center\"><strong>5.- Juan Jos\u00e9 Marchante Villanueva<\/strong><\/div>\n<div style=\"text-align: center\"><strong>6.- Mario Rubio Alberca<\/strong><\/div>\n<div style=\"text-align: center\"><strong>7.- Fernando Marcos-Alberca Lizcano<\/strong><\/div>\n<div style=\"text-align: center\">\n<\/div>\n<div style=\"text-align: center\"><strong><u>NUESTRO AJEDREZ POR LA IGUALDAD \u00abB\u00bb<\/u><\/strong><\/div>\n<div style=\"text-align: center\"><strong>1.- Daniel Salas Lloret (1573)<\/strong><\/div>\n<div style=\"text-align: center\"><strong>2.-&nbsp;Blanca Y\u00e9benes Toribio<\/strong><\/div>\n<div style=\"text-align: center\"><strong>3.- Antonio S\u00e1nchez-Beato Andrade<\/strong><\/div>\n<div style=\"text-align: center\"><strong>4.- Jos\u00e9 Luis D\u00edaz Guerrero<\/strong><\/div>\n<div style=\"text-align: center\"><strong>5.- Ra\u00fal D\u00edaz Guerrero<\/strong><\/div>\n<div style=\"text-align: center\"><strong>6.- Javier Valdepe\u00f1as Octavio<\/strong><\/div>\n<div style=\"text-align: center\"><\/div>\n<div style=\"text-align: center\">\n<\/div>\n<div style=\"text-align: left\"><strong><em><u>NUEVA FECHA DE EMISI\u00d3N: El reportaje de TeleToledo sobre nuestras escuelas&nbsp;se ha &nbsp;programado, finalmente, en el&nbsp;\u00abDe Cerca\u00bb del pr\u00f3ximo&nbsp;martes&nbsp;8 de noviembre a partir de las 10 de la noche.<\/u><\/em><\/strong>\ufeff<\/div>\n","protected":false},"excerpt":{"rendered":"<p>El domingo 6 de noviembre comenzar\u00e1 en el Centro Social del Pol\u00edgono de Toledo el Campeonato Provincial por Equipos valedero para la temporada 2012. 4 ser\u00e1n los equipos que representar\u00e1n a nuestros 2 clubes en esta competici\u00f3n que, al retomar sus antiguas fechas de celebraci\u00f3n anteriores a Navidad, servir\u00e1 para el entrenamiento de nuestros j\u00f3venes [&hellip;]<\/p>\n","protected":false},"author":1,"featured_media":3603,"comment_status":"open","ping_status":"closed","sticky":false,"template":"","format":"standard","meta":{"footnotes":""},"categories":[1],"tags":[],"class_list":["post-3602","post","type-post","status-publish","format-standard","has-post-thumbnail","hentry","category-noticias"],"_links":{"self":[{"href":"https:\/\/www.bfv.cloud\/ajedrezeuropa\/wp-json\/wp\/v2\/posts\/3602","targetHints":{"allow":["GET"]}}],"collection":[{"href":"https:\/\/www.bfv.cloud\/ajedrezeuropa\/wp-json\/wp\/v2\/posts"}],"about":[{"href":"https:\/\/www.bfv.cloud\/ajedrezeuropa\/wp-json\/wp\/v2\/types\/post"}],"author":[{"embeddable":true,"href":"https:\/\/www.bfv.cloud\/ajedrezeuropa\/wp-json\/wp\/v2\/users\/1"}],"replies":[{"embeddable":true,"href":"https:\/\/www.bfv.cloud\/ajedrezeuropa\/wp-json\/wp\/v2\/comments?post=3602"}],"version-history":[{"count":1,"href":"https:\/\/www.bfv.cloud\/ajedrezeuropa\/wp-json\/wp\/v2\/posts\/3602\/revisions"}],"predecessor-version":[{"id":3605,"href":"https:\/\/www.bfv.cloud\/ajedrezeuropa\/wp-json\/wp\/v2\/posts\/3602\/revisions\/3605"}],"wp:featuredmedia":[{"embeddable":true,"href":"https:\/\/www.bfv.cloud\/ajedrezeuropa\/wp-json\/wp\/v2\/media\/3603"}],"wp:attachment":[{"href":"https:\/\/www.bfv.cloud\/ajedrezeuropa\/wp-json\/wp\/v2\/media?parent=3602"}],"wp:term":[{"taxonomy":"category","embeddable":true,"href":"https:\/\/www.bfv.cloud\/ajedrezeuropa\/wp-json\/wp\/v2\/categories?post=3602"},{"taxonomy":"post_tag","embeddable":true,"href":"https:\/\/www.bfv.cloud\/ajedrezeuropa\/wp-json\/wp\/v2\/tags?post=3602"}],"curies":[{"name":"wp","href":"https:\/\/api.w.org\/{rel}","templated":true}]}}