{"id":3606,"date":"2016-07-12T21:20:00","date_gmt":"2016-07-12T21:20:00","guid":{"rendered":"https:\/\/www.bfv.cloud\/ajedrezeuropa\/index.php\/2016\/07\/12\/isabel-marcos-alberca-y-alfredo-amador-en-el-campeonato-de-espana-sub-14\/"},"modified":"2025-11-20T11:04:59","modified_gmt":"2025-11-20T11:04:59","slug":"isabel-marcos-alberca-y-alfredo-amador-en-el-campeonato-de-espana-sub-14","status":"publish","type":"post","link":"https:\/\/www.bfv.cloud\/ajedrezeuropa\/isabel-marcos-alberca-y-alfredo-amador-en-el-campeonato-de-espana-sub-14\/","title":{"rendered":"ISABEL MARCOS-ALBERCA Y ALFREDO AMADOR EN EL CAMPEONATO DE ESPA\u00d1A SUB-14"},"content":{"rendered":"<table cellpadding=\"0\" cellspacing=\"0\" class=\"tr-caption-container\" style=\"clear: left;float: left;margin-bottom: 1em;text-align: left\">\n<tbody>\n<tr>\n<td style=\"text-align: center\"><a href=\"https:\/\/www.bfv.cloud\/ajedrezeuropa\/wp-content\/uploads\/2016\/07\/IMG-20160711-WA002.jpg\" style=\"clear: right;margin-bottom: 1em;margin-left: auto;margin-right: auto\"><img fetchpriority=\"high\" decoding=\"async\" border=\"0\" height=\"207\" src=\"https:\/\/blogger.googleusercontent.com\/img\/b\/R29vZ2xl\/AVvXsEjEaCHhyuTOnKZPWnqHaI4BSEXwIQm_kaTBCcY6nBk9OLhmEvg0bLbzZnnyEudIo9l3cpp0Rv0whhaGHbAgSguzikqEOuF470Yo4c1L2ep8YrgtrMLLfsV5Tbl57IDWT9G7EpiOHfREqpw\/s400\/IMG-20160711-WA002.jpg\" width=\"400\" \/><\/a><\/td>\n<\/tr>\n<tr>\n<td class=\"tr-caption\" style=\"text-align: center\">Ronda 1 del Campeonato de Espa\u00f1a sub-14:<br \/>\nAlfredo, con blancas, frente al jugador n\u00ba 1 del ranking<\/td>\n<\/tr>\n<\/tbody>\n<\/table>\n<p><\/p>\n<div class=\"separator\" style=\"clear: left;float: left;margin-bottom: 1em;margin-right: 1em;text-align: center\">\n<\/div>\n<table cellpadding=\"0\" cellspacing=\"0\" class=\"tr-caption-container\" style=\"clear: left;float: left;margin-bottom: 1em;margin-right: 1em;text-align: left\">\n<tbody>\n<tr>\n<td style=\"text-align: center\"><a href=\"https:\/\/www.bfv.cloud\/ajedrezeuropa\/wp-content\/uploads\/2016\/07\/IMG-20160712-WA001.jpg\" style=\"clear: right;margin-bottom: 1em;margin-left: auto;margin-right: auto\"><img decoding=\"async\" border=\"0\" height=\"238\" src=\"https:\/\/blogger.googleusercontent.com\/img\/b\/R29vZ2xl\/AVvXsEjfE0f62YkziKycuQMO12cqneo0NVhyphenhyphentQPhuCHynY0ZWU6QHqSqgbxN6oB4TpY3lgh_lV214NUmhNNFI7sJa7pZpESgdIWLDKLfwq1Q0WfeiTbUWAJgIUnrcIBJKsuU3rUZ0zrbL0KgZw8\/s400\/IMG-20160712-WA001.jpg\" width=\"400\" \/><\/a><\/td>\n<\/tr>\n<tr>\n<td class=\"tr-caption\" style=\"text-align: center\">En la ronda 3, Isabel y Alfredo, han jugado muy pr\u00f3ximos<\/td>\n<\/tr>\n<\/tbody>\n<\/table>\n<p><a href=\"https:\/\/www.bfv.cloud\/ajedrezeuropa\/wp-content\/uploads\/2016\/07\/IMG-20160712-WA002.jpg\" style=\"clear: left;float: left;margin-bottom: 1em;margin-right: 1em\"><\/a><b style=\"font-family: verdana, sans-serif\">Del 11 al 17 de julio se est\u00e1 jugando en el hotel Best Western de Salobre\u00f1a el Campeonato de Espa\u00f1a sub-14 con 151 participantes, entre los cuales se encuentran <span style=\"background-color: white\"><span style=\"color: blue\"><span style=\"background-color: white\">Alfredo Amador And\u00fajar<\/span><span style=\"background-color: white\">&nbsp;<\/span><\/span><\/span><span style=\"background-color: white\">e<\/span> <\/b><b style=\"font-family: verdana, sans-serif\"><span style=\"color: blue\">Isabel Marcos-Alberca Lizcano<\/span><\/b><b style=\"color: black;font-family: verdana, sans-serif;text-align: start\">. Estos dos alumnos de las escuelas de ajedrez de Villafranca y Alc\u00e1zar ya cuentan con intensas experiencias en las numerosas competiciones en las que han participado. Por el momento se han disputado 3 rondas y ya se pueden contar algunas curiosidades: en primera ronda, Alfredo, jug\u00f3 en la mesa 1 con el gran favorito, el andaluz Lance Henderson, y aunque cay\u00f3 derrotado, mantuvo una posici\u00f3n igualada hasta bien entrado el juego medio. En las dos partidas siguientes ha vencido, con lo que suma 2 puntos y se sit\u00faa en la posici\u00f3n 36 de la clasificaci\u00f3n provisional.<\/b><\/p>\n<table cellpadding=\"0\" cellspacing=\"0\" class=\"tr-caption-container\" style=\"float: right;margin-left: 1em;text-align: right\">\n<tbody>\n<tr>\n<td style=\"text-align: center\"><a href=\"https:\/\/www.bfv.cloud\/ajedrezeuropa\/wp-content\/uploads\/2016\/07\/IMG-20160712-WA002.jpg\" style=\"clear: right;margin-bottom: 1em;margin-left: auto;margin-right: auto\"><img decoding=\"async\" border=\"0\" height=\"250\" src=\"https:\/\/blogger.googleusercontent.com\/img\/b\/R29vZ2xl\/AVvXsEjERND6otA-5cdet-MgU6GV0SCUN7EbIkQGrJds-VsroCYweoL1xR8Qe2IQxL7BhroXkNOXAVFHHKrc2QcUbotOOUZCdZiTSD2HWx75Hv4IiFmxk6zlMovheae1G2fTRyIsvEIRIau8qBY\/s400\/IMG-20160712-WA002.jpg\" width=\"400\" \/><\/a><\/td>\n<\/tr>\n<tr>\n<td class=\"tr-caption\" style=\"text-align: center\">Isabel est\u00e1 afrontando grandes retos esta temporada<\/td>\n<\/tr>\n<\/tbody>\n<\/table>\n<p>\n<b style=\"color: #990000;font-family: verdana, sans-serif;text-align: center\">Isabel, por su parte, consigui\u00f3 tablas en su enfrentamiento de primera ronda, aunque en los dos siguientes no ha podido puntuar. Seguro que seguir\u00e1 fiel a su esp\u00edritu luchador y la veremos superando la puntuaci\u00f3n de a\u00f1os anteriores.<\/b><\/p>\n<div>\n<div style=\"text-align: center\">\n<span style=\"color: #990000;, sans-serif\"><b>Les enviamos, desde aqu\u00ed, nuestro apoyo y aplauso, convencidos del gran trabajo que van a realizar.<\/b><\/span><\/div>\n<div style=\"text-align: center\">\n<span style=\"color: #990000;, sans-serif\"><b>\u00a1\u00a1Mucho \u00e1nimo!!<\/b><\/span><\/div>\n<table align=\"center\" cellpadding=\"0\" cellspacing=\"0\" class=\"tr-caption-container\" style=\"margin-left: auto;margin-right: auto;text-align: center\">\n<tbody>\n<tr>\n<td style=\"text-align: center\"><a href=\"https:\/\/www.bfv.cloud\/ajedrezeuropa\/wp-content\/uploads\/2016\/07\/IMG-20160711-WA000.jpg\" style=\"margin-left: auto;margin-right: auto\"><img loading=\"lazy\" decoding=\"async\" border=\"0\" height=\"528\" src=\"https:\/\/blogger.googleusercontent.com\/img\/b\/R29vZ2xl\/AVvXsEga4NUbH_HsbN6G5p_Lacme0s5mS7ShesjnoemxXqkg6nhyTvYJTCDQfBKZ44ab4St2hCPlJN40EDo9VjZVmls1L9Mo8ePyIt2liSO6NS2pOg5Y4o70oZqq7idwkghbNEd0Cyxkpt0noaA\/s640\/IMG-20160711-WA000.jpg\" width=\"640\" \/><\/a><\/td>\n<\/tr>\n<tr>\n<td class=\"tr-caption\" style=\"text-align: center\">La expedici\u00f3n de jugadores de Castilla-La Mancha al completo, junto a su preparador<\/td>\n<\/tr>\n<\/tbody>\n<\/table>\n<p><\/div>\n","protected":false},"excerpt":{"rendered":"<p>Ronda 1 del Campeonato de Espa\u00f1a sub-14: Alfredo, con blancas, frente al jugador n\u00ba 1 del ranking En la ronda 3, Isabel y Alfredo, han jugado muy pr\u00f3ximos Del 11 al 17 de julio se est\u00e1 jugando en el hotel Best Western de Salobre\u00f1a el Campeonato de Espa\u00f1a sub-14 con 151 participantes, entre los cuales [&hellip;]<\/p>\n","protected":false},"author":1,"featured_media":3607,"comment_status":"open","ping_status":"closed","sticky":false,"template":"","format":"standard","meta":{"footnotes":""},"categories":[1],"tags":[],"class_list":["post-3606","post","type-post","status-publish","format-standard","has-post-thumbnail","hentry","category-noticias"],"_links":{"self":[{"href":"https:\/\/www.bfv.cloud\/ajedrezeuropa\/wp-json\/wp\/v2\/posts\/3606","targetHints":{"allow":["GET"]}}],"collection":[{"href":"https:\/\/www.bfv.cloud\/ajedrezeuropa\/wp-json\/wp\/v2\/posts"}],"about":[{"href":"https:\/\/www.bfv.cloud\/ajedrezeuropa\/wp-json\/wp\/v2\/types\/post"}],"author":[{"embeddable":true,"href":"https:\/\/www.bfv.cloud\/ajedrezeuropa\/wp-json\/wp\/v2\/users\/1"}],"replies":[{"embeddable":true,"href":"https:\/\/www.bfv.cloud\/ajedrezeuropa\/wp-json\/wp\/v2\/comments?post=3606"}],"version-history":[{"count":1,"href":"https:\/\/www.bfv.cloud\/ajedrezeuropa\/wp-json\/wp\/v2\/posts\/3606\/revisions"}],"predecessor-version":[{"id":3611,"href":"https:\/\/www.bfv.cloud\/ajedrezeuropa\/wp-json\/wp\/v2\/posts\/3606\/revisions\/3611"}],"wp:featuredmedia":[{"embeddable":true,"href":"https:\/\/www.bfv.cloud\/ajedrezeuropa\/wp-json\/wp\/v2\/media\/3607"}],"wp:attachment":[{"href":"https:\/\/www.bfv.cloud\/ajedrezeuropa\/wp-json\/wp\/v2\/media?parent=3606"}],"wp:term":[{"taxonomy":"category","embeddable":true,"href":"https:\/\/www.bfv.cloud\/ajedrezeuropa\/wp-json\/wp\/v2\/categories?post=3606"},{"taxonomy":"post_tag","embeddable":true,"href":"https:\/\/www.bfv.cloud\/ajedrezeuropa\/wp-json\/wp\/v2\/tags?post=3606"}],"curies":[{"name":"wp","href":"https:\/\/api.w.org\/{rel}","templated":true}]}}