{"id":361,"date":"2014-12-26T23:22:00","date_gmt":"2014-12-26T23:22:00","guid":{"rendered":"https:\/\/www.bfv.cloud\/ajedrezeuropa\/index.php\/2014\/12\/26\/en-marcha-la-septima-concentracion-de-navidad\/"},"modified":"2025-11-20T10:16:43","modified_gmt":"2025-11-20T10:16:43","slug":"en-marcha-la-septima-concentracion-de-navidad","status":"publish","type":"post","link":"https:\/\/www.bfv.cloud\/ajedrezeuropa\/en-marcha-la-septima-concentracion-de-navidad\/","title":{"rendered":"\u00a1\u00a1EN MARCHA LA S\u00c9PTIMA CONCENTRACI\u00d3N DE NAVIDAD!!"},"content":{"rendered":"<table cellpadding=\"0\" cellspacing=\"0\" class=\"tr-caption-container\" style=\"float: left;margin-right: 1em;text-align: left\">\n<tbody>\n<tr>\n<td style=\"text-align: center\">\n<a href=\"https:\/\/www.bfv.cloud\/ajedrezeuropa\/wp-content\/uploads\/2014\/12\/SAM_1338.jpg\" style=\"clear: right;margin-bottom: 1em;margin-left: auto;margin-right: auto\"><img fetchpriority=\"high\" decoding=\"async\" border=\"0\" src=\"https:\/\/www.bfv.cloud\/ajedrezeuropa\/wp-content\/uploads\/2014\/12\/SAM_1338.jpg\" height=\"235\" width=\"400\" \/><\/a><\/td>\n<\/tr>\n<tr>\n<td class=\"tr-caption\" style=\"text-align: center\">El grupo de tecnificaci\u00f3n del gran maestro Herminio Herr\u00e1iz<\/td>\n<\/tr>\n<\/tbody>\n<\/table>\n<p><span style=\"font-family: Helvetica Neue, Arial, Helvetica, sans-serif\"><b>Este viernes se ha puesto en marcha la \u00abVII CONCENTRACI\u00d3N DE NAVIDAD\u00bb organizada dentro del proyecto Nuestro Ajedrez en Europa. Casi 30 chicos y chicas de edades comprendidas entre 5 y 19 a\u00f1os han comenzado sus clases en los diferentes grupos en los que est\u00e1 organizada esta nueva edici\u00f3n.<\/b><\/span><\/p>\n<table cellpadding=\"0\" cellspacing=\"0\" class=\"tr-caption-container\" style=\"float: right;margin-left: 1em;text-align: right\">\n<tbody>\n<tr>\n<td style=\"text-align: center\">\n<a href=\"https:\/\/www.bfv.cloud\/ajedrezeuropa\/wp-content\/uploads\/2014\/12\/SAM_1344.jpg\" style=\"clear: right;margin-bottom: 1em;margin-left: auto;margin-right: auto\"><img decoding=\"async\" border=\"0\" src=\"https:\/\/www.bfv.cloud\/ajedrezeuropa\/wp-content\/uploads\/2014\/12\/SAM_1344.jpg\" height=\"223\" width=\"400\" \/><\/a><\/td>\n<\/tr>\n<tr>\n<td class=\"tr-caption\" style=\"text-align: center\">Uno de los grupos de iniciaci\u00f3n<\/td>\n<\/tr>\n<\/tbody>\n<\/table>\n<p><\/p>\n<table cellpadding=\"0\" cellspacing=\"0\" class=\"tr-caption-container\" style=\"float: left;margin-right: 1em;text-align: left\">\n<tbody>\n<tr>\n<td style=\"text-align: center\">\n<a href=\"https:\/\/www.bfv.cloud\/ajedrezeuropa\/wp-content\/uploads\/2014\/12\/SAM_1330.jpg\" style=\"clear: left;margin-bottom: 1em;margin-left: auto;margin-right: auto\"><img decoding=\"async\" border=\"0\" src=\"https:\/\/www.bfv.cloud\/ajedrezeuropa\/wp-content\/uploads\/2014\/12\/SAM_1330.jpg\" height=\"210\" width=\"400\" \/><\/a><\/td>\n<\/tr>\n<tr>\n<td class=\"tr-caption\" style=\"text-align: center\">Ana Isabel Gonz\u00e1lez con su grupo de perfeccionamiento<\/td>\n<\/tr>\n<\/tbody>\n<\/table>\n<p><span style=\"font-family: Helvetica Neue, Arial, Helvetica, sans-serif\"><b>El grupo de tecnificaci\u00f3n est\u00e1 dirigido por el gm Herminio Herra\u00edz, mientras que el de perfeccionamiento lo encabeza Ana Isabel Gonz\u00e1lez. Los restantes grupos formativos son los dirigidos a alumnos de iniciaci\u00f3n y son responsabilidad de Luismi Monreal, Antonio Albo y Carlos Romo.<\/b><\/span><\/p>\n<table cellpadding=\"0\" cellspacing=\"0\" class=\"tr-caption-container\" style=\"float: right;margin-left: 1em;text-align: right\">\n<tbody>\n<tr>\n<td style=\"text-align: center\"><a href=\"https:\/\/www.bfv.cloud\/ajedrezeuropa\/wp-content\/uploads\/2014\/12\/SAM_1328.jpg\" style=\"clear: right;margin-bottom: 1em;margin-left: auto;margin-right: auto\"><img loading=\"lazy\" decoding=\"async\" border=\"0\" src=\"https:\/\/www.bfv.cloud\/ajedrezeuropa\/wp-content\/uploads\/2014\/12\/SAM_1328.jpg\" height=\"225\" width=\"400\" \/><\/a><\/td>\n<\/tr>\n<tr>\n<td class=\"tr-caption\" style=\"text-align: center\">Luis Miguel Monreal junto a algunos de sus alumnos<\/td>\n<\/tr>\n<\/tbody>\n<\/table>\n<table cellpadding=\"0\" cellspacing=\"0\" class=\"tr-caption-container\" style=\"float: right;margin-left: 1em;text-align: right\">\n<tbody>\n<tr>\n<td style=\"text-align: center\"><a href=\"https:\/\/www.bfv.cloud\/ajedrezeuropa\/wp-content\/uploads\/2014\/12\/SAM_1337.jpg\" style=\"clear: right;margin-bottom: 1em;margin-left: auto;margin-right: auto\"><img loading=\"lazy\" decoding=\"async\" border=\"0\" src=\"https:\/\/www.bfv.cloud\/ajedrezeuropa\/wp-content\/uploads\/2014\/12\/SAM_1337.jpg\" height=\"201\" width=\"400\" \/><\/a><\/td>\n<\/tr>\n<tr>\n<td class=\"tr-caption\" style=\"text-align: center\">Antonio Albo junto a los alumnos de menor edad<\/td>\n<\/tr>\n<\/tbody>\n<\/table>\n<p><b style=\"font-family: 'Helvetica Neue', Arial, Helvetica, sans-serif\">El inicio de los campeonatos provinciales del Deporte en Edad Escolar de Ciudad Real y Toledo a partir de mediados de enero y sus respectivas competiciones por edades, son el principal objetivo en la preparaci\u00f3n intensiva que reciben estos j\u00f3venes ajedrecistas durante estos d\u00edas.<\/b><br \/>\n<b style=\"font-family: 'Helvetica Neue', Arial, Helvetica, sans-serif\"><br \/><\/b><br \/>\n<b style=\"font-family: 'Helvetica Neue', Arial, Helvetica, sans-serif\">Las dos pr\u00f3ximas jornadas seguir\u00e1n dedicadas a mejorar el nivel de conocimientos y preparaci\u00f3n t\u00e9cnica de los alumnos y alumnas procedentes de las escuelas de ajedrez de Alc\u00e1zar de San Juan y Villafranca de los Caballeros.<\/b><\/p>\n","protected":false},"excerpt":{"rendered":"<p>El grupo de tecnificaci\u00f3n del gran maestro Herminio Herr\u00e1iz Este viernes se ha puesto en marcha la \u00abVII CONCENTRACI\u00d3N DE NAVIDAD\u00bb organizada dentro del proyecto Nuestro Ajedrez en Europa. Casi 30 chicos y chicas de edades comprendidas entre 5 y 19 a\u00f1os han comenzado sus clases en los diferentes grupos en los que est\u00e1 organizada [&hellip;]<\/p>\n","protected":false},"author":1,"featured_media":362,"comment_status":"open","ping_status":"closed","sticky":false,"template":"","format":"standard","meta":{"footnotes":""},"categories":[1],"tags":[],"class_list":["post-361","post","type-post","status-publish","format-standard","has-post-thumbnail","hentry","category-noticias"],"_links":{"self":[{"href":"https:\/\/www.bfv.cloud\/ajedrezeuropa\/wp-json\/wp\/v2\/posts\/361","targetHints":{"allow":["GET"]}}],"collection":[{"href":"https:\/\/www.bfv.cloud\/ajedrezeuropa\/wp-json\/wp\/v2\/posts"}],"about":[{"href":"https:\/\/www.bfv.cloud\/ajedrezeuropa\/wp-json\/wp\/v2\/types\/post"}],"author":[{"embeddable":true,"href":"https:\/\/www.bfv.cloud\/ajedrezeuropa\/wp-json\/wp\/v2\/users\/1"}],"replies":[{"embeddable":true,"href":"https:\/\/www.bfv.cloud\/ajedrezeuropa\/wp-json\/wp\/v2\/comments?post=361"}],"version-history":[{"count":1,"href":"https:\/\/www.bfv.cloud\/ajedrezeuropa\/wp-json\/wp\/v2\/posts\/361\/revisions"}],"predecessor-version":[{"id":367,"href":"https:\/\/www.bfv.cloud\/ajedrezeuropa\/wp-json\/wp\/v2\/posts\/361\/revisions\/367"}],"wp:featuredmedia":[{"embeddable":true,"href":"https:\/\/www.bfv.cloud\/ajedrezeuropa\/wp-json\/wp\/v2\/media\/362"}],"wp:attachment":[{"href":"https:\/\/www.bfv.cloud\/ajedrezeuropa\/wp-json\/wp\/v2\/media?parent=361"}],"wp:term":[{"taxonomy":"category","embeddable":true,"href":"https:\/\/www.bfv.cloud\/ajedrezeuropa\/wp-json\/wp\/v2\/categories?post=361"},{"taxonomy":"post_tag","embeddable":true,"href":"https:\/\/www.bfv.cloud\/ajedrezeuropa\/wp-json\/wp\/v2\/tags?post=361"}],"curies":[{"name":"wp","href":"https:\/\/api.w.org\/{rel}","templated":true}]}}