{"id":3612,"date":"2014-02-03T21:12:00","date_gmt":"2014-02-03T21:12:00","guid":{"rendered":"https:\/\/www.bfv.cloud\/ajedrezeuropa\/index.php\/2014\/02\/03\/el-escolar-de-ciudad-real-celebra-su-3a-jornada\/"},"modified":"2025-11-20T11:05:02","modified_gmt":"2025-11-20T11:05:02","slug":"el-escolar-de-ciudad-real-celebra-su-3a-jornada","status":"publish","type":"post","link":"https:\/\/www.bfv.cloud\/ajedrezeuropa\/el-escolar-de-ciudad-real-celebra-su-3a-jornada\/","title":{"rendered":"EL ESCOLAR DE CIUDAD REAL CELEBRA SU 3\u00aa JORNADA"},"content":{"rendered":"<div class=\"separator\" style=\"clear: both;text-align: center\">\n<a href=\"https:\/\/www.bfv.cloud\/ajedrezeuropa\/wp-content\/uploads\/2014\/02\/escolarciudadreal2014001.jpg\" style=\"margin-left: 1em;margin-right: 1em\"><img fetchpriority=\"high\" decoding=\"async\" border=\"0\" src=\"https:\/\/www.bfv.cloud\/ajedrezeuropa\/wp-content\/uploads\/2014\/02\/escolarciudadreal2014001.jpg\" height=\"152\" width=\"640\" \/><\/a><\/div>\n<div class=\"MsoBodyText2\">\n<span style=\"font-family: Verdana, sans-serif\"><br \/><\/span><\/div>\n<div class=\"MsoBodyText2\">\n<span style=\"font-family: Verdana, sans-serif\">Ayer se disputaban 2 nuevas rondas de la fase provincial<br \/>\nde Ciudad Real del Campeonato en Edad Escolar tanto en la categor\u00eda infantil<br \/>\ncomo en cadete. La novedad m\u00e1s importante que se dio a conocer fue el aumento<br \/>\nen 2 chicas del n\u00famero de clasificadas que est\u00e1n jugando el infantil. De esta<br \/>\nforma, la \u00fanica participante en el cadete de 2014, la valdepe\u00f1era Esther Ru\u00edz<br \/>\nde Le\u00f3n, representar\u00eda a Ciudad Real en la fase regional del CRDEE, acompa\u00f1ada<br \/>\nde la 4\u00aa y 5\u00aa clasificadas en el infantil, mientras que las 3 primeras de esta<br \/>\ncategor\u00eda mantendr\u00edan la misma en dicha fase regional.<\/span><span style=\"font-family: Verdana, sans-serif\">&nbsp;<\/span><\/div>\n<h3>\n<u><span style=\"font-family: Verdana, sans-serif\">Campeonato del Deporte en Edad Escolar de Ciudad<br \/>\nReal (infantil)<\/span><\/u><\/h3>\n<div class=\"MsoBodyText2\">\n&nbsp;<span style=\"text-indent: 0cm\"><span style=\"font-family: Verdana, sans-serif\">A falta de las 2 rondas<br \/>\nfinales, son varios los chicos y chicas de nuestra escuela alcazare\u00f1a con<br \/>\nopciones de clasificaci\u00f3n. Estas son sus puntuaciones y posiciones en la<br \/>\nclasificaci\u00f3n provisional despu\u00e9s de 6 rondas:<\/span><\/span><\/div>\n<p><\/p>\n<div style=\"text-align: center\">\n<span style=\"font-family: Verdana, sans-serif\"><u>Con 4 \u00bd puntos:<\/u><\/span><\/div>\n<p><span style=\"font-family: Verdana, sans-serif\"><\/span><\/p>\n<div style=\"text-align: center\">\n<span style=\"font-family: Verdana, sans-serif\"><i><b>Arturo Mate Mart\u00edn<\/b><\/i><\/span><br \/>\n<span style=\"font-family: Verdana, sans-serif\">(7\u00ba a \u00bd punto de la 2\u00aa plaza)<\/span><\/div>\n<div style=\"text-align: center\">\n<span style=\"font-family: Verdana, sans-serif\"><u>Con 4 puntos:<\/u><\/span><\/div>\n<div style=\"text-align: center\">\n<span style=\"font-family: Verdana, sans-serif\"><i><b>Julio M\u00e9rida Ortiz <\/b><\/i><\/span><\/div>\n<div align=\"center\" class=\"MsoNormal\" style=\"text-align: center\">\n<span style=\"font-family: Verdana, sans-serif\">(8\u00ba conservando muy buenos<br \/>\ndesempates)<\/span><span style=\"font-family: Tahoma, sans-serif\"><\/span><\/div>\n<div style=\"text-align: center\">\n<b><span style=\"font-family: Verdana, sans-serif\">Isabel<br \/>\nMarcos-Alberca Lizano<\/span><\/b><\/div>\n<div align=\"center\" class=\"MsoNormal\" style=\"text-align: center\">\n<span>(2\u00aa femenina)<\/span><\/div>\n<div align=\"center\" class=\"MsoNormal\" style=\"text-align: center\">\n<u><span style=\"font-family: Verdana, sans-serif\">Con 3 \u00bd puntos:<\/span><\/u><span><\/span><\/div>\n<div style=\"text-align: center\">\n<span style=\"font-family: Verdana, sans-serif\"><b>Marta Espinosa<br \/>\nGil <\/b>(4\u00aa femenina)<\/span><\/div>\n<div style=\"text-align: center\">\n<b><i><span>Julia Meza Osorio <\/span><\/i><\/b><span style=\"font-family: Tahoma, sans-serif\">(5\u00aa femenina)<\/span><\/div>\n<div align=\"center\" class=\"MsoNormal\" style=\"text-align: center\">\n<b><i><span>Enrique Velasco Aragon\u00e9s<\/span><\/i><\/b><i><span> <\/span><\/i><span>(21\u00ba)<\/span><\/div>\n<div align=\"center\" class=\"MsoNormal\" style=\"text-align: center\">\n<i><u><span>Con 3 puntos:<\/span><\/u><\/i><\/div>\n<div align=\"center\" class=\"MsoNormal\" style=\"text-align: center\">\n<b><i><span>Samuel Ortiz S\u00e1nchez<\/span><\/i><\/b><b><span> <\/span><\/b><span>(32\u00ba)<i><u><\/u><\/i><\/span><\/div>\n<div align=\"center\" class=\"MsoNormal\" style=\"text-align: center\">\n<b><i><span>Pablo Vela Adri\u00e1n<\/span><\/i><\/b><b><span> <\/span><\/b><span>(36\u00ba)<i><u><\/u><\/i><\/span><\/div>\n<div style=\"text-align: center\">\n<span style=\"font-family: Verdana, sans-serif\"><u>Con 1 \u00bd puntos:<\/u><\/span><\/div>\n<div style=\"text-align: center\">\n<b style=\"font-family: Verdana, sans-serif\">Rub\u00e9n Monge Lara<\/b><b style=\"font-family: Verdana, sans-serif\"> <\/b><span style=\"font-family: Verdana, sans-serif\">(61\u00ba)<\/span><\/div>\n<div style=\"text-align: center\">\n<i><u><span>Con 1 punto:<\/span><\/u><\/i><\/div>\n<div align=\"center\" class=\"MsoNormal\" style=\"text-align: center\">\n<b><i><span>\u00c1lvaro S\u00e1nchez-Mateos<\/span><\/i><\/b><b><span> <\/span><\/b><span>(62\u00ba)<\/span><b>&nbsp;<\/b><\/div>\n<p><span style=\"font-family: Verdana, sans-serif\">La clasificaci\u00f3n provisional por<br \/>\nequipos sigue liderada por Tomelloso con 16 puntos, seguida de Valdepe\u00f1as con<br \/>\n15, Alc\u00e1zar con 12 \u00bd es 3\u00aa, quedando en la 4\u00aa plaza Ciudad Real con 9 \u00bd puntos.<\/span><\/p>\n<div class=\"separator\" style=\"clear: both;text-align: center\">\n<a href=\"https:\/\/www.bfv.cloud\/ajedrezeuropa\/wp-content\/uploads\/2014\/02\/escolarciudadreal2014003.jpg\" style=\"margin-left: 1em;margin-right: 1em\"><img decoding=\"async\" border=\"0\" src=\"https:\/\/www.bfv.cloud\/ajedrezeuropa\/wp-content\/uploads\/2014\/02\/escolarciudadreal2014003.jpg\" height=\"100\" width=\"400\" \/><\/a><\/div>\n<h3>\n<span style=\"font-family: Verdana, sans-serif\"><b><u>Campeonato del Deporte en Edad Escolar de Ciudad<br \/>\nReal (cadete)<\/u><\/b><\/span><\/h3>\n<div class=\"MsoBodyTextIndent2\" style=\"text-indent: 0cm\">\n<span style=\"font-family: Verdana, sans-serif\">Con tan solo una ronda por<br \/>\ndisputarse, el alcazare\u00f1o Javier Valdepe\u00f1as Octavio, lidera la clasificaci\u00f3n<br \/>\ncon 4 \u00bd puntos en 5 rondas, distanciando al 2\u00ba clasificado, Miguel Perales, a 1<br \/>\npunto tras las 2 partidas jugadas el domingo. A pesar de todo, el \u00faltimo<br \/>\nenfrentamiento decidir\u00e1 el campeonato al mantener nuestro jugador peores<br \/>\ndesempates en caso de igualdad a puntos, lo que le obligar\u00eda a, como m\u00ednimo,<br \/>\nempatar en caso de victoria del tomellosero.&nbsp;<\/span><u><span style=\"font-size: 18pt\"><\/span><\/u><\/div>\n","protected":false},"excerpt":{"rendered":"<p>Ayer se disputaban 2 nuevas rondas de la fase provincial de Ciudad Real del Campeonato en Edad Escolar tanto en la categor\u00eda infantil como en cadete. La novedad m\u00e1s importante que se dio a conocer fue el aumento en 2 chicas del n\u00famero de clasificadas que est\u00e1n jugando el infantil. De esta forma, la \u00fanica [&hellip;]<\/p>\n","protected":false},"author":1,"featured_media":3613,"comment_status":"open","ping_status":"closed","sticky":false,"template":"","format":"standard","meta":{"footnotes":""},"categories":[1],"tags":[],"class_list":["post-3612","post","type-post","status-publish","format-standard","has-post-thumbnail","hentry","category-noticias"],"_links":{"self":[{"href":"https:\/\/www.bfv.cloud\/ajedrezeuropa\/wp-json\/wp\/v2\/posts\/3612","targetHints":{"allow":["GET"]}}],"collection":[{"href":"https:\/\/www.bfv.cloud\/ajedrezeuropa\/wp-json\/wp\/v2\/posts"}],"about":[{"href":"https:\/\/www.bfv.cloud\/ajedrezeuropa\/wp-json\/wp\/v2\/types\/post"}],"author":[{"embeddable":true,"href":"https:\/\/www.bfv.cloud\/ajedrezeuropa\/wp-json\/wp\/v2\/users\/1"}],"replies":[{"embeddable":true,"href":"https:\/\/www.bfv.cloud\/ajedrezeuropa\/wp-json\/wp\/v2\/comments?post=3612"}],"version-history":[{"count":1,"href":"https:\/\/www.bfv.cloud\/ajedrezeuropa\/wp-json\/wp\/v2\/posts\/3612\/revisions"}],"predecessor-version":[{"id":3615,"href":"https:\/\/www.bfv.cloud\/ajedrezeuropa\/wp-json\/wp\/v2\/posts\/3612\/revisions\/3615"}],"wp:featuredmedia":[{"embeddable":true,"href":"https:\/\/www.bfv.cloud\/ajedrezeuropa\/wp-json\/wp\/v2\/media\/3613"}],"wp:attachment":[{"href":"https:\/\/www.bfv.cloud\/ajedrezeuropa\/wp-json\/wp\/v2\/media?parent=3612"}],"wp:term":[{"taxonomy":"category","embeddable":true,"href":"https:\/\/www.bfv.cloud\/ajedrezeuropa\/wp-json\/wp\/v2\/categories?post=3612"},{"taxonomy":"post_tag","embeddable":true,"href":"https:\/\/www.bfv.cloud\/ajedrezeuropa\/wp-json\/wp\/v2\/tags?post=3612"}],"curies":[{"name":"wp","href":"https:\/\/api.w.org\/{rel}","templated":true}]}}