{"id":3616,"date":"2010-10-25T15:31:00","date_gmt":"2010-10-25T15:31:00","guid":{"rendered":"https:\/\/www.bfv.cloud\/ajedrezeuropa\/index.php\/2010\/10\/25\/nuestros-dos-equipos-en-el-iii-campeonato-de-espana-de-clubes-s-16\/"},"modified":"2025-11-20T11:05:05","modified_gmt":"2025-11-20T11:05:05","slug":"nuestros-dos-equipos-en-el-iii-campeonato-de-espana-de-clubes-s-16","status":"publish","type":"post","link":"https:\/\/www.bfv.cloud\/ajedrezeuropa\/nuestros-dos-equipos-en-el-iii-campeonato-de-espana-de-clubes-s-16\/","title":{"rendered":"NUESTROS DOS EQUIPOS EN EL III CAMPEONATO DE ESPA\u00d1A DE CLUBES S-16"},"content":{"rendered":"<div class=\"separator\" style=\"clear: both;text-align: center\"><a href=\"https:\/\/www.bfv.cloud\/ajedrezeuropa\/wp-content\/uploads\/2010\/10\/fotosdelaescuela138.jpg\" style=\"margin-left: 1em;margin-right: 1em\"><img fetchpriority=\"high\" decoding=\"async\" border=\"0\" height=\"300\" src=\"https:\/\/blogger.googleusercontent.com\/img\/b\/R29vZ2xl\/AVvXsEgPizaVRZ0OlS9CUA2wrya9WHvg7lqL7UH4XUvH3IM9yT8gk8J0zNzyQfL3XcsuYW5zUhigy_ggXZ7F_uwLOyEdgiuGiicECzOi7ar7w9fqcIXZBIM-zM7scmsiesoZGnO5jdMxMF1ziMM\/s400\/fotos+de+la+escuela+138.jpg\" width=\"400\" \/><\/a><\/div>\n<div class=\"separator\" style=\"clear: both;text-align: center\"><a href=\"https:\/\/www.bfv.cloud\/ajedrezeuropa\/wp-content\/uploads\/2010\/10\/fotosdelaescuela140.jpg\" style=\"clear: right;float: right;margin-bottom: 1em;margin-left: 1em\"><img decoding=\"async\" border=\"0\" height=\"240\" src=\"https:\/\/blogger.googleusercontent.com\/img\/b\/R29vZ2xl\/AVvXsEjXENj5KZ44DwToKX2O9JWuvrPcACYrAYKn0l79VZepvFPcnrn1AD9EyACF8fY3dkuE5b7HwhNNQbrdP2OxAKvHDPf2aI3WRROYIqQcVFxsoiLUVE4yFpKx7WFPcst-rfK2lAR0pEWUyLk\/s320\/fotos+de+la+escuela+140.jpg\" width=\"320\" \/><\/a><strong>El pr\u00f3ximo Campeonato de Espa\u00f1a por Equipos de Club S-16, que se celebrar\u00e1 en el Hotel Bali de Benidorm entre el 4 y el 8 de diciembre, contar\u00e1 con la presencia de 6 chicos y 3 chicas pertenecientes a los dos clubes ligados a nuestro proyecto. Por un lado, el Club Nuestro Ajedrez en Europa, en el que jugar\u00e1n los 5 chicos que obtuvieron el&nbsp;t\u00edtulo de campe\u00f3n&nbsp;regional de la categor\u00eda hace unas semanas, y por otro, el nuevo Club Nuestro Ajedrez por la Igualdad, que asistir\u00e1 representado&nbsp;por 3 chicas y 1 chico. En la foto superior se puede ver a 8 de ellos, de izquierda a derecha: Daniel Salas, Jorge Sim\u00f3n, Santiago&nbsp;Talavera, Daniel P\u00edriz, Jos\u00e9 \u00c1ngel Vela, Silvia Toribio, Irene Sim\u00f3n y Blanca Y\u00e9benes, a los que se unir\u00e1 el noveno jugador, Sergio Valencia. Puedo afirmar en nombre de todos los que trabajamos en este proyecto, ya sea desde las escuelas o desde los clubes o a trav\u00e9s de las clases semanales, los campus de verano o las concentraciones de Navidad, que nos enorgullece&nbsp;poder presentar esta y otras noticias como la consecuci\u00f3n &nbsp;del trabajo personal y colectivo que se desarrolla en favor del ajedrez y en beneficio de todos nuestros chicos y chicas. En este aspecto, no puedo m\u00e1s que lamentar la decisi\u00f3n de aplazar a 2011 la celebraci\u00f3n del Campeonato Provincial Absoluto por Equipos&nbsp;de Toledo, pues, para todos los chicos y chicas que ven\u00edan compitiendo,&nbsp;era una buena preparaci\u00f3n para afrontar&nbsp;otros&nbsp;torneos tan importantes como este del Bali o el provincial escolar.<\/strong><\/div>\n<div class=\"separator\" style=\"clear: both;text-align: center\"><strong>Debo a\u00f1adir, retomando nuestra noticia, que es un honor dirigir un proyecto tan rico y plural, capaz de aunar a diferentes pueblos, a distintas provincias, a varias regiones e incluso a distantes pa\u00edses, como M\u00e9xico, Italia, Suiza o Rumania. De ello se presume, no se oculta. En efecto, todos juntos compiten, todos juntos se forman, todos juntos estudian y todos juntos se esfuerzan, porque aqu\u00ed no hay fronteras culturales ni pol\u00edticas, ni tampoco falsas&nbsp;aduanas provinciales que lo \u00fanico que buscan es ensalzar la mediocridad de algunos, previo pago de su correspondiente peaje feudal traducido en una rid\u00edcula licencia federativa provincial, de car\u00e1cter tribal, que solamente da derecho a jugar con los de tu propio clan.&nbsp;Dej\u00e9monos de banalidades y luchemos, todos juntos, por hacer m\u00e1s rico y participativo nuestro deporte. <\/strong><\/div>\n<div class=\"separator\" style=\"clear: both;text-align: center\"><strong>Para terminar, quiero adelantar la pr\u00f3xima publicaci\u00f3n de una magn\u00edfica&nbsp;noticia que tendr\u00e1 como protagonistas a nuestro proyecto y a uno de los clubes m\u00e1s importantes de Espa\u00f1a, y que servir\u00e1 para engrandecer y enriquecer a ambas canteras de ajedrecistas, as\u00ed como a la significativa ampliaci\u00f3n de \u00abNuestro Ajedrez en Europa\u00bb con el desarrollo de programas sociales que nos acercar\u00e1n&nbsp;a otros colectivos muy especiales.<\/strong><\/div>\n<div class=\"separator\" style=\"clear: both;text-align: center\">\n<\/div>\n<div class=\"separator\" style=\"clear: both;text-align: center\"><em>F\u00e9lix Toribio G\u00f3mez<\/em><\/div>\n<div class=\"separator\" style=\"clear: both;text-align: center\"><em>Director de \u00abNuestro Ajedrez en Europa\u00bb<\/em><\/div>\n","protected":false},"excerpt":{"rendered":"<p>El pr\u00f3ximo Campeonato de Espa\u00f1a por Equipos de Club S-16, que se celebrar\u00e1 en el Hotel Bali de Benidorm entre el 4 y el 8 de diciembre, contar\u00e1 con la presencia de 6 chicos y 3 chicas pertenecientes a los dos clubes ligados a nuestro proyecto. Por un lado, el Club Nuestro Ajedrez en Europa, [&hellip;]<\/p>\n","protected":false},"author":1,"featured_media":3617,"comment_status":"open","ping_status":"closed","sticky":false,"template":"","format":"standard","meta":{"footnotes":""},"categories":[1],"tags":[],"class_list":["post-3616","post","type-post","status-publish","format-standard","has-post-thumbnail","hentry","category-noticias"],"_links":{"self":[{"href":"https:\/\/www.bfv.cloud\/ajedrezeuropa\/wp-json\/wp\/v2\/posts\/3616","targetHints":{"allow":["GET"]}}],"collection":[{"href":"https:\/\/www.bfv.cloud\/ajedrezeuropa\/wp-json\/wp\/v2\/posts"}],"about":[{"href":"https:\/\/www.bfv.cloud\/ajedrezeuropa\/wp-json\/wp\/v2\/types\/post"}],"author":[{"embeddable":true,"href":"https:\/\/www.bfv.cloud\/ajedrezeuropa\/wp-json\/wp\/v2\/users\/1"}],"replies":[{"embeddable":true,"href":"https:\/\/www.bfv.cloud\/ajedrezeuropa\/wp-json\/wp\/v2\/comments?post=3616"}],"version-history":[{"count":1,"href":"https:\/\/www.bfv.cloud\/ajedrezeuropa\/wp-json\/wp\/v2\/posts\/3616\/revisions"}],"predecessor-version":[{"id":3619,"href":"https:\/\/www.bfv.cloud\/ajedrezeuropa\/wp-json\/wp\/v2\/posts\/3616\/revisions\/3619"}],"wp:featuredmedia":[{"embeddable":true,"href":"https:\/\/www.bfv.cloud\/ajedrezeuropa\/wp-json\/wp\/v2\/media\/3617"}],"wp:attachment":[{"href":"https:\/\/www.bfv.cloud\/ajedrezeuropa\/wp-json\/wp\/v2\/media?parent=3616"}],"wp:term":[{"taxonomy":"category","embeddable":true,"href":"https:\/\/www.bfv.cloud\/ajedrezeuropa\/wp-json\/wp\/v2\/categories?post=3616"},{"taxonomy":"post_tag","embeddable":true,"href":"https:\/\/www.bfv.cloud\/ajedrezeuropa\/wp-json\/wp\/v2\/tags?post=3616"}],"curies":[{"name":"wp","href":"https:\/\/api.w.org\/{rel}","templated":true}]}}