{"id":3622,"date":"2013-06-01T18:58:00","date_gmt":"2013-06-01T18:58:00","guid":{"rendered":"https:\/\/www.bfv.cloud\/ajedrezeuropa\/index.php\/2013\/06\/01\/manana-la-ultima-y-decisiva-ronda-del-escolar-regional\/"},"modified":"2025-11-20T11:05:12","modified_gmt":"2025-11-20T11:05:12","slug":"manana-la-ultima-y-decisiva-ronda-del-escolar-regional","status":"publish","type":"post","link":"https:\/\/www.bfv.cloud\/ajedrezeuropa\/manana-la-ultima-y-decisiva-ronda-del-escolar-regional\/","title":{"rendered":"MA\u00d1ANA LA \u00daLTIMA Y DECISIVA RONDA DEL ESCOLAR REGIONAL"},"content":{"rendered":"<table cellpadding=\"0\" cellspacing=\"0\" class=\"tr-caption-container\" style=\"float: right;margin-left: 1em;text-align: right\">\n<tbody>\n<tr>\n<td style=\"text-align: center\"><a href=\"https:\/\/www.bfv.cloud\/ajedrezeuropa\/wp-content\/uploads\/2013\/06\/FOTOSESCOLARREGIONALCASTILLA-LAMANCHA2013010.jpg\" style=\"clear: right;margin-bottom: 1em;margin-left: auto;margin-right: auto\"><img fetchpriority=\"high\" decoding=\"async\" border=\"0\" height=\"300\" src=\"https:\/\/blogger.googleusercontent.com\/img\/b\/R29vZ2xl\/AVvXsEjiRy3aIun2nOhyphenhyphenNppSDaghHvX-WiMScEwpgva-Nlsw92sLr3X9Ujp6siMQTKtDCd-rGjDvBWZtQoSFio9MrK2D_w8YXZfYSrdyRifRw0GFBEnM56AHPtCWDu1CLZCkEeh4NtaBK0zLREo\/s400\/FOTOS+ESCOLAR+REGIONAL+CASTILLA-LA+MANCHA+2013+010.jpg\" width=\"400\" \/><\/a><\/td>\n<\/tr>\n<tr>\n<td class=\"tr-caption\" style=\"text-align: center\">Javier, Irene, Isabel, Isaac, Silvia, Alba y Marta, en la terraza del albergue<br \/>\nque aloja este regional<\/td>\n<\/tr>\n<\/tbody>\n<\/table>\n<p><\/p>\n<table cellpadding=\"0\" cellspacing=\"0\" class=\"tr-caption-container\" style=\"float: right;margin-left: 1em;text-align: right\">\n<tbody>\n<tr>\n<td style=\"text-align: center\"><a href=\"https:\/\/www.bfv.cloud\/ajedrezeuropa\/wp-content\/uploads\/2013\/06\/FOTOSESCOLARREGIONALCASTILLA-LAMANCHA2013014.jpg\" style=\"clear: right;margin-bottom: 1em;margin-left: auto;margin-right: auto\"><img decoding=\"async\" border=\"0\" height=\"300\" src=\"https:\/\/blogger.googleusercontent.com\/img\/b\/R29vZ2xl\/AVvXsEhBFhAQi1F7rwZXF344mFUwaKxffvY2P_ELeGOiP1yxhvT5QzNC2F4Em4_MhWrF33OWOSjoonF9ss5czkXwOZnscRUfOnhJz6jmydcquAt-_OT7_vOB40oXUMBjf8XJdI8iT2IuRmsAOCA\/s400\/FOTOS+ESCOLAR+REGIONAL+CASTILLA-LA+MANCHA+2013+014.jpg\" width=\"400\" \/><\/a><\/td>\n<\/tr>\n<tr>\n<td class=\"tr-caption\" style=\"text-align: center\">Leo es el octavo jugador de nuestras escuelas en este campeonato<\/td>\n<\/tr>\n<\/tbody>\n<\/table>\n<p>&nbsp;<span style=\"font-family: Verdana, sans-serif\"><b>Despu\u00e9s de 5 rondas en el Escolar de Castilla-La Mancha ninguna categor\u00eda tiene decididas las posiciones de honor definitivas. La 6\u00aa y \u00faltima partida de cada torneo se disputar\u00e1 ma\u00f1ana a partir de las 9,30 horas, con los siguientes emparejamientos de nuestros 8 jugadores:<\/b><\/span><\/p>\n<div style=\"text-align: center\">\n<span style=\"font-family: Verdana, sans-serif\"><b><u>CADETE MASCULINO<\/u><\/b><\/span><\/div>\n<div style=\"text-align: center\">\n<b style=\"font-family: Verdana, sans-serif\">&nbsp;Mesa 4: Leo de Giorgi-Isaac Lozano<\/b><\/div>\n<div style=\"text-align: center\">\n<span style=\"font-family: Verdana, sans-serif\"><b><u>CADETE FEMENINO<\/u><\/b><\/span><\/div>\n<div style=\"text-align: center\">\n<span style=\"font-family: Verdana, sans-serif\"><b>Mesa 2: Celia Mill\u00e1n- Silvia Toribio<\/b><\/span><\/div>\n<div style=\"text-align: center\">\n<span style=\"font-family: Verdana, sans-serif\"><b><u>INFANTIL MASCULINO<\/u><\/b><\/span><\/div>\n<div style=\"text-align: center\">\n<span style=\"font-family: Verdana, sans-serif\"><b>Mesa 1:Javier Valdepe\u00f1as-Ignacio Mart\u00ednez<\/b><\/span><\/div>\n<div style=\"text-align: center\">\n<span style=\"font-family: Verdana, sans-serif\"><b><u>INFANTIL FEMENINO<\/u><\/b><\/span><\/div>\n<div style=\"text-align: center\">\n<span style=\"font-family: Verdana, sans-serif\"><b>Mesa 1: Esther Ru\u00edz de Le\u00f3n- Irene Sim\u00f3n<\/b><\/span><\/div>\n<div style=\"text-align: center\">\n<b style=\"font-family: Verdana, sans-serif\">Mesa 4: Alba P\u00edriz-M\u00f3nica L\u00f3pez<\/b><br \/>\n<b style=\"font-family: Verdana, sans-serif\"><br \/><\/b><br \/>\n<b style=\"font-family: Verdana, sans-serif\">Mesa 5: Marta Espinosa-Isabel Marcos-Alberca<\/b><\/div>\n<div style=\"text-align: left\">\n<span style=\"font-family: Verdana, sans-serif\"><b>Las clasificaciones provisionales de cada uno de ellos son:<\/b><\/span><\/p>\n<div style=\"text-align: center\">\n<span style=\"color: #274e13;font-family: Verdana, sans-serif\"><b><u>CADETE MASCULINO<\/u><\/b><\/span><\/div>\n<div style=\"text-align: center\">\n<span style=\"color: #274e13;font-family: Verdana, sans-serif\"><b>5\u00ba Isaac Lozano, 3 puntos.<\/b><\/span><\/div>\n<div style=\"text-align: center\">\n<div style=\"text-align: center\">\n<span style=\"color: #274e13;font-family: Verdana, sans-serif\"><b>8\u00ba Leo de Giorgi, 3 puntos<\/b><\/span><\/div>\n<\/div>\n<div style=\"text-align: left\">\n<div style=\"text-align: center\">\n<span style=\"color: #274e13;font-family: Verdana, sans-serif\"><b>(ambos est\u00e1n empatados con el 3er. clasificado)<\/b><\/span><\/div>\n<\/div>\n<div style=\"text-align: center\">\n<span style=\"color: #274e13;font-family: Verdana, sans-serif\"><b><u>CADETE FEMENINO<\/u><\/b><\/span><\/div>\n<\/div>\n<div style=\"text-align: center\">\n<span style=\"color: #274e13;font-family: Verdana, sans-serif\"><b>4\u00aa Silvia Toribio, 3,5 puntos&nbsp;<\/b><\/span><br \/>\n<span style=\"color: #274e13;font-family: Verdana, sans-serif\"><b>(Hay 5 jugadoras empatadas con esta puntuaci\u00f3n en los puestos del 1\u00ba al 5\u00ba)<\/b><\/span><br \/>\n<span style=\"color: #274e13;font-family: Verdana, sans-serif\"><b><u>INFANTIL MASCULINO<\/u><\/b><\/span><br \/>\n<span style=\"color: #274e13;font-family: Verdana, sans-serif\"><b>3\u00ba Javier Valdepe\u00f1as, 4 puntos&nbsp;<\/b><\/span><br \/>\n<span style=\"color: #274e13;font-family: Verdana, sans-serif\"><b>(empatado con 1\u00ba y 2\u00ba)<\/b><\/span><br \/>\n<span style=\"color: #274e13;font-family: Verdana, sans-serif\"><b><u>INFANTIL FEMENINO<\/u><\/b><\/span><br \/>\n<span style=\"color: #274e13;font-family: Verdana, sans-serif\"><b>2\u00aa Irene Sim\u00f3n, 4 puntos&nbsp;<\/b><\/span><br \/>\n<span style=\"color: #274e13;font-family: Verdana, sans-serif\"><b>(A 1 punto de su rival de ma\u00f1ana y con otro punto de ventaja sobre el grupo de 3)<\/b><\/span><br \/>\n<span style=\"color: #274e13;font-family: Verdana, sans-serif\"><b>Y en su primer campeonato regional escolar:<\/b><\/span><br \/>\n<span style=\"color: #274e13;font-family: Verdana, sans-serif\"><b>9\u00aa Marta Espinosa, 2 puntos<\/b><\/span><br \/>\n<span style=\"color: #274e13;font-family: Verdana, sans-serif\"><b>10\u00aa Alba P\u00edriz, 1,5 puntos<\/b><\/span><br \/>\n<span style=\"color: #274e13;font-family: Verdana, sans-serif\"><b>11\u00aa Isabel Marcos-Alberca, 1 punto<\/b><\/span><\/div>\n<div style=\"text-align: center\">\n<span style=\"font-family: Verdana, sans-serif\"><b><u><br \/><\/u><\/b><\/span><\/div>\n<div style=\"text-align: left\">\n<span style=\"font-family: Verdana, sans-serif\"><b>No cabe ninguna duda de la satisfacci\u00f3n que proporciona llevar 8 jugadores a este regional, todos con ganas de mejorar personalmente en los aspectos de juego y resultados, pero concienciados de la importancia de la convivencia con sus compa\u00f1eros y del ambiente de equipo que siempre ha caracterizado las competiciones en las que se dan cita nuestros ajedrecistas. Deseamos que esta ronda final sirva para demostrar el gran potencial que todos ellos atesoran y les aporte seguridad en sus posibilidades de mejora individual y colectiva.<\/b><\/span><\/div>\n<table align=\"center\" cellpadding=\"0\" cellspacing=\"0\" class=\"tr-caption-container\" style=\"margin-left: auto;margin-right: auto;text-align: center\">\n<tbody>\n<tr>\n<td style=\"text-align: center\"><a href=\"https:\/\/www.bfv.cloud\/ajedrezeuropa\/wp-content\/uploads\/2013\/06\/FOTOSESCOLARREGIONALCASTILLA-LAMANCHA2013005.jpg\" style=\"margin-left: auto;margin-right: auto\"><img decoding=\"async\" border=\"0\" height=\"300\" src=\"https:\/\/blogger.googleusercontent.com\/img\/b\/R29vZ2xl\/AVvXsEh9Lv6htefWExGCgKEsG-fd2-CMSKu1bHT77sr_hz3DzbvAVhBHeIncbSExkxNeXtm8ymGOkPKhx1YbPAdgTvCjOVpCC2vJC23owTPFwwI80IMBF12QWi1yEHgLUd7QBHVbc8TQvFLX3QI\/s400\/FOTOS+ESCOLAR+REGIONAL+CASTILLA-LA+MANCHA+2013+005.jpg\" width=\"400\" \/><\/a><\/td>\n<\/tr>\n<tr>\n<td class=\"tr-caption\" style=\"text-align: center\">Una imagen de la laguna \u00abLa Colgada\u00bb en Ruidera<\/td>\n<\/tr>\n<\/tbody>\n<\/table>\n<p><\/p>\n","protected":false},"excerpt":{"rendered":"<p>Javier, Irene, Isabel, Isaac, Silvia, Alba y Marta, en la terraza del albergue que aloja este regional Leo es el octavo jugador de nuestras escuelas en este campeonato &nbsp;Despu\u00e9s de 5 rondas en el Escolar de Castilla-La Mancha ninguna categor\u00eda tiene decididas las posiciones de honor definitivas. La 6\u00aa y \u00faltima partida de cada torneo [&hellip;]<\/p>\n","protected":false},"author":1,"featured_media":3623,"comment_status":"open","ping_status":"closed","sticky":false,"template":"","format":"standard","meta":{"footnotes":""},"categories":[1],"tags":[],"class_list":["post-3622","post","type-post","status-publish","format-standard","has-post-thumbnail","hentry","category-noticias"],"_links":{"self":[{"href":"https:\/\/www.bfv.cloud\/ajedrezeuropa\/wp-json\/wp\/v2\/posts\/3622","targetHints":{"allow":["GET"]}}],"collection":[{"href":"https:\/\/www.bfv.cloud\/ajedrezeuropa\/wp-json\/wp\/v2\/posts"}],"about":[{"href":"https:\/\/www.bfv.cloud\/ajedrezeuropa\/wp-json\/wp\/v2\/types\/post"}],"author":[{"embeddable":true,"href":"https:\/\/www.bfv.cloud\/ajedrezeuropa\/wp-json\/wp\/v2\/users\/1"}],"replies":[{"embeddable":true,"href":"https:\/\/www.bfv.cloud\/ajedrezeuropa\/wp-json\/wp\/v2\/comments?post=3622"}],"version-history":[{"count":1,"href":"https:\/\/www.bfv.cloud\/ajedrezeuropa\/wp-json\/wp\/v2\/posts\/3622\/revisions"}],"predecessor-version":[{"id":3626,"href":"https:\/\/www.bfv.cloud\/ajedrezeuropa\/wp-json\/wp\/v2\/posts\/3622\/revisions\/3626"}],"wp:featuredmedia":[{"embeddable":true,"href":"https:\/\/www.bfv.cloud\/ajedrezeuropa\/wp-json\/wp\/v2\/media\/3623"}],"wp:attachment":[{"href":"https:\/\/www.bfv.cloud\/ajedrezeuropa\/wp-json\/wp\/v2\/media?parent=3622"}],"wp:term":[{"taxonomy":"category","embeddable":true,"href":"https:\/\/www.bfv.cloud\/ajedrezeuropa\/wp-json\/wp\/v2\/categories?post=3622"},{"taxonomy":"post_tag","embeddable":true,"href":"https:\/\/www.bfv.cloud\/ajedrezeuropa\/wp-json\/wp\/v2\/tags?post=3622"}],"curies":[{"name":"wp","href":"https:\/\/api.w.org\/{rel}","templated":true}]}}