{"id":3627,"date":"2020-02-17T11:50:00","date_gmt":"2020-02-17T11:50:00","guid":{"rendered":"https:\/\/www.bfv.cloud\/ajedrezeuropa\/index.php\/2020\/02\/17\/campeonato-escolar-y-federado-de-toledo-alfredo-amador-campeon-juvenil-alonso-lopez-subcampeon-infantil-y-sub-14-jaime-vila-subcampeon-sub-8\/"},"modified":"2025-11-20T11:05:23","modified_gmt":"2025-11-20T11:05:23","slug":"campeonato-escolar-y-federado-de-toledo-alfredo-amador-campeon-juvenil-alonso-lopez-subcampeon-infantil-y-sub-14-jaime-vila-subcampeon-sub-8","status":"publish","type":"post","link":"https:\/\/www.bfv.cloud\/ajedrezeuropa\/campeonato-escolar-y-federado-de-toledo-alfredo-amador-campeon-juvenil-alonso-lopez-subcampeon-infantil-y-sub-14-jaime-vila-subcampeon-sub-8\/","title":{"rendered":"CAMPEONATO ESCOLAR Y FEDERADO DE TOLEDO: ALFREDO AMADOR, CAMPE\u00d3N JUVENIL; ALONSO L\u00d3PEZ, SUBCAMPE\u00d3N INFANTIL Y SUB-14; JAIME VILA, SUBCAMPE\u00d3N SUB-8"},"content":{"rendered":"<table cellpadding=\"0\" cellspacing=\"0\" class=\"tr-caption-container\" style=\"float: right;margin-left: 1em;text-align: right\">\n<tbody>\n<tr>\n<td style=\"text-align: center\"><a href=\"https:\/\/www.bfv.cloud\/ajedrezeuropa\/wp-content\/uploads\/2020\/02\/PODIOS.jpg\" style=\"clear: right;margin-bottom: 1em;margin-left: auto;margin-right: auto\"><img fetchpriority=\"high\" decoding=\"async\" border=\"0\" data-original-height=\"1564\" data-original-width=\"1564\" height=\"400\" src=\"https:\/\/blogger.googleusercontent.com\/img\/b\/R29vZ2xl\/AVvXsEiUoNQiUif6GOPvr9ZbIYy3mTJBS_HjomEII5PT0Bbzpz4Z1JGV6T4_XKksyydl6Y6ZqNSX92uMgBVQofZtGWmDOGqCtPgJkaeDlJ91YMRhEXUyDb_jWzaRWgirh7ESz64TCbbnwVKQLss\/s400\/PODIOS.jpg\" width=\"400\" \/><\/a><\/td>\n<\/tr>\n<tr>\n<td class=\"tr-caption\" style=\"text-align: center\">Alfredo, Alonso y Jaime, en el podio<\/td>\n<\/tr>\n<\/tbody>\n<\/table>\n<p><span style=\"font-family: Georgia, Times New Roman, serif;font-size: large\"><b>El Campeonato del Deporte en Edad Escolar y Federado por Edades de Toledo deja un oro y 3 platas en el balance de resultados de la Escuela de Ajedrez de Villafranca de los Caballeros. Esta&nbsp; escuela deportiva, que cuenta con 25 a\u00f1os de existencia, es uno de los pilares del proyecto Nuestro Ajedrez en Europa, junto a la escuela de Alc\u00e1zar de San Juan. Los campeonatos escolares y por edades de Toledo y Ciudad Real suponen el comienzo de la temporada para los j\u00f3venes ajedrecistas de estas 2 provincias, dentro de una ruta que les llevar\u00e1 a disputar el regional por categor\u00edas a principios de abril y la fase auton\u00f3mica del CRDEE en los primeros d\u00edas de mayo.<\/p>\n<table align=\"center\" cellpadding=\"0\" cellspacing=\"0\" class=\"tr-caption-container\" style=\"margin-left: auto;margin-right: auto;text-align: center\">\n<tbody>\n<tr>\n<td style=\"text-align: center\"><a href=\"https:\/\/www.bfv.cloud\/ajedrezeuropa\/wp-content\/uploads\/2020\/02\/ESCUELAAJEDREZVILLAFRANCA252BCONSUEGRA.jpg\" style=\"margin-left: auto;margin-right: auto\"><img decoding=\"async\" border=\"0\" data-original-height=\"1062\" data-original-width=\"1600\" height=\"424\" src=\"https:\/\/blogger.googleusercontent.com\/img\/b\/R29vZ2xl\/AVvXsEjOrDGepaVKYJbFmorj0LEhzl_20wpME-rVgVhIw1I41NYE7bkNPZs713DPzv9iC44z-Qts6XQ5-rRDvFDNyQsgSGcdVu1rrAkjfCEAio4kM_9GqaAGxn-2Ue1oO4vdA08oYdaF_3RIzCs\/s640\/ESCUELA+AJEDREZ+VILLAFRANCA%252BCONSUEGRA.jpg\" width=\"640\" \/><\/a><\/td>\n<\/tr>\n<tr>\n<td class=\"tr-caption\" style=\"text-align: center\">Grupo de jugadores de Villfranca y Consuegra<br \/>Foto: Rub\u00e9n Crespo<\/td>\n<\/tr>\n<\/tbody>\n<\/table>\n<p><\/b><\/span><br \/>\n<span style=\"font-family: Georgia, Times New Roman, serif;font-size: large\"><b><i><u>Alfredo Amador And\u00fajar, campe\u00f3n juvenil de Toledo<\/u><\/i><\/b><\/span><\/p>\n<table cellpadding=\"0\" cellspacing=\"0\" class=\"tr-caption-container\" style=\"float: right;margin-left: 1em;text-align: right\">\n<tbody>\n<tr>\n<td style=\"text-align: center\"><a href=\"https:\/\/www.bfv.cloud\/ajedrezeuropa\/wp-content\/uploads\/2020\/02\/ALFREDOAMADOR252822529.jpg\" style=\"clear: right;margin-bottom: 1em;margin-left: auto;margin-right: auto\"><img decoding=\"async\" border=\"0\" data-original-height=\"1599\" data-original-width=\"1200\" height=\"400\" src=\"https:\/\/blogger.googleusercontent.com\/img\/b\/R29vZ2xl\/AVvXsEiUqEKH3R77rQxyJk821knEklTUNWNp8IeC72V89DfG2Xl1iQmEwh5Ip2IE2myzYcY4D7vRsHGx_u1foreeaonYzilirs76UMWgsjcc9rsndRxya4ibzWQrbKGvFS6Hf0PDqmGhuRGwleY\/s400\/ALFREDO+AMADOR+%25282%2529.jpg\" width=\"300\" \/><\/a><\/td>\n<\/tr>\n<tr>\n<td class=\"tr-caption\" style=\"text-align: center\">Alfredo Amador<\/td>\n<\/tr>\n<\/tbody>\n<\/table>\n<p><span style=\"font-family: Georgia, Times New Roman, serif;font-size: large\"><b><i><u><br \/><\/u><\/i><\/b><\/span><br \/>\n<span style=\"font-family: Georgia, Times New Roman, serif;font-size: large\"><b>En el ajedrez, la categor\u00eda sub-18 es la que suele presentar un mayor nivel de juego y la que requiere de una mayor preparaci\u00f3n t\u00e9cnica. Por tercer a\u00f1o consecutivo, este provincial juvenil, tiene un campe\u00f3n de Nuestro Ajedrez en Europa. En esta ocasi\u00f3n, <span style=\"color: blue\">Alfredo Amador<\/span>, logra la medalla de oro tras sumar 3,5 puntos de los 4 posibles.<\/b><\/span><br \/>\n<span style=\"font-family: Georgia, Times New Roman, serif;font-size: large\"><b><i><u>Alonso L\u00f3pez N\u00fa\u00f1ez, subcampe\u00f3n del Escolar Infantil y subcampe\u00f3n de la categor\u00eda sub-14<\/u><\/i><\/b><\/span><\/p>\n<table cellpadding=\"0\" cellspacing=\"0\" class=\"tr-caption-container\" style=\"float: left;margin-right: 1em;text-align: left\">\n<tbody>\n<tr>\n<td style=\"text-align: center\"><a href=\"https:\/\/www.bfv.cloud\/ajedrezeuropa\/wp-content\/uploads\/2020\/02\/ALONSOLOPEZ3.jpg\" style=\"clear: left;margin-bottom: 1em;margin-left: auto;margin-right: auto\"><img loading=\"lazy\" decoding=\"async\" border=\"0\" data-original-height=\"1163\" data-original-width=\"812\" height=\"400\" src=\"https:\/\/blogger.googleusercontent.com\/img\/b\/R29vZ2xl\/AVvXsEhQThsum_zdgsWMz-pxsJpngJXkHJkVDShs_Pw7hLdOk9c-ye_2OOJVtAStNsqC9UgTy-Vs-xtZCglVxtMxD4zqg7SCoZVFuLPZibVCSI3QB_-u09qt3MzYlef5CQOIaPBS5zptpIcQccU\/s400\/ALONSO+LOPEZ+3.jpg\" width=\"278\" \/><\/a><\/td>\n<\/tr>\n<tr>\n<td class=\"tr-caption\" style=\"text-align: center\">Alonso L\u00f3pez<\/td>\n<\/tr>\n<\/tbody>\n<\/table>\n<p><span style=\"font-family: Georgia, Times New Roman, serif;font-size: large\"><b>Las 9 rondas disputadas en la categor\u00eda infantil del escolar toledano han tra\u00eddo emoci\u00f3n e igualdad a un campeonato muy abierto donde una decena de jugadores han luchado, hasta la \u00faltima ronda, por las 3 plazas que clasifican para la fase regional.<\/b><\/span><br \/>\n<span style=\"font-family: Georgia, Times New Roman, serif;font-size: large\"><b>Con 8 puntos y ocupando la 2\u00aa plaza queda: <span style=\"color: blue\">Alonso L\u00f3pez<\/span>, tras medirse con varios de los candidatos al t\u00edtulo provincial. Este mismo resultado le hace obtener la medalla de plata de la categor\u00eda sub-14.<\/b><\/span><\/p>\n<table cellpadding=\"0\" cellspacing=\"0\" class=\"tr-caption-container\" style=\"float: right;text-align: right\">\n<tbody>\n<tr>\n<td style=\"text-align: center\"><a href=\"https:\/\/www.bfv.cloud\/ajedrezeuropa\/wp-content\/uploads\/2020\/02\/GABRIELAMADOR3.jpg\" style=\"clear: right;margin-bottom: 1em;margin-left: auto;margin-right: auto\"><img loading=\"lazy\" decoding=\"async\" border=\"0\" data-original-height=\"1123\" data-original-width=\"837\" height=\"320\" src=\"https:\/\/blogger.googleusercontent.com\/img\/b\/R29vZ2xl\/AVvXsEh2ZaPDo9N9BC3JnLdQEkXZEc-qO5PNdKPHlr_NJ-hX1mpCzZjXbEGIaZyEGOrWe8QBP6nCH4-2_5hugCRadB2PLUZkzDQh_H60xr3eLIJkvlHStmlrmWMJHj0nfzGySNKGf7EuPBhxZwQ\/s320\/GABRIEL+AMADOR+3.jpg\" width=\"237\" \/><\/a><\/td>\n<\/tr>\n<tr>\n<td class=\"tr-caption\" style=\"text-align: center\">Gabriel Amador<\/td>\n<\/tr>\n<\/tbody>\n<\/table>\n<p><span style=\"font-family: Georgia, Times New Roman, serif;font-size: large\"><b>Por su parte, <span style=\"color: blue\">Gabriel Amador And\u00fajar<\/span>, suma 7 puntos, quedando 9\u00ba del infantil aunque empatado con el 4\u00ba clasificado despu\u00e9s de una sola derrota. En el sub-14 queda 6\u00ba a medio punto del tercer puesto.<\/b><\/span><br \/>\n<span style=\"font-family: Georgia, Times New Roman, serif;font-size: large\"><b><br \/><\/b><\/span><br \/>\n<span style=\"font-family: Georgia, Times New Roman, serif;font-size: large\"><b><i><u>Jaime Vila Castillo, subcampe\u00f3n sub-8<\/u><\/i><\/b><\/span><br \/>\n<span style=\"font-family: Georgia, Times New Roman, serif;font-size: large\"><b>En el grupo de menor edad de las competiciones nacionales de ajedrez (sub-8) se encuentran las peque\u00f1as promesas de nuestro deporte.&nbsp;<\/b><\/span><\/p>\n<table cellpadding=\"0\" cellspacing=\"0\" class=\"tr-caption-container\" style=\"float: left;margin-right: 1em;text-align: left\">\n<tbody>\n<tr>\n<td style=\"text-align: center\"><a href=\"https:\/\/www.bfv.cloud\/ajedrezeuropa\/wp-content\/uploads\/2020\/02\/JAIMEVILA2.jpg\" style=\"clear: left;margin-bottom: 1em;margin-left: auto;margin-right: auto\"><img loading=\"lazy\" decoding=\"async\" border=\"0\" data-original-height=\"1184\" data-original-width=\"982\" height=\"320\" src=\"https:\/\/blogger.googleusercontent.com\/img\/b\/R29vZ2xl\/AVvXsEhTzZPXwS1Dj5kW1nEZno5btY2Ry5hteoxJiJVmMHlyaNThHCK-Y0Mpr0TEa9LVVUU4loBaJ3xWyNqmbtzbafrgwJsMA9eAHBm-rbU5KPWThMWHV1CSyMy0n_xbg8Mr91p9PdrghhWAwv8\/s320\/JAIME+VILA+2.jpg\" width=\"265\" \/><\/a><\/td>\n<\/tr>\n<tr>\n<td class=\"tr-caption\" style=\"text-align: center\">Jaime Vila<\/td>\n<\/tr>\n<\/tbody>\n<\/table>\n<p><span style=\"font-family: Georgia, Times New Roman, serif;font-size: large\"><b>Por estas categor\u00edas de menor edad pasan todos los a\u00f1os centenares de ni\u00f1os y ni\u00f1as cuya misi\u00f3n principal es la de aficionarse a una actividad que requiere de ellos concentraci\u00f3n, control de los impulsos y armon\u00eda en el juego. Para el peque\u00f1o de 7 a\u00f1os, <span style=\"color: blue\">Jaime Vila<\/span>, este ha sido su primer escolar y 5 puntos la suma de sus 9 partidas disputadas. Este resultado le deja en la 2\u00aa posici\u00f3n del sub-8, pero sobre todo le anima en su voluntad de seguir mejorando en esta incipiente afici\u00f3n por el ajedrez.<\/b><\/span><br \/>\n<span style=\"font-family: Georgia, Times New Roman, serif;font-size: large\"><b><i><u>Otros 8 chicos en categor\u00eda infantil<\/u><\/i><\/b><\/span><\/p>\n<table align=\"center\" cellpadding=\"0\" cellspacing=\"0\" class=\"tr-caption-container\" style=\"margin-left: auto;margin-right: auto;text-align: center\">\n<tbody>\n<tr>\n<td style=\"text-align: center\"><a href=\"https:\/\/www.bfv.cloud\/ajedrezeuropa\/wp-content\/uploads\/2020\/02\/7a2d9b64-e044-4598-bf4c-5fb55f2cca4e.jpg\" style=\"margin-left: auto;margin-right: auto\"><img loading=\"lazy\" decoding=\"async\" border=\"0\" data-original-height=\"651\" data-original-width=\"1429\" height=\"290\" src=\"https:\/\/blogger.googleusercontent.com\/img\/b\/R29vZ2xl\/AVvXsEhUq9-kzhJeZEmMBnJK3cVsy91WkDyvnd3DqaC2V1EXlmzRroHmiLqFa2XQ7gAsAdaXW7z3m_RMGgMeh_cV9AsbS04uNcgFQ9x9N8K8l-suRurEcoZfNZQnx8PA1Riznsy6xRLm2vVgJdI\/s640\/7a2d9b64-e044-4598-bf4c-5fb55f2cca4e.jpg\" width=\"640\" \/><\/a><\/td>\n<\/tr>\n<tr>\n<td class=\"tr-caption\" style=\"text-align: center\">Algunos de los chicos de nuestras escuelas que han participado en el escolar toledano<\/td>\n<\/tr>\n<\/tbody>\n<\/table>\n<p><b style=\", serif\"><span style=\"font-size: large\">Los otros 8 chicos, en su mayor\u00eda noveles y de corta edad, que han representado a la escuela de Villafranca obtienen los siguientes resultados:<\/span><\/b><br \/>\n<span style=\"font-family: Georgia, Times New Roman, serif;font-size: large\"><b>&#8211; <span style=\"color: blue\">Jos\u00e9 Miguel Romero Flores<\/span> (5,5 puntos)<\/b><\/span><br \/>\n<span style=\"font-family: Georgia, Times New Roman, serif;font-size: large\"><b>&#8211; <span style=\"color: blue\">\u00d3scar Ortega Olivares<\/span> (4,5 puntos)<\/b><\/span><br \/>\n<span style=\"font-family: Georgia, Times New Roman, serif;font-size: large\"><b>&#8211; <span style=\"color: blue\">Miguel Fern\u00e1ndez Romero<\/span> (4,5 puntos)<\/b><\/span><br \/>\n<span style=\"font-family: Georgia, Times New Roman, serif;font-size: large\"><b>&#8211;&nbsp;<\/b><\/span><b style=\", serif\"><span style=\"font-size: large\"><span style=\"color: blue\">Ossama Amjahdi Benamara<\/span>&nbsp;(4 puntos)<\/span><\/b><br \/>\n<span style=\"font-family: Georgia, Times New Roman, serif;font-size: large\"><b>&#8211; <span style=\"color: blue\">Omar Benammou Yousri<\/span> (2,5 puntos)<\/b><\/span><br \/>\n<span style=\"font-family: Georgia, Times New Roman, serif;font-size: large\"><b>&#8211; <span style=\"color: blue\">Mario D\u00edaz-Alejo Velasco<\/span> (2,5 puntos)<\/b><\/span><br \/>\n<span style=\"font-family: Georgia, Times New Roman, serif;font-size: large\"><b>&#8211; <span style=\"color: blue\">Alejandro D\u00edaz-Alejo Zamorano<\/span> (2 puntos)<\/b><\/span><br \/>\n<span style=\"font-family: Georgia, Times New Roman, serif;font-size: large\"><b>&#8211; <span style=\"color: blue\">Iv\u00e1n Velasco Garc\u00eda<\/span> (2 puntos)<\/b><\/span><br \/>\n<span style=\"font-family: Georgia, Times New Roman, serif;font-size: large\"><b><i><u>Primera participaci\u00f3n de la Escuela de Ajedrez de Consuegra<\/u><\/i><\/b><\/span><\/p>\n<table cellpadding=\"0\" cellspacing=\"0\" class=\"tr-caption-container\" style=\"float: left;margin-right: 1em;text-align: left\">\n<tbody>\n<tr>\n<td style=\"text-align: center\"><a href=\"https:\/\/www.bfv.cloud\/ajedrezeuropa\/wp-content\/uploads\/2020\/02\/ALEJANDROSANCHEZ4.jpg\" style=\"clear: left;margin-bottom: 1em;margin-left: auto;margin-right: auto\"><img loading=\"lazy\" decoding=\"async\" border=\"0\" data-original-height=\"1194\" data-original-width=\"665\" height=\"400\" src=\"https:\/\/blogger.googleusercontent.com\/img\/b\/R29vZ2xl\/AVvXsEh8hjisKTtNy4rjls80KUm09rQJAdss2NyelS1TdWtTdN1SQj1JFqXOqf_-82GETyJo53oD7Y-6s1Dl_SouEwBDE40fPmOYQooydIZ5Am_VLSv6nrSCVIwBA5K85ho8Gt2B2-janQS-ZKo\/s400\/ALEJANDRO+SANCHEZ+4.jpg\" width=\"220\" \/><\/a><\/td>\n<\/tr>\n<tr>\n<td class=\"tr-caption\" style=\"text-align: center\">Alejandro S\u00e1nchez<\/td>\n<\/tr>\n<\/tbody>\n<\/table>\n<p><span style=\"font-family: Georgia, Times New Roman, serif;font-size: large\"><b>Tras m\u00e1s de una d\u00e9cada sin participar en ninguna competici\u00f3n oficial de ajedrez, la Escuela de Consuegra, ha tenido una doble representaci\u00f3n en esta fase provincial de Toledo del Deporte en Edad Escolar, a cargo de:<\/b><\/span><br \/>\n<span style=\"font-family: Georgia, Times New Roman, serif;font-size: large\"><b>&#8211; <span style=\"color: blue\">Alejandro S\u00e1nchez Valle<\/span> (3 puntos)<\/b><\/span><br \/>\n<span style=\"font-family: Georgia, Times New Roman, serif;font-size: large\"><b>&#8211; <span style=\"color: blue\">Carlos Rodr\u00edguez Molinero<\/span> (1 punto)<\/b><\/span><\/p>\n<table cellpadding=\"0\" cellspacing=\"0\" class=\"tr-caption-container\" style=\"float: right;text-align: right\">\n<tbody>\n<tr>\n<td style=\"text-align: center\"><a href=\"https:\/\/www.bfv.cloud\/ajedrezeuropa\/wp-content\/uploads\/2020\/02\/CARLOSRODRIGUEZ2.jpg\" style=\"clear: right;margin-bottom: 1em;margin-left: auto;margin-right: auto\"><img loading=\"lazy\" decoding=\"async\" border=\"0\" data-original-height=\"923\" data-original-width=\"600\" height=\"400\" src=\"https:\/\/blogger.googleusercontent.com\/img\/b\/R29vZ2xl\/AVvXsEiFtgqh6wMfUaiEZKZp8KzstiN_VOGMGfY13LQy4OCNdeKbNnoFxVovBToaoZ8ERSgaCvQNcbBmeJvsz08XnH0TpnTiChIK3AG-Mfh9wXlJZbv91c53NQXrt87Hw1ix_4gV1QLQ-ylEnUQ\/s400\/CARLOS+RODRIGUEZ+2.jpg\" width=\"257\" \/><\/a><\/td>\n<\/tr>\n<tr>\n<td class=\"tr-caption\" style=\"text-align: center\">Carlos Rodr\u00edguez<\/td>\n<\/tr>\n<\/tbody>\n<\/table>\n<p><span style=\"font-family: Georgia, Times New Roman, serif;font-size: large\"><b>Gracias a madres y padres por acompa\u00f1ar a sus hijos en lo que para muchos de ellos ha sido su primera experiencia competitiva en el ajedrez.<\/b><\/span><\/p>\n","protected":false},"excerpt":{"rendered":"<p>Alfredo, Alonso y Jaime, en el podio El Campeonato del Deporte en Edad Escolar y Federado por Edades de Toledo deja un oro y 3 platas en el balance de resultados de la Escuela de Ajedrez de Villafranca de los Caballeros. Esta&nbsp; escuela deportiva, que cuenta con 25 a\u00f1os de existencia, es uno de los [&hellip;]<\/p>\n","protected":false},"author":1,"featured_media":3628,"comment_status":"open","ping_status":"closed","sticky":false,"template":"","format":"standard","meta":{"footnotes":""},"categories":[1],"tags":[],"class_list":["post-3627","post","type-post","status-publish","format-standard","has-post-thumbnail","hentry","category-noticias"],"_links":{"self":[{"href":"https:\/\/www.bfv.cloud\/ajedrezeuropa\/wp-json\/wp\/v2\/posts\/3627","targetHints":{"allow":["GET"]}}],"collection":[{"href":"https:\/\/www.bfv.cloud\/ajedrezeuropa\/wp-json\/wp\/v2\/posts"}],"about":[{"href":"https:\/\/www.bfv.cloud\/ajedrezeuropa\/wp-json\/wp\/v2\/types\/post"}],"author":[{"embeddable":true,"href":"https:\/\/www.bfv.cloud\/ajedrezeuropa\/wp-json\/wp\/v2\/users\/1"}],"replies":[{"embeddable":true,"href":"https:\/\/www.bfv.cloud\/ajedrezeuropa\/wp-json\/wp\/v2\/comments?post=3627"}],"version-history":[{"count":1,"href":"https:\/\/www.bfv.cloud\/ajedrezeuropa\/wp-json\/wp\/v2\/posts\/3627\/revisions"}],"predecessor-version":[{"id":3637,"href":"https:\/\/www.bfv.cloud\/ajedrezeuropa\/wp-json\/wp\/v2\/posts\/3627\/revisions\/3637"}],"wp:featuredmedia":[{"embeddable":true,"href":"https:\/\/www.bfv.cloud\/ajedrezeuropa\/wp-json\/wp\/v2\/media\/3628"}],"wp:attachment":[{"href":"https:\/\/www.bfv.cloud\/ajedrezeuropa\/wp-json\/wp\/v2\/media?parent=3627"}],"wp:term":[{"taxonomy":"category","embeddable":true,"href":"https:\/\/www.bfv.cloud\/ajedrezeuropa\/wp-json\/wp\/v2\/categories?post=3627"},{"taxonomy":"post_tag","embeddable":true,"href":"https:\/\/www.bfv.cloud\/ajedrezeuropa\/wp-json\/wp\/v2\/tags?post=3627"}],"curies":[{"name":"wp","href":"https:\/\/api.w.org\/{rel}","templated":true}]}}