{"id":3638,"date":"2016-02-29T23:54:00","date_gmt":"2016-02-29T23:54:00","guid":{"rendered":"https:\/\/www.bfv.cloud\/ajedrezeuropa\/index.php\/2016\/02\/29\/en-juego-el-provincial-por-edades-de-ciudad-real\/"},"modified":"2025-11-20T11:05:37","modified_gmt":"2025-11-20T11:05:37","slug":"en-juego-el-provincial-por-edades-de-ciudad-real","status":"publish","type":"post","link":"https:\/\/www.bfv.cloud\/ajedrezeuropa\/en-juego-el-provincial-por-edades-de-ciudad-real\/","title":{"rendered":"EN JUEGO EL PROVINCIAL POR EDADES DE CIUDAD REAL"},"content":{"rendered":"<table cellpadding=\"0\" cellspacing=\"0\" class=\"tr-caption-container\" style=\"float: right;margin-left: 1em;text-align: right\">\n<tbody>\n<tr>\n<td style=\"text-align: center\"><a href=\"https:\/\/www.bfv.cloud\/ajedrezeuropa\/wp-content\/uploads\/2016\/02\/SAM_2724.jpg\" style=\"clear: right;margin-bottom: 1em;margin-left: auto;margin-right: auto\"><img fetchpriority=\"high\" decoding=\"async\" border=\"0\" height=\"400\" src=\"https:\/\/blogger.googleusercontent.com\/img\/b\/R29vZ2xl\/AVvXsEhBp8Oh0lIwcVtPRBLmt0jNd_imCORn-VvIIlQyHAOsxsdersOvDlskOQuRq3WoY0tRS3waOB3_8EuyRKs6wfuay4AnUtFoDoi9cvuDXHELvlzKpMZsIv_-oZuC3mFqrpVdGMm3b_zLK5U\/s400\/SAM_2724.JPG\" width=\"300\" \/><\/a><\/td>\n<\/tr>\n<tr>\n<td class=\"tr-caption\" style=\"text-align: center\">La sala de juego ante el espejo<\/td>\n<\/tr>\n<\/tbody>\n<\/table>\n<p><span style=\", sans-serif\">Poco m\u00e1s de un centenar de jugadores se han dado cita este domingo en Tomelloso para el inicio del Campeonato Provincial por Edades de Ciudad Real. La escuela de ajedrez de Alc\u00e1zar participa con 21 jugadores repartidos en todas las categor\u00edas desde el sub-8 al juvenil. Esta primera jornada deja los siguientes datos en cada uno de los grupos de edad:<\/span><\/p>\n<table cellpadding=\"0\" cellspacing=\"0\" class=\"tr-caption-container\" style=\"float: left;margin-right: 1em;text-align: left\">\n<tbody>\n<tr>\n<td style=\"text-align: center\"><a href=\"https:\/\/www.bfv.cloud\/ajedrezeuropa\/wp-content\/uploads\/2016\/02\/SAM_2697.jpg\" style=\"clear: left;margin-bottom: 1em;margin-left: auto;margin-right: auto\"><img decoding=\"async\" border=\"0\" height=\"336\" src=\"https:\/\/blogger.googleusercontent.com\/img\/b\/R29vZ2xl\/AVvXsEiODx2Y5uCT6nAi8niIgf4bLttuG5INNRROTxPutR1-nvrzETcuCa26Kts7c-X5SdsCsa6b9mftZfKpJLvQAnYkTdbXrrXIAT_jL3Uhkg7742xoGhc7-M9jLjMpwcarpaK8-i7wWlO0Jho\/s400\/SAM_2697.JPG\" width=\"400\" \/><\/a><\/td>\n<\/tr>\n<tr>\n<td class=\"tr-caption\" style=\"text-align: center\">Pablo Mart\u00edn-Fontecha en el sub-8<\/td>\n<\/tr>\n<\/tbody>\n<\/table>\n<p><span style=\"background-color: white\"><span style=\"font-family: 'helvetica neue', arial, helvetica, sans-serif;font-size: 14.49px;line-height: 21.735px\"><b><u>Sub-18:<\/u><span style=\"color: blue\"> &nbsp;Javier Valdepe\u00f1as, 1 punto.&nbsp;<\/span>(7 participantes)<\/b><\/span><br style=\"color: #626262;font-family: Georgia, Utopia, 'Palatino Linotype', Palatino, serif;font-size: 14.49px;line-height: 21.735px\" \/><span style=\"font-family: 'helvetica neue', arial, helvetica, sans-serif;font-size: 14.49px;line-height: 21.735px\"><b><u>Sub-16:<\/u><span style=\"color: blue\"> Marta Espinosa y Julio M\u00e9rida, 1 punto.&nbsp;<\/span>(11 participantes)<\/b><\/span><br style=\"color: #626262;font-family: Georgia, Utopia, 'Palatino Linotype', Palatino, serif;font-size: 14.49px;line-height: 21.735px\" \/><span style=\"font-family: 'helvetica neue', arial, helvetica, sans-serif;font-size: 14.49px;line-height: 21.735px\"><b><u>Sub-14:<\/u><span style=\"color: blue\">&nbsp;<\/span><\/b><\/span><\/span><b style=\"background-color: white;color: blue;font-family: 'helvetica neue', arial, helvetica, sans-serif;font-size: 14.49px;line-height: 21.735px\">Isabel Marcos-Alberca, 2 puntos; <\/b><b style=\"background-color: white;color: blue;font-family: 'helvetica neue', arial, helvetica, sans-serif;font-size: 14.49px;line-height: 21.735px\">Arturo Mate, Enrique Velasco y Pablo Vela, 1 punto; Clara Vela y Arsenio L\u00f3pez, 0 puntos. <\/b><b style=\"background-color: white;font-family: 'helvetica neue', arial, helvetica, sans-serif;font-size: 14.49px;line-height: 21.735px\">(18 participantes)<\/b><br \/>\n<span style=\"background-color: white\"><span style=\"font-family: 'helvetica neue', arial, helvetica, sans-serif;font-size: 14.49px;line-height: 21.735px\"><b><u>Sub-12:<\/u><span style=\"color: blue\"> Daniel Climent y&nbsp;<\/span><\/b><\/span><\/span><b style=\"background-color: white;font-family: 'helvetica neue', arial, helvetica, sans-serif;font-size: 14.49px;line-height: 21.735px\"><span style=\"color: blue\">Nuria Lozano, 2 puntos;&nbsp;<\/span><\/b><b style=\"background-color: white;font-family: 'helvetica neue', arial, helvetica, sans-serif;font-size: 14.49px;line-height: 21.735px\"><span style=\"color: blue\">Mateo Espa\u00f1\u00f3n,&nbsp;<\/span><\/b><b style=\"background-color: white;font-family: 'helvetica neue', arial, helvetica, sans-serif;font-size: 14.49px;line-height: 21.735px\"><span style=\"color: blue\">Sergio Arias<\/span><\/b><b style=\"background-color: white;font-family: 'helvetica neue', arial, helvetica, sans-serif;font-size: 14.49px;line-height: 21.735px\"><span style=\"color: blue\">, Roberto&nbsp;Yeghiazaryan y Rafael Carrasco, 1punto; Adri\u00e1n Cruz y Marta Vela, 0,5 puntos; Roc\u00edo Arias y Adri\u00e1n Alhambra, 0 puntos.<\/span><\/b><b style=\"background-color: white;font-family: 'helvetica neue', arial, helvetica, sans-serif;font-size: 14.49px;line-height: 21.735px\"><span style=\"color: blue\">&nbsp;<\/span><\/b><b style=\"background-color: white;font-family: 'helvetica neue', arial, helvetica, sans-serif;font-size: 14.49px;line-height: 21.735px\">(27 participantes)<\/b><br \/>\n<span style=\"background-color: white\"><span style=\"font-family: 'helvetica neue', arial, helvetica, sans-serif;font-size: 14.49px;line-height: 21.735px\"><b><span style=\"color: blue\">Sub-10. \u00c1ngel Carrasco, 0,5 puntos. <\/span>(26 participantes)<\/b><\/span><br style=\"color: #626262;font-family: Georgia, Utopia, 'Palatino Linotype', Palatino, serif;font-size: 14.49px;line-height: 21.735px\" \/><span style=\"font-family: 'helvetica neue', arial, helvetica, sans-serif;font-size: 14.49px;line-height: 21.735px\"><b><span style=\"color: blue\">Sub-8. Pablo Mart\u00edn-Fontecha, 2 puntos. <\/span>(19 participantes).<\/b><\/span><\/span><br \/>\n<span style=\"background-color: white\"><span style=\"font-family: 'helvetica neue', arial, helvetica, sans-serif;font-size: 14.49px;line-height: 21.735px\"><b>El fin de semana del 5 y 6 de marzo se jugar\u00e1n el resto de rondas de este provincial por edades.<\/b><\/span><\/span><\/p>\n<table cellpadding=\"0\" cellspacing=\"0\" class=\"tr-caption-container\" style=\"float: right;margin-left: 1em;text-align: right\">\n<tbody>\n<tr>\n<td style=\"text-align: center\"><a href=\"https:\/\/www.bfv.cloud\/ajedrezeuropa\/wp-content\/uploads\/2016\/02\/SAM_2706.jpg\" style=\"clear: left;float: left;margin-bottom: 1em;margin-right: 1em\"><img decoding=\"async\" border=\"0\" height=\"320\" src=\"https:\/\/blogger.googleusercontent.com\/img\/b\/R29vZ2xl\/AVvXsEhbkCSY_hSaPa6CNZ70d8dkQu0bnQ_f4EAY5GZxnFvlXfVmHx-_7Jnc_ep2trBYQsQUt5lUaAk19dp2R1bJaTn_dJNlgj2L53NJ6zFnMbd5Wzu5DI-2jJII5ZXBkjm4efsOzDNqj1uLDpE\/s320\/SAM_2706.JPG\" width=\"158\" \/><\/a><a href=\"https:\/\/www.bfv.cloud\/ajedrezeuropa\/wp-content\/uploads\/2016\/02\/SAM_2699.jpg\" style=\"background-color: white;clear: left;margin-bottom: 1em;margin-left: auto;margin-right: auto\"><img loading=\"lazy\" decoding=\"async\" border=\"0\" height=\"320\" src=\"https:\/\/blogger.googleusercontent.com\/img\/b\/R29vZ2xl\/AVvXsEhsiO0gRsCMJqylWNE_hPCXzQQ3XdRUQo95ssmleJ1Q-lXVMiNBpbrzA8WHI765Wkpbz_O2Dsze8Q1hivTnBgUlkQiR7JqWryn1KvRVTCSPRESt7lWrjC8f3ZMsD-R-VI1BxmlxSNmMTcY\/s320\/SAM_2699.JPG\" width=\"292\" \/><\/a><\/td>\n<\/tr>\n<tr>\n<td class=\"tr-caption\" style=\"text-align: center\"><span style=\"background-color: white\">&nbsp; &nbsp; &nbsp; &nbsp; &nbsp; &nbsp; &nbsp; &nbsp; Adri\u00e1n Cruz &nbsp; &nbsp; &nbsp; &nbsp; &nbsp; &nbsp; &nbsp; &nbsp; &nbsp; &nbsp; &nbsp;\u00c1ngel Carrasco en su segunda participaci\u00f3n en un<\/span><br \/>\n<span style=\"background-color: white\">provincial sub-10<\/span><\/td>\n<\/tr>\n<\/tbody>\n<\/table>\n<table cellpadding=\"0\" cellspacing=\"0\" class=\"tr-caption-container\" style=\"float: right;margin-left: 1em;text-align: right\">\n<tbody>\n<tr>\n<td style=\"text-align: center\"><a href=\"https:\/\/www.bfv.cloud\/ajedrezeuropa\/wp-content\/uploads\/2016\/02\/SAM_2701.jpg\" style=\"clear: right;margin-bottom: 1em;margin-left: auto;margin-right: auto\"><img loading=\"lazy\" decoding=\"async\" border=\"0\" height=\"251\" src=\"https:\/\/blogger.googleusercontent.com\/img\/b\/R29vZ2xl\/AVvXsEjeNGDYj6cb3hx-2OuvpVX5ridgXpwIQZ62PC7fp3F9ZmJVT2bc72AHVr_sa5ooZ_ZHHPmujRbwSJ3q7qQobBH13gB6Md1L_5vLbK-Z5mWdvwIHciw3uhx9N9jbFmwnftyKfGMjTK-p2xw\/s320\/SAM_2701.JPG\" width=\"320\" \/><\/a><\/td>\n<\/tr>\n<tr>\n<td class=\"tr-caption\" style=\"text-align: center\">Roberto Yeghiazaryan, Mateo Espa\u00f1\u00f3n y Marta Vela<\/td>\n<\/tr>\n<\/tbody>\n<\/table>\n<table cellpadding=\"0\" cellspacing=\"0\" class=\"tr-caption-container\" style=\"float: left;margin-right: 1em;text-align: left\">\n<tbody>\n<tr>\n<td style=\"text-align: center\"><a href=\"https:\/\/www.bfv.cloud\/ajedrezeuropa\/wp-content\/uploads\/2016\/02\/SAM_2711.jpg\" style=\"clear: left;margin-bottom: 1em;margin-left: auto;margin-right: auto\"><img loading=\"lazy\" decoding=\"async\" border=\"0\" height=\"163\" src=\"https:\/\/blogger.googleusercontent.com\/img\/b\/R29vZ2xl\/AVvXsEjaLc7VcsEbrl0UxK2ohHrbHnc7ZNTqzbQ0m5zWoDjlP1lKrCrtnOAY46_Zl_4ANnG3MLLi3LETp9FfD-Xal1NxnyoMWhCYAMdx3xUQRgOiQFkPvqD1PBPkXX_gyXFcMM6ga8urpMZviI4\/s200\/SAM_2711.JPG\" width=\"200\" \/><\/a><\/td>\n<\/tr>\n<tr>\n<td class=\"tr-caption\" style=\"text-align: center\">Adri\u00e1n Alhambra juega su<br \/>primera competici\u00f3n<\/td>\n<\/tr>\n<\/tbody>\n<\/table>\n<p><\/p>\n<table cellpadding=\"0\" cellspacing=\"0\" class=\"tr-caption-container\" style=\"float: left;margin-right: 1em;text-align: left\">\n<tbody>\n<tr>\n<td style=\"text-align: center\"><a href=\"https:\/\/www.bfv.cloud\/ajedrezeuropa\/wp-content\/uploads\/2016\/02\/SAM_2712.jpg\" style=\"clear: left;margin-bottom: 1em;margin-left: auto;margin-right: auto\"><img loading=\"lazy\" decoding=\"async\" border=\"0\" height=\"241\" src=\"https:\/\/blogger.googleusercontent.com\/img\/b\/R29vZ2xl\/AVvXsEjuCvsaeRSEpf5a6QtaUvknXqSICi-scBwRC-MZnLPPJoyRd331Nkx57tNqEZk-HcaUbKG_AXX7Fh3bN95kAWijV2l9L9Z85Ub5nSmNoFSqnYAuagEYesTOpzstyPVbKjUdr-jsNax41_g\/s320\/SAM_2712.JPG\" width=\"320\" \/><\/a><\/td>\n<\/tr>\n<tr>\n<td class=\"tr-caption\" style=\"text-align: center\">Nuria Lozano, 2 puntos en las dos primeras rondas<\/td>\n<\/tr>\n<\/tbody>\n<\/table>\n<div class=\"separator\" style=\"clear: both;text-align: center\">\n<table cellpadding=\"0\" cellspacing=\"0\" class=\"tr-caption-container\" style=\"float: right;margin-left: 1em;text-align: right\">\n<tbody>\n<tr>\n<td style=\"text-align: center\"><a href=\"https:\/\/www.bfv.cloud\/ajedrezeuropa\/wp-content\/uploads\/2016\/02\/SAM_2691.jpg\" style=\"clear: right;margin-bottom: 1em;margin-left: auto;margin-right: auto\"><img loading=\"lazy\" decoding=\"async\" border=\"0\" height=\"132\" src=\"https:\/\/blogger.googleusercontent.com\/img\/b\/R29vZ2xl\/AVvXsEiqiaEppVSexEU22jj5P40Xk_ot0tltI_2nZL_aYQpOg4q3y1Ty3iVOOr0NGcyzfKWd5iSmE810iNO0Y5FON7S0Wwe4SHPZ0Zdc2JaQsr0EoxNhg-gNZCtcKJmobOqVIQ-z4AkaLCSq9_Y\/s200\/SAM_2691.JPG\" width=\"200\" \/><\/a><\/td>\n<\/tr>\n<tr>\n<td class=\"tr-caption\" style=\"text-align: center\">Clara Vela e Isabel Marcos-Alberca<\/td>\n<\/tr>\n<\/tbody>\n<\/table>\n<table cellpadding=\"0\" cellspacing=\"0\" class=\"tr-caption-container\" style=\"float: right;margin-left: 1em;text-align: right\">\n<tbody>\n<tr>\n<td style=\"text-align: center\"><a href=\"https:\/\/www.bfv.cloud\/ajedrezeuropa\/wp-content\/uploads\/2016\/02\/SAM_2708.jpg\" style=\"clear: right;margin-bottom: 1em;margin-left: auto;margin-right: auto\"><img loading=\"lazy\" decoding=\"async\" border=\"0\" height=\"320\" src=\"https:\/\/blogger.googleusercontent.com\/img\/b\/R29vZ2xl\/AVvXsEhF4_EZTBfW8vp6r2O2j1nPUTwfabyoWT_W5QDwYxhPcyCYcqEwktdLX3847XVrceUjugLxOCyiinAGKwya4DuRpMenskPjD8F10IvQv9ny9meMawSVJ7j0P6kQxLez2EcKX5rK8e3Sp10\/s320\/SAM_2708.JPG\" width=\"273\" \/><\/a><\/td>\n<\/tr>\n<tr>\n<td class=\"tr-caption\" style=\"text-align: center\">Daniel Climent, 2 puntos en el sub-12<\/td>\n<\/tr>\n<\/tbody>\n<\/table>\n<\/div>\n<table cellpadding=\"0\" cellspacing=\"0\" class=\"tr-caption-container\" style=\"float: left;margin-right: 1em;text-align: left\">\n<tbody>\n<tr>\n<td style=\"text-align: center\"><a href=\"https:\/\/www.bfv.cloud\/ajedrezeuropa\/wp-content\/uploads\/2016\/02\/SAM_2696.jpg\" style=\"clear: left;margin-bottom: 1em;margin-left: auto;margin-right: auto\"><img loading=\"lazy\" decoding=\"async\" border=\"0\" height=\"280\" src=\"https:\/\/blogger.googleusercontent.com\/img\/b\/R29vZ2xl\/AVvXsEgbkn1_M3W5El1Io7v0ty3B2GobRLIzD9pr7RnacnD9QHnk4hBiaYWMqlAeklM3qcLYnX5fq8Z7F6Cn8lSyIdoLOnQz-aX59i_BCtPpNREyAAtqED0d6JhrNNOiSfMnzOAYJonlyGykB1M\/s320\/SAM_2696.JPG\" width=\"320\" \/><\/a><\/td>\n<\/tr>\n<tr>\n<td class=\"tr-caption\" style=\"text-align: center\">Arsenio L\u00f3pez en el sub-14<\/td>\n<\/tr>\n<\/tbody>\n<\/table>\n<div class=\"separator\" style=\"clear: both;text-align: center\">\n<\/div>\n","protected":false},"excerpt":{"rendered":"<p>La sala de juego ante el espejo Poco m\u00e1s de un centenar de jugadores se han dado cita este domingo en Tomelloso para el inicio del Campeonato Provincial por Edades de Ciudad Real. La escuela de ajedrez de Alc\u00e1zar participa con 21 jugadores repartidos en todas las categor\u00edas desde el sub-8 al juvenil. Esta primera [&hellip;]<\/p>\n","protected":false},"author":1,"featured_media":3639,"comment_status":"open","ping_status":"closed","sticky":false,"template":"","format":"standard","meta":{"footnotes":""},"categories":[1],"tags":[],"class_list":["post-3638","post","type-post","status-publish","format-standard","has-post-thumbnail","hentry","category-noticias"],"_links":{"self":[{"href":"https:\/\/www.bfv.cloud\/ajedrezeuropa\/wp-json\/wp\/v2\/posts\/3638","targetHints":{"allow":["GET"]}}],"collection":[{"href":"https:\/\/www.bfv.cloud\/ajedrezeuropa\/wp-json\/wp\/v2\/posts"}],"about":[{"href":"https:\/\/www.bfv.cloud\/ajedrezeuropa\/wp-json\/wp\/v2\/types\/post"}],"author":[{"embeddable":true,"href":"https:\/\/www.bfv.cloud\/ajedrezeuropa\/wp-json\/wp\/v2\/users\/1"}],"replies":[{"embeddable":true,"href":"https:\/\/www.bfv.cloud\/ajedrezeuropa\/wp-json\/wp\/v2\/comments?post=3638"}],"version-history":[{"count":1,"href":"https:\/\/www.bfv.cloud\/ajedrezeuropa\/wp-json\/wp\/v2\/posts\/3638\/revisions"}],"predecessor-version":[{"id":3649,"href":"https:\/\/www.bfv.cloud\/ajedrezeuropa\/wp-json\/wp\/v2\/posts\/3638\/revisions\/3649"}],"wp:featuredmedia":[{"embeddable":true,"href":"https:\/\/www.bfv.cloud\/ajedrezeuropa\/wp-json\/wp\/v2\/media\/3639"}],"wp:attachment":[{"href":"https:\/\/www.bfv.cloud\/ajedrezeuropa\/wp-json\/wp\/v2\/media?parent=3638"}],"wp:term":[{"taxonomy":"category","embeddable":true,"href":"https:\/\/www.bfv.cloud\/ajedrezeuropa\/wp-json\/wp\/v2\/categories?post=3638"},{"taxonomy":"post_tag","embeddable":true,"href":"https:\/\/www.bfv.cloud\/ajedrezeuropa\/wp-json\/wp\/v2\/tags?post=3638"}],"curies":[{"name":"wp","href":"https:\/\/api.w.org\/{rel}","templated":true}]}}