{"id":3650,"date":"2011-02-08T01:43:00","date_gmt":"2011-02-08T01:43:00","guid":{"rendered":"https:\/\/www.bfv.cloud\/ajedrezeuropa\/index.php\/2011\/02\/08\/a-punto-de-finalizar-el-deporte-en-edad-escolar-de-toledo-y-el-federado-sub-18\/"},"modified":"2025-11-20T11:05:41","modified_gmt":"2025-11-20T11:05:41","slug":"a-punto-de-finalizar-el-deporte-en-edad-escolar-de-toledo-y-el-federado-sub-18","status":"publish","type":"post","link":"https:\/\/www.bfv.cloud\/ajedrezeuropa\/a-punto-de-finalizar-el-deporte-en-edad-escolar-de-toledo-y-el-federado-sub-18\/","title":{"rendered":"A PUNTO DE FINALIZAR EL DEPORTE EN EDAD ESCOLAR DE TOLEDO Y EL FEDERADO SUB-18"},"content":{"rendered":"<div class=\"separator\" style=\"border-bottom: medium none;border-left: medium none;border-right: medium none;border-top: medium none;clear: both;text-align: center\"><a href=\"https:\/\/www.bfv.cloud\/ajedrezeuropa\/wp-content\/uploads\/2011\/02\/fotodegrupo.jpg\" style=\"clear: right;float: right;margin-bottom: 1em;margin-left: 1em\"><img fetchpriority=\"high\" decoding=\"async\" border=\"0\" height=\"300\" src=\"https:\/\/blogger.googleusercontent.com\/img\/b\/R29vZ2xl\/AVvXsEjU92q7KG4uG7ZAeOapdfw6aTJJe92ETwF5V1HzvHZ0bHXDjAb4vSGc4vOhxtuvemA1MH2pz-JQ1oDmdHfTR__ztN41LbfyUURTLmpEIqIucYXX7YYeEcA8_21IJXcuQ6b_vjU597nXmoU\/s400\/foto+de+grupo.jpg\" width=\"400\" \/><\/a><\/div>\n<p><strong><span style=\"font-family: Verdana, sans-serif\">Disputadas el s\u00e1bado las rondas 6\u00aa y 7\u00aa en el infantil y la 5\u00aa en la categor\u00eda cadete, nada ha quedado decidido y ser\u00e1 la \u00faltima ronda, que se jugar\u00e1 el d\u00eda 19 de febrero, la que ofrezca los 12 jugadores (3 chicos y 3 chicas del infantil e igual n\u00famero en el cadete), que se medir\u00e1n en la final regional al resto de ajedrecistas de las otras provincias de nuestra comunidad. Como ya conoc\u00e9is, de aqu\u00ed tambi\u00e9n saldr\u00e1n los&nbsp;4 clasificados (2 chicos y 2 chicas&nbsp;por cada grupo de edad) para asistir al Campeonato de Castilla-La Mancha por Edades que se celebrar\u00e1 del 15 al 18 de abril. As\u00ed es que vamos a dar un repaso a las principales opciones con las que contamos, porque afortunadamente son muchas e importantes.<\/span><\/strong><\/p>\n<p><strong><em><u><span style=\"font-family: Verdana\">ESCOLAR CADETE (SUB-16):<\/span><\/u><\/em><\/strong><br \/>\n<strong><span style=\"font-family: Verdana\">3 de nuestros 5 jugadores optan a las plazas para el regional escolar y el castellano-manchego por edades. Lo m\u00e1s probable es que el campe\u00f3n salga del enfrentamiento entre Daniel P\u00edriz y Jorge Sim\u00f3n, los dos&nbsp;\u00fanicos que alcanzan 4 puntos, aunque dependiendo de este y otros&nbsp;resultados se presentan distintas posibilidades. Santiago Talavera, con 3,5 puntos,&nbsp;debe vencer en su partida con Javier Gonz\u00e1lez del Valls si quiere asegurarse su clasificaci\u00f3n y luchar por los 2 primeros puestos del campeonato. Tanto Sergio Valencia como Jes\u00fas Mar\u00eda Bricio han quedado descolgados del grupo de cabeza con 3 y 2,5 puntos, respectivamente, aunque todav\u00eda pueden mejorar sensiblemente su posici\u00f3n en la clasificaci\u00f3n final. En resumen, podemos decir que la alta competitividad del cadete ha proporcionado un torneo muy interesante y combatido con frecuentes cambios en las primeras plazas, pero dominado por nuestros jugadores, resultando decisivos&nbsp;los&nbsp;cruces entre ellos mismos que depararon varias rondas.<\/span><\/strong><br \/>\n<span style=\"font-family: Verdana\">Clasificaci\u00f3n provisional&nbsp;y emparejamiento 6\u00aa ronda: <a href=\"http:\/\/chess-results.com\/tnr43698.aspx?art=2&amp;rd=6&amp;lan=2&amp;m=-1&amp;wi=1000\">http:\/\/chess-results.com\/tnr43698.aspx?art=2&amp;rd=6&amp;lan=2&amp;m=-1&amp;wi=1000<\/a><\/span><\/p>\n<p><strong><em><u><span style=\"font-family: Verdana\">PROVINCIAL SUB-18:<\/span><\/u><\/em><\/strong><br \/>\n<strong><span style=\"font-family: Verdana\">A falta de la 5\u00aa y \u00faltima partida, Blanca Y\u00e9benes, se encuentra con 2 puntos a s\u00f3lo 1\/2&nbsp;del primer puesto femenino. En esta categor\u00eda las plazas en juego para el regional federado son \u00fanicamente las del campe\u00f3n masculino y la campeona.<\/span><\/strong><br \/>\n<span style=\"font-family: Verdana\">Clasificaci\u00f3n provisional y emparejamiento 5\u00aa ronda: <a href=\"http:\/\/chess-results.com\/tnr43622.aspx?art=2&amp;rd=5&amp;lan=2&amp;m=-1&amp;wi=1000\">http:\/\/chess-results.com\/tnr43622.aspx?art=2&amp;rd=5&amp;lan=2&amp;m=-1&amp;wi=1000<\/a><\/span><\/p>\n<p><strong><em><u><span style=\"font-family: Verdana\">ESCOLAR INFANTIL (SUB-14, SUB-12 y SUB-10):<\/span><\/u><\/em><\/strong><br \/>\n<strong><span style=\"font-family: Verdana\">En lo que respecta a las plazas que permiten la asistencia al Campeonato del Deporte en Edad Escolar de Castilla-La Mancha, mantenemos serias opciones en el femenino con Irene Sim\u00f3n y Silvia Toribio&nbsp;(ambas con 5 puntos a 1\/2 de las 2 primeras y dentro del grupo de puntuaci\u00f3n clasificatorio), teniendo probabilidades de estar en los puestos de honor siempre y cuando venzan en sus respectivas partidas. En funci\u00f3n de ello,&nbsp;y de los puntos que obtengan las otras candidatas, pueden darse varias combinaciones incluyendo la clasificaci\u00f3n de las dos en el supuesto m\u00e1s optimista. Por otro lado, la categor\u00eda masculina a\u00fan ofrece algunas oportunidades para los hermanos Jos\u00e9 Luis y Ra\u00fal D\u00edaz, despu\u00e9s de realizar una buena actuaci\u00f3n a lo largo del torneo.&nbsp;<\/span><\/strong><br \/>\n<strong><span style=\"font-family: Verdana\">En referencia a las opciones por categor\u00edas de edad, cabe se\u00f1alar:<\/span><\/strong><br \/>\n<strong><span style=\"font-family: Verdana\">&#8211; <u>Sub-14<\/u>.- Gracias a los 5 puntos obtenidos por Jos\u00e9 Luis D\u00edaz, Ra\u00fal D\u00edaz y Silvia Toribio todo queda pendiente de lo que suceda en los 10 primeros tableros de la 8\u00aa ronda. Finalmente, Eva S\u00e1nchez, lleva 3 puntos en su primera participaci\u00f3n. <\/span><\/strong><\/p>\n<div class=\"separator\" style=\"clear: both;text-align: center\"><a href=\"https:\/\/www.bfv.cloud\/ajedrezeuropa\/wp-content\/uploads\/2011\/02\/raulrecortado.jpg\" style=\"clear: left;float: left;margin-bottom: 1em;margin-right: 1em\"><img decoding=\"async\" border=\"0\" height=\"378\" src=\"https:\/\/blogger.googleusercontent.com\/img\/b\/R29vZ2xl\/AVvXsEjjwfYvPgflJqIylcd73RNhJ7KNQyJFDitRfdT00OTw3XKkNkLpnXtXC6glXcZ0e4prPZ0WLyeEnedJFXj1RcLdyuO7kbc4zKZzxYlAuEeifiU2jBYCT3a4sfdYfapTWO2hz1VBizQLJhQ\/s400\/raul+recortado.jpg\" width=\"400\" \/><\/a><\/div>\n<div style=\"border-bottom: medium none;border-left: medium none;border-right: medium none;border-top: medium none\"><strong><span style=\"font-family: Verdana\">&#8211; <u>Sub-12<\/u>.- Al liderato en solitario de Irene Sim\u00f3n, con 5 puntos y logrado su pase a la fase regional, hay que a\u00f1adir las espectativas con las que cuenta Alba P\u00edriz en la 3\u00aa posici\u00f3n femenina con 4 puntos.&nbsp;De igual modo, Andrea S\u00e1nchez, en su inicio en una competici\u00f3n oficial suma 3 puntos.<\/span><\/strong><\/div>\n<div style=\"border-bottom: medium none;border-left: medium none;border-right: medium none;border-top: medium none\"><strong><span style=\"font-family: Verdana\">&#8211; <u>Sub-10<\/u>.- El empate a 4 puntos de los 5 primeros clasificados, unido al enfrentamiento directo entre 4 de ellos que nos ofrecer\u00e1 la \u00faltima ronda,&nbsp;hace posible que el peque\u00f1o de los Valencia, Iv\u00e1n, tenga una gran oportunidad para proclamarse campe\u00f3n provincial. El otro ni\u00f1o de nuestra escuela&nbsp;participante en el sub-10 es Alex Cristian Roman que, a pesar de haberse iniciado en el ajedrez hace tan s\u00f3lo unos meses,&nbsp;obtiene 3&nbsp;brillantes puntos hasta ahora.<\/span><\/strong><\/div>\n<div style=\"border-bottom: medium none;border-left: medium none;border-right: medium none;border-top: medium none\"><strong><span style=\"font-family: Verdana\">&#8211; <u>Sub-8<\/u>.- Una menci\u00f3n especial merece la \u00abfantasmag\u00f3rica\u00bb categor\u00eda sub-8, donde 2 de nuestras ni\u00f1as, Mar\u00eda Oliver con 3,5 puntos y Paula Velasco con 2 puntos, junto a \u00d3scar Roncero con 3 puntos, est\u00e1n realizando un campeonato magn\u00edfico en pugna con el resto de jugadores de la categor\u00eda infantil (recordemos que incluye a los ni\u00f1os y ni\u00f1as que tienen hasta 14 a\u00f1os de edad). Como es l\u00f3gico,&nbsp;ellos tres, a pesar de su corta edad,&nbsp;compiten con el resto de sus compa\u00f1eros, pero no lo hacen apartados en un seudotorneo con acceso restringido a aprendices en la curiosa modalidad de \u00abasesoramiento monitorizado\u00bb, reinventado, como no, con la mal\u00e9vola intenci\u00f3n de&nbsp;\u00abcargarse\u00bb la clasificaci\u00f3n de estos peque\u00f1os para el regional y, seg\u00fan parece, abaratar costes. A los promotores de la&nbsp;\u00abgenial\u00bb idea les propongo que se informen sobre las grandes diferencias, desde el punto de vista econ\u00f3mico, entre \u00abinversi\u00f3n\u00bb y \u00abgasto\u00bb. Tan s\u00f3lo una idea: la promoci\u00f3n del ajedrez en ni\u00f1os y ni\u00f1as a temprana edad&nbsp;es una inversi\u00f3n a futuro en el sostenimiento de nuestro maltrecho deporte, es decir, es una INVERSI\u00d3N y no un gasto suntuario, superfluo o de representaci\u00f3n. Recordemos, una vez m\u00e1s, que la categor\u00eda sub-8 est\u00e1 reconocida y promovida por la Federaci\u00f3n Internacional de Ajedrez (FIDE) y por la Federaci\u00f3n Espa\u00f1ola (FEDA), existiendo campeonatos del mundo, de Europa y de Espa\u00f1a espec\u00edficos para ni\u00f1os y ni\u00f1as de hasta 8 a\u00f1os de edad. Sin embargo, la Federaci\u00f3n de Castilla-La Mancha y su delegaci\u00f3n en Toledo no contemplan concretamente a estos peque\u00f1os y peque\u00f1as ajedrecistas que son el futuro de nuestro deporte.&nbsp; Por el contrario, s\u00ed apoyan organizativa y econ\u00f3micamente una categor\u00eda tan \u00abpromocionable\u00bb como la de veteranos, ya que de todos es sabido que estos se\u00f1ores de 60, 70 u 80 a\u00f1os tienen mayor esperanza de vida y menor capacidad econ\u00f3mica que&nbsp;un ni\u00f1o o una ni\u00f1a de 6, 7 u 8 a\u00f1os de edad.<\/span><\/strong><\/div>\n<div style=\"border-bottom: medium none;border-left: medium none;border-right: medium none;border-top: medium none\"><span style=\"font-family: Verdana\">Clasificaci\u00f3n provisional y emparejamiento 8\u00aa ronda: <a href=\"http:\/\/chess-results.com\/tnr43695.aspx?art=2&amp;rd=8&amp;lan=2&amp;m=-1&amp;wi=1000\">http:\/\/chess-results.com\/tnr43695.aspx?art=2&amp;rd=8&amp;lan=2&amp;m=-1&amp;wi=1000<\/a><\/span><\/div>\n<div style=\"border-bottom: medium none;border-left: medium none;border-right: medium none;border-top: medium none\">\n<\/div>\n","protected":false},"excerpt":{"rendered":"<p>Disputadas el s\u00e1bado las rondas 6\u00aa y 7\u00aa en el infantil y la 5\u00aa en la categor\u00eda cadete, nada ha quedado decidido y ser\u00e1 la \u00faltima ronda, que se jugar\u00e1 el d\u00eda 19 de febrero, la que ofrezca los 12 jugadores (3 chicos y 3 chicas del infantil e igual n\u00famero en el cadete), que [&hellip;]<\/p>\n","protected":false},"author":1,"featured_media":3651,"comment_status":"open","ping_status":"closed","sticky":false,"template":"","format":"standard","meta":{"footnotes":""},"categories":[1],"tags":[],"class_list":["post-3650","post","type-post","status-publish","format-standard","has-post-thumbnail","hentry","category-noticias"],"_links":{"self":[{"href":"https:\/\/www.bfv.cloud\/ajedrezeuropa\/wp-json\/wp\/v2\/posts\/3650","targetHints":{"allow":["GET"]}}],"collection":[{"href":"https:\/\/www.bfv.cloud\/ajedrezeuropa\/wp-json\/wp\/v2\/posts"}],"about":[{"href":"https:\/\/www.bfv.cloud\/ajedrezeuropa\/wp-json\/wp\/v2\/types\/post"}],"author":[{"embeddable":true,"href":"https:\/\/www.bfv.cloud\/ajedrezeuropa\/wp-json\/wp\/v2\/users\/1"}],"replies":[{"embeddable":true,"href":"https:\/\/www.bfv.cloud\/ajedrezeuropa\/wp-json\/wp\/v2\/comments?post=3650"}],"version-history":[{"count":1,"href":"https:\/\/www.bfv.cloud\/ajedrezeuropa\/wp-json\/wp\/v2\/posts\/3650\/revisions"}],"predecessor-version":[{"id":3653,"href":"https:\/\/www.bfv.cloud\/ajedrezeuropa\/wp-json\/wp\/v2\/posts\/3650\/revisions\/3653"}],"wp:featuredmedia":[{"embeddable":true,"href":"https:\/\/www.bfv.cloud\/ajedrezeuropa\/wp-json\/wp\/v2\/media\/3651"}],"wp:attachment":[{"href":"https:\/\/www.bfv.cloud\/ajedrezeuropa\/wp-json\/wp\/v2\/media?parent=3650"}],"wp:term":[{"taxonomy":"category","embeddable":true,"href":"https:\/\/www.bfv.cloud\/ajedrezeuropa\/wp-json\/wp\/v2\/categories?post=3650"},{"taxonomy":"post_tag","embeddable":true,"href":"https:\/\/www.bfv.cloud\/ajedrezeuropa\/wp-json\/wp\/v2\/tags?post=3650"}],"curies":[{"name":"wp","href":"https:\/\/api.w.org\/{rel}","templated":true}]}}