{"id":3654,"date":"2012-07-23T22:48:00","date_gmt":"2012-07-23T22:48:00","guid":{"rendered":"https:\/\/www.bfv.cloud\/ajedrezeuropa\/index.php\/2012\/07\/23\/a-partir-de-las-930-de-la-manana-2a-ronda-del-regional-por-equipos-s-16\/"},"modified":"2025-11-20T11:05:46","modified_gmt":"2025-11-20T11:05:46","slug":"a-partir-de-las-930-de-la-manana-2a-ronda-del-regional-por-equipos-s-16","status":"publish","type":"post","link":"https:\/\/www.bfv.cloud\/ajedrezeuropa\/a-partir-de-las-930-de-la-manana-2a-ronda-del-regional-por-equipos-s-16\/","title":{"rendered":"A PARTIR DE LAS 9,30 DE LA MA\u00d1ANA 2\u00aa RONDA DEL REGIONAL POR EQUIPOS S-16"},"content":{"rendered":"<table cellpadding=\"0\" cellspacing=\"0\" class=\"tr-caption-container\" style=\"float: left;margin-right: 1em;text-align: left\">\n<tbody>\n<tr>\n<td style=\"text-align: center\"><a href=\"https:\/\/www.bfv.cloud\/ajedrezeuropa\/wp-content\/uploads\/2012\/07\/fotoscampeonatoregionalS-162012003.jpg\" style=\"clear: left;margin-bottom: 1em;margin-left: auto;margin-right: auto\"><img fetchpriority=\"high\" decoding=\"async\" border=\"0\" height=\"300\" src=\"https:\/\/blogger.googleusercontent.com\/img\/b\/R29vZ2xl\/AVvXsEhEAfsuYg0xsi9xpfkumUk7dXriqct0etbC3RIQ-WK8rklhYJIMpVQmOm-OrEZuDoHyrXlUQ_nhbkGRMqxUL5XTO0sl6eEdxv8DlVZ6WhSTWhiYFA5XNZ3SGXowIiQQbDQhunGYViGWkd4\/s400\/fotos+campeonato+regional+S-16+2012+003.jpg\" width=\"400\" \/><\/a><\/td>\n<\/tr>\n<tr>\n<td class=\"tr-caption\" style=\"text-align: center\">Nuestro equipo en el regional sub-16 de Cuenca.<br \/>\nDe izqda. a dcha., arriba: Carlos, Daniel (entrenador) e Isaac;<br \/>\nabajo: Leo, Irene y Silvia<\/td>\n<\/tr>\n<\/tbody>\n<\/table>\n<p>&nbsp;<span style=\"color: #274e13;font-family: Arial, Helvetica, sans-serif\">Tras la 1\u00aa ronda del Campeonato Regional por Equipos Sub-16, nuestro equipo lidera la clasificaci\u00f3n provisional, junto al del club de Bargas, tras imponerse por el mismo resultado:&nbsp;3,5 a 0,5 a la Pe\u00f1a Ajedrec\u00edstica Conquense y el Club Ateneo, respectivamente. Hoy martes, a partir de las 9,30 de la ma\u00f1ana se jugar\u00e1 la 2\u00aa ronda que nos enfrentar\u00e1 precisamente al equipo bargue\u00f1o. El resto de encuentros se saldaron con la victoria 3 a 1 de Tomelloso sobre Cuenca 2016 y el empate a 2 de Almansa con Almagro.<\/span><br \/>\n<span style=\"color: #274e13;font-family: Arial\">Una vez finalizadas las 2 rondas de este martes os seguiremos informando de los resultados y clasificaciones que deparen las partidas.<\/span> <\/p>\n<table cellpadding=\"0\" cellspacing=\"0\" class=\"tr-caption-container\" style=\"float: left;margin-right: 1em;text-align: left\">\n<tbody>\n<tr>\n<td style=\"text-align: center\"><a href=\"https:\/\/www.bfv.cloud\/ajedrezeuropa\/wp-content\/uploads\/2012\/07\/fotoscampeonatoregionalS-162012006.jpg\" style=\"clear: left;margin-bottom: 1em;margin-left: auto;margin-right: auto\"><img decoding=\"async\" border=\"0\" height=\"300\" src=\"https:\/\/blogger.googleusercontent.com\/img\/b\/R29vZ2xl\/AVvXsEgEdiLKL4Ke9u2x4hfgEvkLTrI1eSIaxO7XtO2oaeAqmBM_eW9V20061k85ER0SPcjRuHnblhAtSJjpuQyjsVR_i6Wf9vZW-OxiCxj8gKfWr0Uno4vQSCR1EUozISGgK-toR1sdT1mndQM\/s400\/fotos+campeonato+regional+S-16+2012+006.jpg\" width=\"400\" \/><\/a><\/td>\n<\/tr>\n<tr>\n<td class=\"tr-caption\" style=\"text-align: center\">Momentos previos al comienzo de la ronda 1 que nos enfrenta a la <br \/>\nPe\u00f1a Ajedrec\u00edstica Conquense<\/td>\n<\/tr>\n<\/tbody>\n<\/table>\n<p>&nbsp;<span style=\"color: #274e13;font-family: Arial, Helvetica, sans-serif\">Tambi\u00e9n aprovechamos para recordaros que el plazo de inscripciones para el V campus de verano concluye el jueves 26 de julio, a la vez que os animamos a seguir la trayectoria de nuestro equipo en este regional y a la participaci\u00f3n en nuestro \u00abmuy especial\u00bb campus de ajedrez.<\/span><\/p>\n<p><span style=\"color: #274e13;font-family: Arial\">Aqu\u00ed ten\u00e9is el enlace para seguir la ronda 2:<\/span><\/p>\n<h4 style=\"text-align: center\"><a href=\"http:\/\/chess-results.com\/tnr77326.aspx?art=3&amp;rd=2&amp;lan=2\"><span style=\"color: #4c1130;font-size: large\">Resultados ronda 2<\/span><\/a><\/h4>\n<p>\ufeff <\/p>\n<table align=\"center\" cellpadding=\"0\" cellspacing=\"0\" class=\"tr-caption-container\" style=\"margin-left: auto;margin-right: auto;text-align: center\">\n<tbody>\n<tr>\n<td style=\"text-align: center\"><a href=\"https:\/\/www.bfv.cloud\/ajedrezeuropa\/wp-content\/uploads\/2012\/07\/fotoscampeonatoregionalS-162012004.jpg\" style=\"margin-left: auto;margin-right: auto\"><img decoding=\"async\" border=\"0\" height=\"300\" src=\"https:\/\/blogger.googleusercontent.com\/img\/b\/R29vZ2xl\/AVvXsEgy136_HBJ0leBUu1LkAe-IVvlU1BHeJZn8TjLbTQJ4e79CSghqQ9geYs3pWs-25Qb_UNJSGDUHhhH_oLubI_CuNSxgAsgca18QUOTQUBxXsYTQINYWLciuyveEUC6JAYSfIqc-xbtNMa8\/s400\/fotos+campeonato+regional+S-16+2012+004.jpg\" width=\"400\" \/><\/a><\/td>\n<\/tr>\n<tr>\n<td class=\"tr-caption\" style=\"text-align: center\">En el primer enfrentamiento defienden los tableros 3 y 4 de<br \/>\nNuestro Ajedrez en Europa Silvia e Irene<\/td>\n<\/tr>\n<\/tbody>\n<\/table>\n<p>\ufeff<\/p>\n","protected":false},"excerpt":{"rendered":"<p>Nuestro equipo en el regional sub-16 de Cuenca. De izqda. a dcha., arriba: Carlos, Daniel (entrenador) e Isaac; abajo: Leo, Irene y Silvia &nbsp;Tras la 1\u00aa ronda del Campeonato Regional por Equipos Sub-16, nuestro equipo lidera la clasificaci\u00f3n provisional, junto al del club de Bargas, tras imponerse por el mismo resultado:&nbsp;3,5 a 0,5 a la [&hellip;]<\/p>\n","protected":false},"author":1,"featured_media":3655,"comment_status":"open","ping_status":"closed","sticky":false,"template":"","format":"standard","meta":{"footnotes":""},"categories":[1],"tags":[],"class_list":["post-3654","post","type-post","status-publish","format-standard","has-post-thumbnail","hentry","category-noticias"],"_links":{"self":[{"href":"https:\/\/www.bfv.cloud\/ajedrezeuropa\/wp-json\/wp\/v2\/posts\/3654","targetHints":{"allow":["GET"]}}],"collection":[{"href":"https:\/\/www.bfv.cloud\/ajedrezeuropa\/wp-json\/wp\/v2\/posts"}],"about":[{"href":"https:\/\/www.bfv.cloud\/ajedrezeuropa\/wp-json\/wp\/v2\/types\/post"}],"author":[{"embeddable":true,"href":"https:\/\/www.bfv.cloud\/ajedrezeuropa\/wp-json\/wp\/v2\/users\/1"}],"replies":[{"embeddable":true,"href":"https:\/\/www.bfv.cloud\/ajedrezeuropa\/wp-json\/wp\/v2\/comments?post=3654"}],"version-history":[{"count":1,"href":"https:\/\/www.bfv.cloud\/ajedrezeuropa\/wp-json\/wp\/v2\/posts\/3654\/revisions"}],"predecessor-version":[{"id":3658,"href":"https:\/\/www.bfv.cloud\/ajedrezeuropa\/wp-json\/wp\/v2\/posts\/3654\/revisions\/3658"}],"wp:featuredmedia":[{"embeddable":true,"href":"https:\/\/www.bfv.cloud\/ajedrezeuropa\/wp-json\/wp\/v2\/media\/3655"}],"wp:attachment":[{"href":"https:\/\/www.bfv.cloud\/ajedrezeuropa\/wp-json\/wp\/v2\/media?parent=3654"}],"wp:term":[{"taxonomy":"category","embeddable":true,"href":"https:\/\/www.bfv.cloud\/ajedrezeuropa\/wp-json\/wp\/v2\/categories?post=3654"},{"taxonomy":"post_tag","embeddable":true,"href":"https:\/\/www.bfv.cloud\/ajedrezeuropa\/wp-json\/wp\/v2\/tags?post=3654"}],"curies":[{"name":"wp","href":"https:\/\/api.w.org\/{rel}","templated":true}]}}